{"id":10960,"date":"2022-04-02T11:11:41","date_gmt":"2022-04-02T14:11:41","guid":{"rendered":"https:\/\/colegiomontessori.cl\/wp2\/?p=10960"},"modified":"2022-04-02T11:13:15","modified_gmt":"2022-04-02T14:13:15","slug":"2-de-abril-dia-de-la-concientizacion-del-autismo","status":"publish","type":"post","link":"https:\/\/colegiomontessori.cl\/wp2\/2022\/04\/02\/2-de-abril-dia-de-la-concientizacion-del-autismo\/","title":{"rendered":"2 de Abril: D\u00eda de la Concientizaci\u00f3n del Autismo"},"content":{"rendered":"\n<p><strong>Hoy 2 de abril se conmemora a nivel mundial el \u201cD\u00eda de la Concientizaci\u00f3n del Autismo\u201d y desde el Programa de Integraci\u00f3n Escolar de nuestro Colegio, la psic\u00f3loga Cecilia Quijada Rivas nos explica m\u00e1s sobre este tema.<\/strong><\/p>\n\n\n\n<p><strong>\u00bfQu\u00e9 es el autismo?<\/strong><\/p>\n\n\n\n<p>Es una condici\u00f3n del neurodesarrollo, que se manifiesta a trav\u00e9s de un espectro, ya que puede evidenciarse con una&nbsp;gran variedad de intensidad&nbsp;y caracter\u00edsticas diferentes,&nbsp;pero&nbsp;manteniendo algunos rasgos en com\u00fan, los cuales siempre est\u00e1n relacionados a las&nbsp;caracter\u00edsticas individuales e intereses personales.<\/p>\n\n\n\n<p><strong>\u00bfC\u00f3mo lo podemos reconocer?<\/strong><\/p>\n\n\n\n<p>Las personas dentro del espectro del autismo son individuos como cualquiera de nosotros, con&nbsp;diferencias, sin embargo, comparten algunas caracter\u00edsticas en com\u00fan, que se presentan en mayor o menor medida, por eso hablamos de un espectro. Tales caracter\u00edsticas, se pueden presentar a trav\u00e9s de desaf\u00edos en la integraci\u00f3n sensorial, motricidad, comunicaci\u00f3n e interacci\u00f3n social, la flexibilidad del pensamiento y de la conducta. Desaf\u00edos que con el apoyo de cada uno de nosotros pueden desarrollarse y convertirse en grandes atributos y fortalezas.<\/p>\n\n\n\n<p><strong>\u00bfCu\u00e1l es la mejor forma de incluir a una persona autista?<\/strong><\/p>\n\n\n\n<p>Valorando la diferencia sin prejuicios, desde la aceptaci\u00f3n, ya que todos somos diferentes.&nbsp;<\/p>\n\n\n\n<p>Conociendo&nbsp;su individualidad m\u00e1s all\u00e1 que su condici\u00f3n, empatizando y comprendiendo aquellos aspectos que puedan generarles irritabilidad, como cambios sin anticipar en su rutina, falta de estructuraci\u00f3n en actividades o un ambiente con demasiados est\u00edmulos sensoriales.&nbsp;<\/p>\n\n\n\n<p>Tambi\u00e9n utilizando un lenguaje concreto (evitando lenguaje figurativo), preguntando acerca de sus intereses o qu\u00e9 les ayuda a sentirse mejor, conociendo sus fortalezas y aspectos a potenciar, invit\u00e1ndolos a participar en juegos o actividades y todas las maneras de interacci\u00f3n basadas en la colaboraci\u00f3n, confianza, respeto y valor a la diversidad.<\/p>\n\n\n\n<figure class=\"wp-block-image size-full is-resized\"><img loading=\"lazy\" decoding=\"async\" src=\"https:\/\/colegiomontessori.cl\/wp2\/wp-content\/uploads\/2022\/04\/psicologa-pie.jpg\" alt=\"\" class=\"wp-image-10962\" width=\"299\" height=\"293\" srcset=\"https:\/\/colegiomontessori.cl\/wp2\/wp-content\/uploads\/2022\/04\/psicologa-pie.jpg 597w, https:\/\/colegiomontessori.cl\/wp2\/wp-content\/uploads\/2022\/04\/psicologa-pie-300x294.jpg 300w\" sizes=\"auto, (max-width: 299px) 100vw, 299px\" \/><figcaption><em>Cecilia Quijada, Psic\u00f3loga PIE.<\/em><\/figcaption><\/figure>\n","protected":false},"excerpt":{"rendered":"<p>Hoy 2 de abril se conmemora a nivel mundial el \u201cD\u00eda de la Concientizaci\u00f3n del Autismo\u201d y desde el Programa de Integraci\u00f3n Escolar de nuestro Colegio, la psic\u00f3loga Cecilia Quijada Rivas nos explica m\u00e1s sobre este tema. \u00bfQu\u00e9 es el autismo? Es una condici\u00f3n del neurodesarrollo, que se manifiesta a trav\u00e9s de un espectro, ya &hellip;<\/p>\n<p class=\"read-more\"> <a class=\"\" href=\"https:\/\/colegiomontessori.cl\/wp2\/2022\/04\/02\/2-de-abril-dia-de-la-concientizacion-del-autismo\/\"> <span class=\"screen-reader-text\">2 de Abril: D\u00eda de la Concientizaci\u00f3n del Autismo<\/span> Leer m\u00e1s &raquo;<\/a><\/p>\n","protected":false},"author":2,"featured_media":10964,"comment_status":"closed","ping_status":"open","sticky":false,"template":"","format":"standard","meta":{"footnotes":""},"categories":[29],"tags":[],"class_list":["post-10960","post","type-post","status-publish","format-standard","has-post-thumbnail","hentry","category-inclusion"],"_links":{"self":[{"href":"https:\/\/colegiomontessori.cl\/wp2\/wp-json\/wp\/v2\/posts\/10960","targetHints":{"allow":["GET"]}}],"collection":[{"href":"https:\/\/colegiomontessori.cl\/wp2\/wp-json\/wp\/v2\/posts"}],"about":[{"href":"https:\/\/colegiomontessori.cl\/wp2\/wp-json\/wp\/v2\/types\/post"}],"author":[{"embeddable":true,"href":"https:\/\/colegiomontessori.cl\/wp2\/wp-json\/wp\/v2\/users\/2"}],"replies":[{"embeddable":true,"href":"https:\/\/colegiomontessori.cl\/wp2\/wp-json\/wp\/v2\/comments?post=10960"}],"version-history":[{"count":2,"href":"https:\/\/colegiomontessori.cl\/wp2\/wp-json\/wp\/v2\/posts\/10960\/revisions"}],"predecessor-version":[{"id":10965,"href":"https:\/\/colegiomontessori.cl\/wp2\/wp-json\/wp\/v2\/posts\/10960\/revisions\/10965"}],"wp:featuredmedia":[{"embeddable":true,"href":"https:\/\/colegiomontessori.cl\/wp2\/wp-json\/wp\/v2\/media\/10964"}],"wp:attachment":[{"href":"https:\/\/colegiomontessori.cl\/wp2\/wp-json\/wp\/v2\/media?parent=10960"}],"wp:term":[{"taxonomy":"category","embeddable":true,"href":"https:\/\/colegiomontessori.cl\/wp2\/wp-json\/wp\/v2\/categories?post=10960"},{"taxonomy":"post_tag","embeddable":true,"href":"https:\/\/colegiomontessori.cl\/wp2\/wp-json\/wp\/v2\/tags?post=10960"}],"curies":[{"name":"wp","href":"https:\/\/api.w.org\/{rel}","templated":true}]}}