{"id":11903,"date":"2022-05-10T10:43:37","date_gmt":"2022-05-10T14:43:37","guid":{"rendered":"https:\/\/colegiomontessori.cl\/wp2\/?p=11903"},"modified":"2022-05-12T17:55:01","modified_gmt":"2022-05-12T21:55:01","slug":"primera-jornada-nacional-hacia-una-educacion-no-sexista","status":"publish","type":"post","link":"https:\/\/colegiomontessori.cl\/wp2\/2022\/05\/10\/primera-jornada-nacional-hacia-una-educacion-no-sexista\/","title":{"rendered":"Primera Jornada Nacional hacia una Educaci\u00f3n No Sexista"},"content":{"rendered":"\n<p><strong>Actividad de reflexi\u00f3n impulsada por el Ministerio de Educaci\u00f3n y coordinada por Convivencia Escolar en conjunto con el \u00e1rea Acad\u00e9mica tuvo como protagonistas a los estudiantes de 7\u00b0 b\u00e1sico a 4\u00b0 a\u00f1o medio.<\/strong><\/p>\n\n\n\n<p>Abrir un espacio de di\u00e1logo y encuentro para iniciar un proceso de sensibilizaci\u00f3n y transformaci\u00f3n de las pr\u00e1cticas sexistas con la comunidad educativa, buscando restaurar las confianzas, a trav\u00e9s de la contenci\u00f3n y acogida de estudiantes, docentes y asistentes de la educaci\u00f3n. Este fue el objetivo del \u201cPrimera Jornada Nacional hacia una Educaci\u00f3n No Sexista\u201d, actividad impulsada por el Ministerio de Educaci\u00f3n en la cual nuestro colegio se hizo presente con sus profesores jefes y estudiantes de 7\u00b0 b\u00e1sico a 4\u00b0 a\u00f1o medio de la Jornada Ma\u00f1ana.<\/p>\n\n\n\n<figure class=\"wp-block-audio\"><audio controls src=\"https:\/\/colegiomontessori.cl\/wp2\/wp-content\/uploads\/2022\/05\/audio-luis-vergara.mp3\"><\/audio><figcaption><em>Audio. Guillermo Vergara, Director Acad\u00e9mico (S)<\/em><\/figcaption><\/figure>\n\n\n\n<p>A trav\u00e9s de dos bloques, la jornada busc\u00f3 \u201cmovilizar reflexiones que permitan a las y los estudiantes pensar la escuela que queremos, una escuela libre de discriminaciones y sesgos de g\u00e9nero, una escuela justa. Repensar y redefinir la escuela como un espacio para sentirse protegidos, respetados, libres y felices\u201d.<\/p>\n\n\n\n<figure class=\"wp-block-gallery has-nested-images columns-2 is-cropped wp-block-gallery-1 is-layout-flex wp-block-gallery-is-layout-flex\">\n<figure class=\"wp-block-image size-large\"><a href=\"https:\/\/colegiomontessori.cl\/wp2\/wp-content\/uploads\/2022\/05\/jornada-no-sexista-1.jpg\"><img loading=\"lazy\" decoding=\"async\" width=\"900\" height=\"600\" data-id=\"11906\" src=\"https:\/\/colegiomontessori.cl\/wp2\/wp-content\/uploads\/2022\/05\/jornada-no-sexista-1.jpg\" alt=\"\" class=\"wp-image-11906\" srcset=\"https:\/\/colegiomontessori.cl\/wp2\/wp-content\/uploads\/2022\/05\/jornada-no-sexista-1.jpg 900w, https:\/\/colegiomontessori.cl\/wp2\/wp-content\/uploads\/2022\/05\/jornada-no-sexista-1-300x200.jpg 300w, https:\/\/colegiomontessori.cl\/wp2\/wp-content\/uploads\/2022\/05\/jornada-no-sexista-1-768x512.jpg 768w, https:\/\/colegiomontessori.cl\/wp2\/wp-content\/uploads\/2022\/05\/jornada-no-sexista-1-391x260.jpg 391w\" sizes=\"auto, (max-width: 900px) 100vw, 900px\" \/><\/a><\/figure>\n\n\n\n<figure class=\"wp-block-image size-large\"><a href=\"https:\/\/colegiomontessori.cl\/wp2\/wp-content\/uploads\/2022\/05\/jornada-no-sexista-2.jpg\"><img loading=\"lazy\" decoding=\"async\" width=\"900\" height=\"600\" data-id=\"11908\" src=\"https:\/\/colegiomontessori.cl\/wp2\/wp-content\/uploads\/2022\/05\/jornada-no-sexista-2.jpg\" alt=\"\" class=\"wp-image-11908\" srcset=\"https:\/\/colegiomontessori.cl\/wp2\/wp-content\/uploads\/2022\/05\/jornada-no-sexista-2.jpg 900w, https:\/\/colegiomontessori.cl\/wp2\/wp-content\/uploads\/2022\/05\/jornada-no-sexista-2-300x200.jpg 300w, https:\/\/colegiomontessori.cl\/wp2\/wp-content\/uploads\/2022\/05\/jornada-no-sexista-2-768x512.jpg 768w, https:\/\/colegiomontessori.cl\/wp2\/wp-content\/uploads\/2022\/05\/jornada-no-sexista-2-391x260.jpg 391w\" sizes=\"auto, (max-width: 900px) 100vw, 900px\" \/><\/a><\/figure>\n\n\n\n<figure class=\"wp-block-image size-large\"><a href=\"https:\/\/colegiomontessori.cl\/wp2\/wp-content\/uploads\/2022\/05\/jornada-no-sexista-3.jpg\"><img loading=\"lazy\" decoding=\"async\" width=\"900\" height=\"600\" data-id=\"11912\" src=\"https:\/\/colegiomontessori.cl\/wp2\/wp-content\/uploads\/2022\/05\/jornada-no-sexista-3.jpg\" alt=\"\" class=\"wp-image-11912\" srcset=\"https:\/\/colegiomontessori.cl\/wp2\/wp-content\/uploads\/2022\/05\/jornada-no-sexista-3.jpg 900w, https:\/\/colegiomontessori.cl\/wp2\/wp-content\/uploads\/2022\/05\/jornada-no-sexista-3-300x200.jpg 300w, https:\/\/colegiomontessori.cl\/wp2\/wp-content\/uploads\/2022\/05\/jornada-no-sexista-3-768x512.jpg 768w, https:\/\/colegiomontessori.cl\/wp2\/wp-content\/uploads\/2022\/05\/jornada-no-sexista-3-391x260.jpg 391w\" sizes=\"auto, (max-width: 900px) 100vw, 900px\" \/><\/a><\/figure>\n\n\n\n<figure class=\"wp-block-image size-large\"><a href=\"https:\/\/colegiomontessori.cl\/wp2\/wp-content\/uploads\/2022\/05\/jornada-no-sexista-4.jpg\"><img loading=\"lazy\" decoding=\"async\" width=\"900\" height=\"600\" data-id=\"11909\" src=\"https:\/\/colegiomontessori.cl\/wp2\/wp-content\/uploads\/2022\/05\/jornada-no-sexista-4.jpg\" alt=\"\" class=\"wp-image-11909\" srcset=\"https:\/\/colegiomontessori.cl\/wp2\/wp-content\/uploads\/2022\/05\/jornada-no-sexista-4.jpg 900w, https:\/\/colegiomontessori.cl\/wp2\/wp-content\/uploads\/2022\/05\/jornada-no-sexista-4-300x200.jpg 300w, https:\/\/colegiomontessori.cl\/wp2\/wp-content\/uploads\/2022\/05\/jornada-no-sexista-4-768x512.jpg 768w, https:\/\/colegiomontessori.cl\/wp2\/wp-content\/uploads\/2022\/05\/jornada-no-sexista-4-391x260.jpg 391w\" sizes=\"auto, (max-width: 900px) 100vw, 900px\" \/><\/a><\/figure>\n\n\n\n<figure class=\"wp-block-image size-large\"><a href=\"https:\/\/colegiomontessori.cl\/wp2\/wp-content\/uploads\/2022\/05\/jornada-no-sexista-5.jpg\"><img loading=\"lazy\" decoding=\"async\" width=\"900\" height=\"600\" data-id=\"11910\" src=\"https:\/\/colegiomontessori.cl\/wp2\/wp-content\/uploads\/2022\/05\/jornada-no-sexista-5.jpg\" alt=\"\" class=\"wp-image-11910\" srcset=\"https:\/\/colegiomontessori.cl\/wp2\/wp-content\/uploads\/2022\/05\/jornada-no-sexista-5.jpg 900w, https:\/\/colegiomontessori.cl\/wp2\/wp-content\/uploads\/2022\/05\/jornada-no-sexista-5-300x200.jpg 300w, https:\/\/colegiomontessori.cl\/wp2\/wp-content\/uploads\/2022\/05\/jornada-no-sexista-5-768x512.jpg 768w, https:\/\/colegiomontessori.cl\/wp2\/wp-content\/uploads\/2022\/05\/jornada-no-sexista-5-391x260.jpg 391w\" sizes=\"auto, (max-width: 900px) 100vw, 900px\" \/><\/a><\/figure>\n\n\n\n<figure class=\"wp-block-image size-large\"><a href=\"https:\/\/colegiomontessori.cl\/wp2\/wp-content\/uploads\/2022\/05\/jornada-no-sexista-6.jpg\"><img loading=\"lazy\" decoding=\"async\" width=\"900\" height=\"600\" data-id=\"11911\" src=\"https:\/\/colegiomontessori.cl\/wp2\/wp-content\/uploads\/2022\/05\/jornada-no-sexista-6.jpg\" alt=\"\" class=\"wp-image-11911\" srcset=\"https:\/\/colegiomontessori.cl\/wp2\/wp-content\/uploads\/2022\/05\/jornada-no-sexista-6.jpg 900w, https:\/\/colegiomontessori.cl\/wp2\/wp-content\/uploads\/2022\/05\/jornada-no-sexista-6-300x200.jpg 300w, https:\/\/colegiomontessori.cl\/wp2\/wp-content\/uploads\/2022\/05\/jornada-no-sexista-6-768x512.jpg 768w, https:\/\/colegiomontessori.cl\/wp2\/wp-content\/uploads\/2022\/05\/jornada-no-sexista-6-391x260.jpg 391w\" sizes=\"auto, (max-width: 900px) 100vw, 900px\" \/><\/a><\/figure>\n\n\n\n<figure class=\"wp-block-image size-large\"><a href=\"https:\/\/colegiomontessori.cl\/wp2\/wp-content\/uploads\/2022\/05\/jornada-no-sexista-7.jpg\"><img loading=\"lazy\" decoding=\"async\" width=\"900\" height=\"600\" data-id=\"11914\" src=\"https:\/\/colegiomontessori.cl\/wp2\/wp-content\/uploads\/2022\/05\/jornada-no-sexista-7.jpg\" alt=\"\" class=\"wp-image-11914\" srcset=\"https:\/\/colegiomontessori.cl\/wp2\/wp-content\/uploads\/2022\/05\/jornada-no-sexista-7.jpg 900w, https:\/\/colegiomontessori.cl\/wp2\/wp-content\/uploads\/2022\/05\/jornada-no-sexista-7-300x200.jpg 300w, https:\/\/colegiomontessori.cl\/wp2\/wp-content\/uploads\/2022\/05\/jornada-no-sexista-7-768x512.jpg 768w, https:\/\/colegiomontessori.cl\/wp2\/wp-content\/uploads\/2022\/05\/jornada-no-sexista-7-391x260.jpg 391w\" sizes=\"auto, (max-width: 900px) 100vw, 900px\" \/><\/a><\/figure>\n\n\n\n<figure class=\"wp-block-image size-large\"><a href=\"https:\/\/colegiomontessori.cl\/wp2\/wp-content\/uploads\/2022\/05\/jornada-no-sexista-9.jpg\"><img loading=\"lazy\" decoding=\"async\" width=\"900\" height=\"600\" data-id=\"11916\" src=\"https:\/\/colegiomontessori.cl\/wp2\/wp-content\/uploads\/2022\/05\/jornada-no-sexista-9.jpg\" alt=\"\" class=\"wp-image-11916\" srcset=\"https:\/\/colegiomontessori.cl\/wp2\/wp-content\/uploads\/2022\/05\/jornada-no-sexista-9.jpg 900w, https:\/\/colegiomontessori.cl\/wp2\/wp-content\/uploads\/2022\/05\/jornada-no-sexista-9-300x200.jpg 300w, https:\/\/colegiomontessori.cl\/wp2\/wp-content\/uploads\/2022\/05\/jornada-no-sexista-9-768x512.jpg 768w, https:\/\/colegiomontessori.cl\/wp2\/wp-content\/uploads\/2022\/05\/jornada-no-sexista-9-391x260.jpg 391w\" sizes=\"auto, (max-width: 900px) 100vw, 900px\" \/><\/a><\/figure>\n\n\n\n<figure class=\"wp-block-image size-large\"><a href=\"https:\/\/colegiomontessori.cl\/wp2\/wp-content\/uploads\/2022\/05\/jornada-no-sexista-10.jpg\"><img loading=\"lazy\" decoding=\"async\" width=\"900\" height=\"600\" data-id=\"11915\" src=\"https:\/\/colegiomontessori.cl\/wp2\/wp-content\/uploads\/2022\/05\/jornada-no-sexista-10.jpg\" alt=\"\" class=\"wp-image-11915\" srcset=\"https:\/\/colegiomontessori.cl\/wp2\/wp-content\/uploads\/2022\/05\/jornada-no-sexista-10.jpg 900w, https:\/\/colegiomontessori.cl\/wp2\/wp-content\/uploads\/2022\/05\/jornada-no-sexista-10-300x200.jpg 300w, https:\/\/colegiomontessori.cl\/wp2\/wp-content\/uploads\/2022\/05\/jornada-no-sexista-10-768x512.jpg 768w, https:\/\/colegiomontessori.cl\/wp2\/wp-content\/uploads\/2022\/05\/jornada-no-sexista-10-391x260.jpg 391w\" sizes=\"auto, (max-width: 900px) 100vw, 900px\" \/><\/a><\/figure>\n<\/figure>\n\n\n\n<figure class=\"wp-block-gallery has-nested-images columns-4 is-cropped wp-block-gallery-2 is-layout-flex wp-block-gallery-is-layout-flex\">\n<figure class=\"wp-block-image size-large\"><a href=\"https:\/\/colegiomontessori.cl\/wp2\/wp-content\/uploads\/2022\/05\/afiche-jornada-no-sexista-1.jpg\"><img loading=\"lazy\" decoding=\"async\" width=\"675\" height=\"900\" data-id=\"11918\" src=\"https:\/\/colegiomontessori.cl\/wp2\/wp-content\/uploads\/2022\/05\/afiche-jornada-no-sexista-1.jpg\" alt=\"\" class=\"wp-image-11918\" srcset=\"https:\/\/colegiomontessori.cl\/wp2\/wp-content\/uploads\/2022\/05\/afiche-jornada-no-sexista-1.jpg 675w, https:\/\/colegiomontessori.cl\/wp2\/wp-content\/uploads\/2022\/05\/afiche-jornada-no-sexista-1-225x300.jpg 225w, https:\/\/colegiomontessori.cl\/wp2\/wp-content\/uploads\/2022\/05\/afiche-jornada-no-sexista-1-300x400.jpg 300w\" sizes=\"auto, (max-width: 675px) 100vw, 675px\" \/><\/a><\/figure>\n\n\n\n<figure class=\"wp-block-image size-large\"><a href=\"https:\/\/colegiomontessori.cl\/wp2\/wp-content\/uploads\/2022\/05\/afiche-jornada-no-sexista-2.jpg\"><img loading=\"lazy\" decoding=\"async\" width=\"900\" height=\"1200\" data-id=\"11919\" src=\"https:\/\/colegiomontessori.cl\/wp2\/wp-content\/uploads\/2022\/05\/afiche-jornada-no-sexista-2.jpg\" alt=\"\" class=\"wp-image-11919\" srcset=\"https:\/\/colegiomontessori.cl\/wp2\/wp-content\/uploads\/2022\/05\/afiche-jornada-no-sexista-2.jpg 900w, https:\/\/colegiomontessori.cl\/wp2\/wp-content\/uploads\/2022\/05\/afiche-jornada-no-sexista-2-225x300.jpg 225w, https:\/\/colegiomontessori.cl\/wp2\/wp-content\/uploads\/2022\/05\/afiche-jornada-no-sexista-2-768x1024.jpg 768w, https:\/\/colegiomontessori.cl\/wp2\/wp-content\/uploads\/2022\/05\/afiche-jornada-no-sexista-2-300x400.jpg 300w\" sizes=\"auto, (max-width: 900px) 100vw, 900px\" \/><\/a><\/figure>\n\n\n\n<figure class=\"wp-block-image size-large\"><a href=\"https:\/\/colegiomontessori.cl\/wp2\/wp-content\/uploads\/2022\/05\/afiche-jornada-no-sexista-3.jpg\"><img loading=\"lazy\" decoding=\"async\" width=\"900\" height=\"675\" data-id=\"11920\" src=\"https:\/\/colegiomontessori.cl\/wp2\/wp-content\/uploads\/2022\/05\/afiche-jornada-no-sexista-3.jpg\" alt=\"\" class=\"wp-image-11920\" srcset=\"https:\/\/colegiomontessori.cl\/wp2\/wp-content\/uploads\/2022\/05\/afiche-jornada-no-sexista-3.jpg 900w, https:\/\/colegiomontessori.cl\/wp2\/wp-content\/uploads\/2022\/05\/afiche-jornada-no-sexista-3-300x225.jpg 300w, https:\/\/colegiomontessori.cl\/wp2\/wp-content\/uploads\/2022\/05\/afiche-jornada-no-sexista-3-768x576.jpg 768w\" sizes=\"auto, (max-width: 900px) 100vw, 900px\" \/><\/a><\/figure>\n\n\n\n<figure class=\"wp-block-image size-large\"><a href=\"https:\/\/colegiomontessori.cl\/wp2\/wp-content\/uploads\/2022\/05\/afiche-jornada-no-sexista-4-e1652193791995.jpg\"><img loading=\"lazy\" decoding=\"async\" width=\"675\" height=\"900\" data-id=\"11921\" src=\"https:\/\/colegiomontessori.cl\/wp2\/wp-content\/uploads\/2022\/05\/afiche-jornada-no-sexista-4-e1652193791995.jpg\" alt=\"\" class=\"wp-image-11921\" srcset=\"https:\/\/colegiomontessori.cl\/wp2\/wp-content\/uploads\/2022\/05\/afiche-jornada-no-sexista-4-e1652193791995.jpg 675w, https:\/\/colegiomontessori.cl\/wp2\/wp-content\/uploads\/2022\/05\/afiche-jornada-no-sexista-4-e1652193791995-225x300.jpg 225w, https:\/\/colegiomontessori.cl\/wp2\/wp-content\/uploads\/2022\/05\/afiche-jornada-no-sexista-4-e1652193791995-300x400.jpg 300w\" sizes=\"auto, (max-width: 675px) 100vw, 675px\" \/><\/a><\/figure>\n<\/figure>\n","protected":false},"excerpt":{"rendered":"<p>Actividad de reflexi\u00f3n impulsada por el Ministerio de Educaci\u00f3n y coordinada por Convivencia Escolar en conjunto con el \u00e1rea Acad\u00e9mica tuvo como protagonistas a los estudiantes de 7\u00b0 b\u00e1sico a 4\u00b0 a\u00f1o medio. Abrir un espacio de di\u00e1logo y encuentro para iniciar un proceso de sensibilizaci\u00f3n y transformaci\u00f3n de las pr\u00e1cticas sexistas con la comunidad &hellip;<\/p>\n<p class=\"read-more\"> <a class=\"\" href=\"https:\/\/colegiomontessori.cl\/wp2\/2022\/05\/10\/primera-jornada-nacional-hacia-una-educacion-no-sexista\/\"> <span class=\"screen-reader-text\">Primera Jornada Nacional hacia una Educaci\u00f3n No Sexista<\/span> Leer m\u00e1s &raquo;<\/a><\/p>\n","protected":false},"author":2,"featured_media":11913,"comment_status":"closed","ping_status":"open","sticky":false,"template":"","format":"standard","meta":{"footnotes":""},"categories":[21,22],"tags":[],"class_list":["post-11903","post","type-post","status-publish","format-standard","has-post-thumbnail","hentry","category-area-academica","category-convivencia-escolar"],"_links":{"self":[{"href":"https:\/\/colegiomontessori.cl\/wp2\/wp-json\/wp\/v2\/posts\/11903","targetHints":{"allow":["GET"]}}],"collection":[{"href":"https:\/\/colegiomontessori.cl\/wp2\/wp-json\/wp\/v2\/posts"}],"about":[{"href":"https:\/\/colegiomontessori.cl\/wp2\/wp-json\/wp\/v2\/types\/post"}],"author":[{"embeddable":true,"href":"https:\/\/colegiomontessori.cl\/wp2\/wp-json\/wp\/v2\/users\/2"}],"replies":[{"embeddable":true,"href":"https:\/\/colegiomontessori.cl\/wp2\/wp-json\/wp\/v2\/comments?post=11903"}],"version-history":[{"count":3,"href":"https:\/\/colegiomontessori.cl\/wp2\/wp-json\/wp\/v2\/posts\/11903\/revisions"}],"predecessor-version":[{"id":11951,"href":"https:\/\/colegiomontessori.cl\/wp2\/wp-json\/wp\/v2\/posts\/11903\/revisions\/11951"}],"wp:featuredmedia":[{"embeddable":true,"href":"https:\/\/colegiomontessori.cl\/wp2\/wp-json\/wp\/v2\/media\/11913"}],"wp:attachment":[{"href":"https:\/\/colegiomontessori.cl\/wp2\/wp-json\/wp\/v2\/media?parent=11903"}],"wp:term":[{"taxonomy":"category","embeddable":true,"href":"https:\/\/colegiomontessori.cl\/wp2\/wp-json\/wp\/v2\/categories?post=11903"},{"taxonomy":"post_tag","embeddable":true,"href":"https:\/\/colegiomontessori.cl\/wp2\/wp-json\/wp\/v2\/tags?post=11903"}],"curies":[{"name":"wp","href":"https:\/\/api.w.org\/{rel}","templated":true}]}}