{"id":12611,"date":"2022-06-08T21:32:00","date_gmt":"2022-06-09T01:32:00","guid":{"rendered":"https:\/\/colegiomontessori.cl\/wp2\/?p=12611"},"modified":"2022-11-09T18:44:52","modified_gmt":"2022-11-09T21:44:52","slug":"celebracion-del-dia-mundial-del-medio-ambiente","status":"publish","type":"post","link":"https:\/\/colegiomontessori.cl\/wp2\/2022\/06\/08\/celebracion-del-dia-mundial-del-medio-ambiente\/","title":{"rendered":"Celebraci\u00f3n del \u00abD\u00eda Mundial del Medio Ambiente\u00bb"},"content":{"rendered":"\n<p><strong>M\u00faltiples actividades para los estudiantes dieron vida a nuestro programa de celebraci\u00f3n del D\u00eda Mundial del Medio Ambiente.<\/strong><\/p>\n\n\n\n<div style=\"height:30px\" aria-hidden=\"true\" class=\"wp-block-spacer\"><\/div>\n\n\n\n<p><strong>Charla Magistral<\/strong><\/p>\n\n\n\n<p>En la oportunidad, inauguramos la jornada con la charla magistral \u00abMicrobiolog\u00eda y Medio Ambiente: Los Microorganismos como Indicadores de Contaminaci\u00f3n\u00bb a cargo del Dr. Joaqu\u00edn Rilling, investigador del Laboratorio de Ecolog\u00eda Microbiana Aplicada (Emalab) de la Universidad de La Frontera. La actividad coordinada por el Departamento de Ciencias y Convivencia Escolar con el programa PROMUEVE-BIOREN, estuvo dirigida a estudiantes de 2\u00b0 medio B y del electivo Biolog\u00eda de los Ecosistemas.<\/p>\n\n\n\n<figure class=\"wp-block-gallery has-nested-images columns-2 is-cropped wp-block-gallery-1 is-layout-flex wp-block-gallery-is-layout-flex\">\n<figure class=\"wp-block-image size-large\"><a href=\"https:\/\/colegiomontessori.cl\/wp2\/wp-content\/uploads\/2022\/06\/dia-del-medio-ambiente-1.jpg\"><img loading=\"lazy\" decoding=\"async\" width=\"600\" height=\"400\" data-id=\"12612\" src=\"https:\/\/colegiomontessori.cl\/wp2\/wp-content\/uploads\/2022\/06\/dia-del-medio-ambiente-1.jpg\" alt=\"\" class=\"wp-image-12612\" srcset=\"https:\/\/colegiomontessori.cl\/wp2\/wp-content\/uploads\/2022\/06\/dia-del-medio-ambiente-1.jpg 600w, https:\/\/colegiomontessori.cl\/wp2\/wp-content\/uploads\/2022\/06\/dia-del-medio-ambiente-1-300x200.jpg 300w, https:\/\/colegiomontessori.cl\/wp2\/wp-content\/uploads\/2022\/06\/dia-del-medio-ambiente-1-391x260.jpg 391w\" sizes=\"auto, (max-width: 600px) 100vw, 600px\" \/><\/a><\/figure>\n\n\n\n<figure class=\"wp-block-image size-large\"><a href=\"https:\/\/colegiomontessori.cl\/wp2\/wp-content\/uploads\/2022\/06\/dia-del-medio-ambiente-2.jpg\"><img loading=\"lazy\" decoding=\"async\" width=\"600\" height=\"400\" data-id=\"12613\" src=\"https:\/\/colegiomontessori.cl\/wp2\/wp-content\/uploads\/2022\/06\/dia-del-medio-ambiente-2.jpg\" alt=\"\" class=\"wp-image-12613\" srcset=\"https:\/\/colegiomontessori.cl\/wp2\/wp-content\/uploads\/2022\/06\/dia-del-medio-ambiente-2.jpg 600w, https:\/\/colegiomontessori.cl\/wp2\/wp-content\/uploads\/2022\/06\/dia-del-medio-ambiente-2-300x200.jpg 300w, https:\/\/colegiomontessori.cl\/wp2\/wp-content\/uploads\/2022\/06\/dia-del-medio-ambiente-2-391x260.jpg 391w\" sizes=\"auto, (max-width: 600px) 100vw, 600px\" \/><\/a><\/figure>\n\n\n\n<figure class=\"wp-block-image size-large\"><a href=\"https:\/\/colegiomontessori.cl\/wp2\/wp-content\/uploads\/2022\/06\/dia-del-medio-ambiente-3.jpg\"><img loading=\"lazy\" decoding=\"async\" width=\"600\" height=\"400\" data-id=\"12614\" src=\"https:\/\/colegiomontessori.cl\/wp2\/wp-content\/uploads\/2022\/06\/dia-del-medio-ambiente-3.jpg\" alt=\"\" class=\"wp-image-12614\" srcset=\"https:\/\/colegiomontessori.cl\/wp2\/wp-content\/uploads\/2022\/06\/dia-del-medio-ambiente-3.jpg 600w, https:\/\/colegiomontessori.cl\/wp2\/wp-content\/uploads\/2022\/06\/dia-del-medio-ambiente-3-300x200.jpg 300w, https:\/\/colegiomontessori.cl\/wp2\/wp-content\/uploads\/2022\/06\/dia-del-medio-ambiente-3-391x260.jpg 391w\" sizes=\"auto, (max-width: 600px) 100vw, 600px\" \/><\/a><\/figure>\n<\/figure>\n\n\n\n<div style=\"height:30px\" aria-hidden=\"true\" class=\"wp-block-spacer\"><\/div>\n\n\n\n<p><strong>Feria de Trueque<\/strong><\/p>\n\n\n\n<p>La Feria de Trueque fue otra de las actividades realizadas en el marco de la celebraci\u00f3n del D\u00eda del Medio Ambiente. Esta iniciativa cont\u00f3 con la participaci\u00f3n de estudiantes, profesores y asistentes de la educaci\u00f3n, quienes montaron diversos stand para el intercambio de objetos, utilizando las tem\u00e1ticas de \u00abMedio Ambiente\u00bb, \u00abLas 3 R\u00bb, \u00abReciclaje\u00bb \u00abEconom\u00eda Circular\u00bb y Sostenibilidad\u00bb.<\/p>\n\n\n\n<figure class=\"wp-block-gallery has-nested-images columns-2 is-cropped wp-block-gallery-2 is-layout-flex wp-block-gallery-is-layout-flex\">\n<figure class=\"wp-block-image size-large\"><a href=\"https:\/\/colegiomontessori.cl\/wp2\/wp-content\/uploads\/2022\/06\/dia-del-medio-ambiente-4.jpg\"><img loading=\"lazy\" decoding=\"async\" width=\"600\" height=\"400\" data-id=\"12615\" src=\"https:\/\/colegiomontessori.cl\/wp2\/wp-content\/uploads\/2022\/06\/dia-del-medio-ambiente-4.jpg\" alt=\"\" class=\"wp-image-12615\" srcset=\"https:\/\/colegiomontessori.cl\/wp2\/wp-content\/uploads\/2022\/06\/dia-del-medio-ambiente-4.jpg 600w, https:\/\/colegiomontessori.cl\/wp2\/wp-content\/uploads\/2022\/06\/dia-del-medio-ambiente-4-300x200.jpg 300w, https:\/\/colegiomontessori.cl\/wp2\/wp-content\/uploads\/2022\/06\/dia-del-medio-ambiente-4-391x260.jpg 391w\" sizes=\"auto, (max-width: 600px) 100vw, 600px\" \/><\/a><\/figure>\n\n\n\n<figure class=\"wp-block-image size-large\"><a href=\"https:\/\/colegiomontessori.cl\/wp2\/wp-content\/uploads\/2022\/06\/dia-del-medio-ambiente-5.jpg\"><img loading=\"lazy\" decoding=\"async\" width=\"600\" height=\"400\" data-id=\"12616\" src=\"https:\/\/colegiomontessori.cl\/wp2\/wp-content\/uploads\/2022\/06\/dia-del-medio-ambiente-5.jpg\" alt=\"\" class=\"wp-image-12616\" srcset=\"https:\/\/colegiomontessori.cl\/wp2\/wp-content\/uploads\/2022\/06\/dia-del-medio-ambiente-5.jpg 600w, https:\/\/colegiomontessori.cl\/wp2\/wp-content\/uploads\/2022\/06\/dia-del-medio-ambiente-5-300x200.jpg 300w, https:\/\/colegiomontessori.cl\/wp2\/wp-content\/uploads\/2022\/06\/dia-del-medio-ambiente-5-391x260.jpg 391w\" sizes=\"auto, (max-width: 600px) 100vw, 600px\" \/><\/a><\/figure>\n\n\n\n<figure class=\"wp-block-image size-large\"><a href=\"https:\/\/colegiomontessori.cl\/wp2\/wp-content\/uploads\/2022\/06\/dia-del-medio-ambiente-6.jpg\"><img loading=\"lazy\" decoding=\"async\" width=\"600\" height=\"400\" data-id=\"12617\" src=\"https:\/\/colegiomontessori.cl\/wp2\/wp-content\/uploads\/2022\/06\/dia-del-medio-ambiente-6.jpg\" alt=\"\" class=\"wp-image-12617\" srcset=\"https:\/\/colegiomontessori.cl\/wp2\/wp-content\/uploads\/2022\/06\/dia-del-medio-ambiente-6.jpg 600w, https:\/\/colegiomontessori.cl\/wp2\/wp-content\/uploads\/2022\/06\/dia-del-medio-ambiente-6-300x200.jpg 300w, https:\/\/colegiomontessori.cl\/wp2\/wp-content\/uploads\/2022\/06\/dia-del-medio-ambiente-6-391x260.jpg 391w\" sizes=\"auto, (max-width: 600px) 100vw, 600px\" \/><\/a><\/figure>\n\n\n\n<figure class=\"wp-block-image size-large\"><a href=\"https:\/\/colegiomontessori.cl\/wp2\/wp-content\/uploads\/2022\/06\/dia-del-medio-ambiente-7.jpg\"><img loading=\"lazy\" decoding=\"async\" width=\"600\" height=\"400\" data-id=\"12618\" src=\"https:\/\/colegiomontessori.cl\/wp2\/wp-content\/uploads\/2022\/06\/dia-del-medio-ambiente-7.jpg\" alt=\"\" class=\"wp-image-12618\" srcset=\"https:\/\/colegiomontessori.cl\/wp2\/wp-content\/uploads\/2022\/06\/dia-del-medio-ambiente-7.jpg 600w, https:\/\/colegiomontessori.cl\/wp2\/wp-content\/uploads\/2022\/06\/dia-del-medio-ambiente-7-300x200.jpg 300w, https:\/\/colegiomontessori.cl\/wp2\/wp-content\/uploads\/2022\/06\/dia-del-medio-ambiente-7-391x260.jpg 391w\" sizes=\"auto, (max-width: 600px) 100vw, 600px\" \/><\/a><\/figure>\n\n\n\n<figure class=\"wp-block-image size-large\"><a href=\"https:\/\/colegiomontessori.cl\/wp2\/wp-content\/uploads\/2022\/06\/dia-del-medio-ambiente-8.jpg\"><img loading=\"lazy\" decoding=\"async\" width=\"600\" height=\"400\" data-id=\"12619\" src=\"https:\/\/colegiomontessori.cl\/wp2\/wp-content\/uploads\/2022\/06\/dia-del-medio-ambiente-8.jpg\" alt=\"\" class=\"wp-image-12619\" srcset=\"https:\/\/colegiomontessori.cl\/wp2\/wp-content\/uploads\/2022\/06\/dia-del-medio-ambiente-8.jpg 600w, https:\/\/colegiomontessori.cl\/wp2\/wp-content\/uploads\/2022\/06\/dia-del-medio-ambiente-8-300x200.jpg 300w, https:\/\/colegiomontessori.cl\/wp2\/wp-content\/uploads\/2022\/06\/dia-del-medio-ambiente-8-391x260.jpg 391w\" sizes=\"auto, (max-width: 600px) 100vw, 600px\" \/><\/a><\/figure>\n\n\n\n<figure class=\"wp-block-image size-large\"><a href=\"https:\/\/colegiomontessori.cl\/wp2\/wp-content\/uploads\/2022\/06\/dia-del-medio-ambiente-9.jpg\"><img loading=\"lazy\" decoding=\"async\" width=\"600\" height=\"400\" data-id=\"12620\" src=\"https:\/\/colegiomontessori.cl\/wp2\/wp-content\/uploads\/2022\/06\/dia-del-medio-ambiente-9.jpg\" alt=\"\" class=\"wp-image-12620\" srcset=\"https:\/\/colegiomontessori.cl\/wp2\/wp-content\/uploads\/2022\/06\/dia-del-medio-ambiente-9.jpg 600w, https:\/\/colegiomontessori.cl\/wp2\/wp-content\/uploads\/2022\/06\/dia-del-medio-ambiente-9-300x200.jpg 300w, https:\/\/colegiomontessori.cl\/wp2\/wp-content\/uploads\/2022\/06\/dia-del-medio-ambiente-9-391x260.jpg 391w\" sizes=\"auto, (max-width: 600px) 100vw, 600px\" \/><\/a><\/figure>\n\n\n\n<figure class=\"wp-block-image size-large\"><a href=\"https:\/\/colegiomontessori.cl\/wp2\/wp-content\/uploads\/2022\/06\/dia-del-medio-ambiente-10.jpg\"><img loading=\"lazy\" decoding=\"async\" width=\"600\" height=\"400\" data-id=\"12621\" src=\"https:\/\/colegiomontessori.cl\/wp2\/wp-content\/uploads\/2022\/06\/dia-del-medio-ambiente-10.jpg\" alt=\"\" class=\"wp-image-12621\" srcset=\"https:\/\/colegiomontessori.cl\/wp2\/wp-content\/uploads\/2022\/06\/dia-del-medio-ambiente-10.jpg 600w, https:\/\/colegiomontessori.cl\/wp2\/wp-content\/uploads\/2022\/06\/dia-del-medio-ambiente-10-300x200.jpg 300w, https:\/\/colegiomontessori.cl\/wp2\/wp-content\/uploads\/2022\/06\/dia-del-medio-ambiente-10-391x260.jpg 391w\" sizes=\"auto, (max-width: 600px) 100vw, 600px\" \/><\/a><\/figure>\n<\/figure>\n\n\n\n<div style=\"height:30px\" aria-hidden=\"true\" class=\"wp-block-spacer\"><\/div>\n\n\n\n<p><strong>Firma de Convenio<\/strong><\/p>\n\n\n\n<p>Iniciativa desarrollada tambi\u00e9n en el D\u00eda del Medio Ambiente fue la firma de un convenio de colaboraci\u00f3n en materia medioambiental, entre el Departamento de Ciencias de nuestro colegio y el Liceo Espa\u00f1a de Temuco, representado por su director Sr. V\u00edctor Sanhueza. La delegaci\u00f3n del Liceo Espa\u00f1a fue recibida por los alumnos de la jornada de la tarde que conforman la Brigada Ecol\u00f3gica de nuestro colegio, quienes dieron una amena bienvenida a los j\u00f3venes del establecimiento vecino invitados a trav\u00e9s de Convivencia Escolar.<\/p>\n\n\n\n<figure class=\"wp-block-audio\"><audio controls src=\"https:\/\/colegiomontessori.cl\/wp2\/wp-content\/uploads\/2022\/06\/audio-director-espana.mp3\"><\/audio><figcaption class=\"wp-element-caption\"><em>Audio. V\u00edctor Sanhueza, Director Liceo Espa\u00f1a de Temuco.<\/em><\/figcaption><\/figure>\n\n\n\n<figure class=\"wp-block-gallery has-nested-images columns-2 is-cropped wp-block-gallery-3 is-layout-flex wp-block-gallery-is-layout-flex\">\n<figure class=\"wp-block-image size-large\"><a href=\"https:\/\/colegiomontessori.cl\/wp2\/wp-content\/uploads\/2022\/06\/dia-del-medio-ambiente-12.jpg\"><img loading=\"lazy\" decoding=\"async\" width=\"600\" height=\"400\" data-id=\"12624\" src=\"https:\/\/colegiomontessori.cl\/wp2\/wp-content\/uploads\/2022\/06\/dia-del-medio-ambiente-12.jpg\" alt=\"\" class=\"wp-image-12624\" srcset=\"https:\/\/colegiomontessori.cl\/wp2\/wp-content\/uploads\/2022\/06\/dia-del-medio-ambiente-12.jpg 600w, https:\/\/colegiomontessori.cl\/wp2\/wp-content\/uploads\/2022\/06\/dia-del-medio-ambiente-12-300x200.jpg 300w, https:\/\/colegiomontessori.cl\/wp2\/wp-content\/uploads\/2022\/06\/dia-del-medio-ambiente-12-391x260.jpg 391w\" sizes=\"auto, (max-width: 600px) 100vw, 600px\" \/><\/a><\/figure>\n\n\n\n<figure class=\"wp-block-image size-large\"><a href=\"https:\/\/colegiomontessori.cl\/wp2\/wp-content\/uploads\/2022\/06\/dia-del-medio-ambiente-11.jpg\"><img loading=\"lazy\" decoding=\"async\" width=\"600\" height=\"400\" data-id=\"12623\" src=\"https:\/\/colegiomontessori.cl\/wp2\/wp-content\/uploads\/2022\/06\/dia-del-medio-ambiente-11.jpg\" alt=\"\" class=\"wp-image-12623\" srcset=\"https:\/\/colegiomontessori.cl\/wp2\/wp-content\/uploads\/2022\/06\/dia-del-medio-ambiente-11.jpg 600w, https:\/\/colegiomontessori.cl\/wp2\/wp-content\/uploads\/2022\/06\/dia-del-medio-ambiente-11-300x200.jpg 300w, https:\/\/colegiomontessori.cl\/wp2\/wp-content\/uploads\/2022\/06\/dia-del-medio-ambiente-11-391x260.jpg 391w\" sizes=\"auto, (max-width: 600px) 100vw, 600px\" \/><\/a><\/figure>\n\n\n\n<figure class=\"wp-block-image size-large\"><a href=\"https:\/\/colegiomontessori.cl\/wp2\/wp-content\/uploads\/2022\/06\/dia-del-medio-ambiente-13.jpg\"><img loading=\"lazy\" decoding=\"async\" width=\"600\" height=\"400\" data-id=\"12625\" src=\"https:\/\/colegiomontessori.cl\/wp2\/wp-content\/uploads\/2022\/06\/dia-del-medio-ambiente-13.jpg\" alt=\"\" class=\"wp-image-12625\" srcset=\"https:\/\/colegiomontessori.cl\/wp2\/wp-content\/uploads\/2022\/06\/dia-del-medio-ambiente-13.jpg 600w, https:\/\/colegiomontessori.cl\/wp2\/wp-content\/uploads\/2022\/06\/dia-del-medio-ambiente-13-300x200.jpg 300w, https:\/\/colegiomontessori.cl\/wp2\/wp-content\/uploads\/2022\/06\/dia-del-medio-ambiente-13-391x260.jpg 391w\" sizes=\"auto, (max-width: 600px) 100vw, 600px\" \/><\/a><\/figure>\n<\/figure>\n\n\n\n<div style=\"height:30px\" aria-hidden=\"true\" class=\"wp-block-spacer\"><\/div>\n\n\n\n<p><strong>Exposici\u00f3n de Objetos Reciclados<\/strong><\/p>\n\n\n\n<p>En representaci\u00f3n de la jornada de la tarde, nuestros estudiantes de 1\u00b0 y 2\u00b0 a\u00f1os b\u00e1sicos realizaron una visita guiada a la exposici\u00f3n de objetos reciclados, montada por el Departamento de Ciencias y los participantes del concurso \u00abReciclar es un Arte\u00bb. Los ni\u00f1os se mostraron muy atentos a los trabajos realizados por sus compa\u00f1eros recorriendo los diferentes stand, realizando preguntas y participando activamente de la visita guiada.<\/p>\n\n\n\n<figure class=\"wp-block-gallery has-nested-images columns-2 is-cropped wp-block-gallery-4 is-layout-flex wp-block-gallery-is-layout-flex\">\n<figure class=\"wp-block-image size-large\"><a href=\"https:\/\/colegiomontessori.cl\/wp2\/wp-content\/uploads\/2022\/06\/dia-del-medio-ambiente-16.jpg\"><img loading=\"lazy\" decoding=\"async\" width=\"600\" height=\"400\" data-id=\"12629\" src=\"https:\/\/colegiomontessori.cl\/wp2\/wp-content\/uploads\/2022\/06\/dia-del-medio-ambiente-16.jpg\" alt=\"\" class=\"wp-image-12629\" srcset=\"https:\/\/colegiomontessori.cl\/wp2\/wp-content\/uploads\/2022\/06\/dia-del-medio-ambiente-16.jpg 600w, https:\/\/colegiomontessori.cl\/wp2\/wp-content\/uploads\/2022\/06\/dia-del-medio-ambiente-16-300x200.jpg 300w, https:\/\/colegiomontessori.cl\/wp2\/wp-content\/uploads\/2022\/06\/dia-del-medio-ambiente-16-391x260.jpg 391w\" sizes=\"auto, (max-width: 600px) 100vw, 600px\" \/><\/a><\/figure>\n\n\n\n<figure class=\"wp-block-image size-large\"><a href=\"https:\/\/colegiomontessori.cl\/wp2\/wp-content\/uploads\/2022\/06\/dia-del-medio-ambiente-14.jpg\"><img loading=\"lazy\" decoding=\"async\" width=\"600\" height=\"400\" data-id=\"12627\" src=\"https:\/\/colegiomontessori.cl\/wp2\/wp-content\/uploads\/2022\/06\/dia-del-medio-ambiente-14.jpg\" alt=\"\" class=\"wp-image-12627\" srcset=\"https:\/\/colegiomontessori.cl\/wp2\/wp-content\/uploads\/2022\/06\/dia-del-medio-ambiente-14.jpg 600w, https:\/\/colegiomontessori.cl\/wp2\/wp-content\/uploads\/2022\/06\/dia-del-medio-ambiente-14-300x200.jpg 300w, https:\/\/colegiomontessori.cl\/wp2\/wp-content\/uploads\/2022\/06\/dia-del-medio-ambiente-14-391x260.jpg 391w\" sizes=\"auto, (max-width: 600px) 100vw, 600px\" \/><\/a><\/figure>\n\n\n\n<figure class=\"wp-block-image size-large\"><a href=\"https:\/\/colegiomontessori.cl\/wp2\/wp-content\/uploads\/2022\/06\/dia-del-medio-ambiente-20.jpg\"><img loading=\"lazy\" decoding=\"async\" width=\"600\" height=\"400\" data-id=\"12633\" src=\"https:\/\/colegiomontessori.cl\/wp2\/wp-content\/uploads\/2022\/06\/dia-del-medio-ambiente-20.jpg\" alt=\"\" class=\"wp-image-12633\" srcset=\"https:\/\/colegiomontessori.cl\/wp2\/wp-content\/uploads\/2022\/06\/dia-del-medio-ambiente-20.jpg 600w, https:\/\/colegiomontessori.cl\/wp2\/wp-content\/uploads\/2022\/06\/dia-del-medio-ambiente-20-300x200.jpg 300w, https:\/\/colegiomontessori.cl\/wp2\/wp-content\/uploads\/2022\/06\/dia-del-medio-ambiente-20-391x260.jpg 391w\" sizes=\"auto, (max-width: 600px) 100vw, 600px\" \/><\/a><\/figure>\n\n\n\n<figure class=\"wp-block-image size-large\"><a href=\"https:\/\/colegiomontessori.cl\/wp2\/wp-content\/uploads\/2022\/06\/dia-del-medio-ambiente-15.jpg\"><img loading=\"lazy\" decoding=\"async\" width=\"600\" height=\"400\" data-id=\"12628\" src=\"https:\/\/colegiomontessori.cl\/wp2\/wp-content\/uploads\/2022\/06\/dia-del-medio-ambiente-15.jpg\" alt=\"\" class=\"wp-image-12628\" srcset=\"https:\/\/colegiomontessori.cl\/wp2\/wp-content\/uploads\/2022\/06\/dia-del-medio-ambiente-15.jpg 600w, https:\/\/colegiomontessori.cl\/wp2\/wp-content\/uploads\/2022\/06\/dia-del-medio-ambiente-15-300x200.jpg 300w, https:\/\/colegiomontessori.cl\/wp2\/wp-content\/uploads\/2022\/06\/dia-del-medio-ambiente-15-391x260.jpg 391w\" sizes=\"auto, (max-width: 600px) 100vw, 600px\" \/><\/a><\/figure>\n\n\n\n<figure class=\"wp-block-image size-large\"><a href=\"https:\/\/colegiomontessori.cl\/wp2\/wp-content\/uploads\/2022\/06\/dia-del-medio-ambiente-17.jpg\"><img loading=\"lazy\" decoding=\"async\" width=\"600\" height=\"400\" data-id=\"12630\" src=\"https:\/\/colegiomontessori.cl\/wp2\/wp-content\/uploads\/2022\/06\/dia-del-medio-ambiente-17.jpg\" alt=\"\" class=\"wp-image-12630\" srcset=\"https:\/\/colegiomontessori.cl\/wp2\/wp-content\/uploads\/2022\/06\/dia-del-medio-ambiente-17.jpg 600w, https:\/\/colegiomontessori.cl\/wp2\/wp-content\/uploads\/2022\/06\/dia-del-medio-ambiente-17-300x200.jpg 300w, https:\/\/colegiomontessori.cl\/wp2\/wp-content\/uploads\/2022\/06\/dia-del-medio-ambiente-17-391x260.jpg 391w\" sizes=\"auto, (max-width: 600px) 100vw, 600px\" \/><\/a><\/figure>\n\n\n\n<figure class=\"wp-block-image size-large\"><a href=\"https:\/\/colegiomontessori.cl\/wp2\/wp-content\/uploads\/2022\/06\/dia-del-medio-ambiente-18.jpg\"><img loading=\"lazy\" decoding=\"async\" width=\"600\" height=\"400\" data-id=\"12631\" src=\"https:\/\/colegiomontessori.cl\/wp2\/wp-content\/uploads\/2022\/06\/dia-del-medio-ambiente-18.jpg\" alt=\"\" class=\"wp-image-12631\" srcset=\"https:\/\/colegiomontessori.cl\/wp2\/wp-content\/uploads\/2022\/06\/dia-del-medio-ambiente-18.jpg 600w, https:\/\/colegiomontessori.cl\/wp2\/wp-content\/uploads\/2022\/06\/dia-del-medio-ambiente-18-300x200.jpg 300w, https:\/\/colegiomontessori.cl\/wp2\/wp-content\/uploads\/2022\/06\/dia-del-medio-ambiente-18-391x260.jpg 391w\" sizes=\"auto, (max-width: 600px) 100vw, 600px\" \/><\/a><\/figure>\n\n\n\n<figure class=\"wp-block-image size-large\"><a href=\"https:\/\/colegiomontessori.cl\/wp2\/wp-content\/uploads\/2022\/06\/dia-del-medio-ambiente-19.jpg\"><img loading=\"lazy\" decoding=\"async\" width=\"600\" height=\"400\" data-id=\"12632\" src=\"https:\/\/colegiomontessori.cl\/wp2\/wp-content\/uploads\/2022\/06\/dia-del-medio-ambiente-19.jpg\" alt=\"\" class=\"wp-image-12632\" srcset=\"https:\/\/colegiomontessori.cl\/wp2\/wp-content\/uploads\/2022\/06\/dia-del-medio-ambiente-19.jpg 600w, https:\/\/colegiomontessori.cl\/wp2\/wp-content\/uploads\/2022\/06\/dia-del-medio-ambiente-19-300x200.jpg 300w, https:\/\/colegiomontessori.cl\/wp2\/wp-content\/uploads\/2022\/06\/dia-del-medio-ambiente-19-391x260.jpg 391w\" sizes=\"auto, (max-width: 600px) 100vw, 600px\" \/><\/a><\/figure>\n<\/figure>\n\n\n\n<div style=\"height:30px\" aria-hidden=\"true\" class=\"wp-block-spacer\"><\/div>\n\n\n\n<p><strong>Jeans Day<\/strong><\/p>\n\n\n\n<p>Organizado por el Centro de Estudiantes para reunir fondos destinados a los distintos proyectos planificados, el Jeans Day invit\u00f3 a los alumnos de la jornadas ma\u00f1ana y tarde a vestir una prenda o accesorio de color verde, para celebrar todos juntos este D\u00eda Mundial de Medio Ambiente 2022. <\/p>\n\n\n\n<figure class=\"wp-block-gallery has-nested-images columns-2 is-cropped wp-block-gallery-5 is-layout-flex wp-block-gallery-is-layout-flex\">\n<figure class=\"wp-block-image size-large\"><a href=\"https:\/\/colegiomontessori.cl\/wp2\/wp-content\/uploads\/2022\/06\/dia-del-medio-ambiente-22.jpg\"><img loading=\"lazy\" decoding=\"async\" width=\"600\" height=\"400\" data-id=\"12636\" src=\"https:\/\/colegiomontessori.cl\/wp2\/wp-content\/uploads\/2022\/06\/dia-del-medio-ambiente-22.jpg\" alt=\"\" class=\"wp-image-12636\" srcset=\"https:\/\/colegiomontessori.cl\/wp2\/wp-content\/uploads\/2022\/06\/dia-del-medio-ambiente-22.jpg 600w, https:\/\/colegiomontessori.cl\/wp2\/wp-content\/uploads\/2022\/06\/dia-del-medio-ambiente-22-300x200.jpg 300w, https:\/\/colegiomontessori.cl\/wp2\/wp-content\/uploads\/2022\/06\/dia-del-medio-ambiente-22-391x260.jpg 391w\" sizes=\"auto, (max-width: 600px) 100vw, 600px\" \/><\/a><\/figure>\n\n\n\n<figure class=\"wp-block-image size-large\"><a href=\"https:\/\/colegiomontessori.cl\/wp2\/wp-content\/uploads\/2022\/06\/dia-del-medio-ambiente-23.jpg\"><img loading=\"lazy\" decoding=\"async\" width=\"600\" height=\"400\" data-id=\"12637\" src=\"https:\/\/colegiomontessori.cl\/wp2\/wp-content\/uploads\/2022\/06\/dia-del-medio-ambiente-23.jpg\" alt=\"\" class=\"wp-image-12637\" srcset=\"https:\/\/colegiomontessori.cl\/wp2\/wp-content\/uploads\/2022\/06\/dia-del-medio-ambiente-23.jpg 600w, https:\/\/colegiomontessori.cl\/wp2\/wp-content\/uploads\/2022\/06\/dia-del-medio-ambiente-23-300x200.jpg 300w, https:\/\/colegiomontessori.cl\/wp2\/wp-content\/uploads\/2022\/06\/dia-del-medio-ambiente-23-391x260.jpg 391w\" sizes=\"auto, (max-width: 600px) 100vw, 600px\" \/><\/a><\/figure>\n\n\n\n<figure class=\"wp-block-image size-large\"><a href=\"https:\/\/colegiomontessori.cl\/wp2\/wp-content\/uploads\/2022\/06\/dia-del-medio-ambiente-21.jpeg\"><img loading=\"lazy\" decoding=\"async\" width=\"1024\" height=\"576\" data-id=\"12635\" src=\"https:\/\/colegiomontessori.cl\/wp2\/wp-content\/uploads\/2022\/06\/dia-del-medio-ambiente-21-1024x576.jpeg\" alt=\"\" class=\"wp-image-12635\" srcset=\"https:\/\/colegiomontessori.cl\/wp2\/wp-content\/uploads\/2022\/06\/dia-del-medio-ambiente-21-1024x576.jpeg 1024w, https:\/\/colegiomontessori.cl\/wp2\/wp-content\/uploads\/2022\/06\/dia-del-medio-ambiente-21-300x169.jpeg 300w, https:\/\/colegiomontessori.cl\/wp2\/wp-content\/uploads\/2022\/06\/dia-del-medio-ambiente-21-768x432.jpeg 768w, https:\/\/colegiomontessori.cl\/wp2\/wp-content\/uploads\/2022\/06\/dia-del-medio-ambiente-21-1536x864.jpeg 1536w, https:\/\/colegiomontessori.cl\/wp2\/wp-content\/uploads\/2022\/06\/dia-del-medio-ambiente-21.jpeg 1600w\" sizes=\"auto, (max-width: 1024px) 100vw, 1024px\" \/><\/a><\/figure>\n<\/figure>\n\n\n\n<div style=\"height:30px\" aria-hidden=\"true\" class=\"wp-block-spacer\"><\/div>\n\n\n\n<p><strong>Concurso \u201cReciclar es un Arte\u201d<\/strong><\/p>\n\n\n\n<p>La premiaci\u00f3n del concurso \u201cReciclar es un Arte\u201d organizado por el Departamento de Ciencias puso el broche de oro a esta jornada de celebraci\u00f3n ecol\u00f3gica \u00a1Felicitaciones a los ganadores y a todos los participantes! Categor\u00eda 3\u00b0 a 6\u00b0 B\u00e1sico:<strong> <\/strong>1er lugar: Sof\u00eda Hern\u00e1ndez 5\u00b0A, 2do lugar: Josefa Santos 6\u00b0B, 3er lugar: Catalina Rodr\u00edguez 4\u00b0A). Categor\u00eda 7\u00b0 B\u00e1sico a 4\u00b0 Medio: 1er lugar: Michele Bonifay 7\u00b0B, 2do lugar: Fernando Quijada 2\u00b0A, 3er lugar: Ver\u00f3nica Saavedra 7\u00b0B<\/p>\n\n\n\n<figure class=\"wp-block-gallery has-nested-images columns-default is-cropped wp-block-gallery-6 is-layout-flex wp-block-gallery-is-layout-flex\">\n<figure class=\"wp-block-image size-large\"><a href=\"https:\/\/colegiomontessori.cl\/wp2\/wp-content\/uploads\/2022\/06\/concurso-reciclar-04.jpeg\"><img loading=\"lazy\" decoding=\"async\" width=\"792\" height=\"736\" data-id=\"12580\" src=\"https:\/\/colegiomontessori.cl\/wp2\/wp-content\/uploads\/2022\/06\/concurso-reciclar-04.jpeg\" alt=\"\" class=\"wp-image-12580\" srcset=\"https:\/\/colegiomontessori.cl\/wp2\/wp-content\/uploads\/2022\/06\/concurso-reciclar-04.jpeg 792w, https:\/\/colegiomontessori.cl\/wp2\/wp-content\/uploads\/2022\/06\/concurso-reciclar-04-300x279.jpeg 300w, https:\/\/colegiomontessori.cl\/wp2\/wp-content\/uploads\/2022\/06\/concurso-reciclar-04-768x714.jpeg 768w\" sizes=\"auto, (max-width: 792px) 100vw, 792px\" \/><\/a><\/figure>\n\n\n\n<figure class=\"wp-block-image size-large\"><a href=\"https:\/\/colegiomontessori.cl\/wp2\/wp-content\/uploads\/2022\/06\/concurso-reciclar-05.jpeg\"><img loading=\"lazy\" decoding=\"async\" width=\"700\" height=\"654\" data-id=\"12581\" src=\"https:\/\/colegiomontessori.cl\/wp2\/wp-content\/uploads\/2022\/06\/concurso-reciclar-05.jpeg\" alt=\"\" class=\"wp-image-12581\" srcset=\"https:\/\/colegiomontessori.cl\/wp2\/wp-content\/uploads\/2022\/06\/concurso-reciclar-05.jpeg 700w, https:\/\/colegiomontessori.cl\/wp2\/wp-content\/uploads\/2022\/06\/concurso-reciclar-05-300x280.jpeg 300w\" sizes=\"auto, (max-width: 700px) 100vw, 700px\" \/><\/a><\/figure>\n\n\n\n<figure class=\"wp-block-image size-large\"><a href=\"https:\/\/colegiomontessori.cl\/wp2\/wp-content\/uploads\/2022\/06\/concurso-reciclar-06.jpg\"><img loading=\"lazy\" decoding=\"async\" width=\"900\" height=\"675\" data-id=\"12582\" src=\"https:\/\/colegiomontessori.cl\/wp2\/wp-content\/uploads\/2022\/06\/concurso-reciclar-06.jpg\" alt=\"\" class=\"wp-image-12582\" srcset=\"https:\/\/colegiomontessori.cl\/wp2\/wp-content\/uploads\/2022\/06\/concurso-reciclar-06.jpg 900w, https:\/\/colegiomontessori.cl\/wp2\/wp-content\/uploads\/2022\/06\/concurso-reciclar-06-300x225.jpg 300w, https:\/\/colegiomontessori.cl\/wp2\/wp-content\/uploads\/2022\/06\/concurso-reciclar-06-768x576.jpg 768w\" sizes=\"auto, (max-width: 900px) 100vw, 900px\" \/><\/a><\/figure>\n\n\n\n<figure class=\"wp-block-image size-large\"><a href=\"https:\/\/colegiomontessori.cl\/wp2\/wp-content\/uploads\/2022\/06\/concurso-reciclar-01.jpg\"><img loading=\"lazy\" decoding=\"async\" width=\"900\" height=\"656\" data-id=\"12577\" src=\"https:\/\/colegiomontessori.cl\/wp2\/wp-content\/uploads\/2022\/06\/concurso-reciclar-01.jpg\" alt=\"\" class=\"wp-image-12577\" srcset=\"https:\/\/colegiomontessori.cl\/wp2\/wp-content\/uploads\/2022\/06\/concurso-reciclar-01.jpg 900w, https:\/\/colegiomontessori.cl\/wp2\/wp-content\/uploads\/2022\/06\/concurso-reciclar-01-300x219.jpg 300w, https:\/\/colegiomontessori.cl\/wp2\/wp-content\/uploads\/2022\/06\/concurso-reciclar-01-768x560.jpg 768w\" sizes=\"auto, (max-width: 900px) 100vw, 900px\" \/><\/a><\/figure>\n\n\n\n<figure class=\"wp-block-image size-large\"><a href=\"https:\/\/colegiomontessori.cl\/wp2\/wp-content\/uploads\/2022\/06\/concurso-reciclar-02.jpg\"><img loading=\"lazy\" decoding=\"async\" width=\"900\" height=\"826\" data-id=\"12578\" src=\"https:\/\/colegiomontessori.cl\/wp2\/wp-content\/uploads\/2022\/06\/concurso-reciclar-02.jpg\" alt=\"\" class=\"wp-image-12578\" srcset=\"https:\/\/colegiomontessori.cl\/wp2\/wp-content\/uploads\/2022\/06\/concurso-reciclar-02.jpg 900w, https:\/\/colegiomontessori.cl\/wp2\/wp-content\/uploads\/2022\/06\/concurso-reciclar-02-300x275.jpg 300w, https:\/\/colegiomontessori.cl\/wp2\/wp-content\/uploads\/2022\/06\/concurso-reciclar-02-768x705.jpg 768w\" sizes=\"auto, (max-width: 900px) 100vw, 900px\" \/><\/a><\/figure>\n\n\n\n<figure class=\"wp-block-image size-large\"><a href=\"https:\/\/colegiomontessori.cl\/wp2\/wp-content\/uploads\/2022\/06\/concurso-reciclar-03.jpg\"><img loading=\"lazy\" decoding=\"async\" width=\"900\" height=\"671\" data-id=\"12579\" src=\"https:\/\/colegiomontessori.cl\/wp2\/wp-content\/uploads\/2022\/06\/concurso-reciclar-03.jpg\" alt=\"\" class=\"wp-image-12579\" srcset=\"https:\/\/colegiomontessori.cl\/wp2\/wp-content\/uploads\/2022\/06\/concurso-reciclar-03.jpg 900w, https:\/\/colegiomontessori.cl\/wp2\/wp-content\/uploads\/2022\/06\/concurso-reciclar-03-300x224.jpg 300w, https:\/\/colegiomontessori.cl\/wp2\/wp-content\/uploads\/2022\/06\/concurso-reciclar-03-768x573.jpg 768w\" sizes=\"auto, (max-width: 900px) 100vw, 900px\" \/><\/a><\/figure>\n<\/figure>\n\n\n\n<div style=\"height:30px\" aria-hidden=\"true\" class=\"wp-block-spacer\"><\/div>\n\n\n\n<p><strong>Equipos Responsables<\/strong><\/p>\n\n\n\n<p>Departamento de Ciencias<\/p>\n\n\n\n<p>Prof. Sara D\u00edaz, Coordinadora Ed. Media<br>Prof. Valeska Olivares, Coordinadora Ed. B\u00e1sica<br>Prof. Javiera Becerra, Taller Medioambiental<\/p>\n\n\n\n<p>Convivencia Escolar<\/p>\n\n\n\n<p>Ps. Nathalie Prices, Encargada de Convivencia Escolar<br>Ps. Margareth Palma, Apoyo Psicol\u00f3gico<br>Mat\u00edas Quezada, Estudiante en Pr\u00e1ctica<br>Camila Sabugo, Estudiante en Pr\u00e1ctica<\/p>\n\n\n\n<p>Centro de Estudiantes<\/p>\n\n\n\n<p>Macarena Santos, Presidente<br>Joaqu\u00edn Zeren\u00e9, Delegado de Culturas y Medio Ambiente<\/p>\n","protected":false},"excerpt":{"rendered":"<p>M\u00faltiples actividades para los estudiantes dieron vida a nuestro programa de celebraci\u00f3n del D\u00eda Mundial del Medio Ambiente. Charla Magistral En la oportunidad, inauguramos la jornada con la charla magistral \u00abMicrobiolog\u00eda y Medio Ambiente: Los Microorganismos como Indicadores de Contaminaci\u00f3n\u00bb a cargo del Dr. Joaqu\u00edn Rilling, investigador del Laboratorio de Ecolog\u00eda Microbiana Aplicada (Emalab) de &hellip;<\/p>\n<p class=\"read-more\"> <a class=\"\" href=\"https:\/\/colegiomontessori.cl\/wp2\/2022\/06\/08\/celebracion-del-dia-mundial-del-medio-ambiente\/\"> <span class=\"screen-reader-text\">Celebraci\u00f3n del \u00abD\u00eda Mundial del Medio Ambiente\u00bb<\/span> Leer m\u00e1s &raquo;<\/a><\/p>\n","protected":false},"author":2,"featured_media":12627,"comment_status":"closed","ping_status":"open","sticky":false,"template":"","format":"standard","meta":{"footnotes":""},"categories":[20,22,47],"tags":[],"class_list":["post-12611","post","type-post","status-publish","format-standard","has-post-thumbnail","hentry","category-ciencias","category-convivencia-escolar","category-medio-ambiente"],"_links":{"self":[{"href":"https:\/\/colegiomontessori.cl\/wp2\/wp-json\/wp\/v2\/posts\/12611","targetHints":{"allow":["GET"]}}],"collection":[{"href":"https:\/\/colegiomontessori.cl\/wp2\/wp-json\/wp\/v2\/posts"}],"about":[{"href":"https:\/\/colegiomontessori.cl\/wp2\/wp-json\/wp\/v2\/types\/post"}],"author":[{"embeddable":true,"href":"https:\/\/colegiomontessori.cl\/wp2\/wp-json\/wp\/v2\/users\/2"}],"replies":[{"embeddable":true,"href":"https:\/\/colegiomontessori.cl\/wp2\/wp-json\/wp\/v2\/comments?post=12611"}],"version-history":[{"count":6,"href":"https:\/\/colegiomontessori.cl\/wp2\/wp-json\/wp\/v2\/posts\/12611\/revisions"}],"predecessor-version":[{"id":14473,"href":"https:\/\/colegiomontessori.cl\/wp2\/wp-json\/wp\/v2\/posts\/12611\/revisions\/14473"}],"wp:featuredmedia":[{"embeddable":true,"href":"https:\/\/colegiomontessori.cl\/wp2\/wp-json\/wp\/v2\/media\/12627"}],"wp:attachment":[{"href":"https:\/\/colegiomontessori.cl\/wp2\/wp-json\/wp\/v2\/media?parent=12611"}],"wp:term":[{"taxonomy":"category","embeddable":true,"href":"https:\/\/colegiomontessori.cl\/wp2\/wp-json\/wp\/v2\/categories?post=12611"},{"taxonomy":"post_tag","embeddable":true,"href":"https:\/\/colegiomontessori.cl\/wp2\/wp-json\/wp\/v2\/tags?post=12611"}],"curies":[{"name":"wp","href":"https:\/\/api.w.org\/{rel}","templated":true}]}}