{"id":12655,"date":"2022-06-09T12:38:00","date_gmt":"2022-06-09T16:38:00","guid":{"rendered":"https:\/\/colegiomontessori.cl\/wp2\/?p=12655"},"modified":"2022-06-10T12:50:03","modified_gmt":"2022-06-10T16:50:03","slug":"primera-jornada-socioemocional-2022-abordo-la-sana-convivencia","status":"publish","type":"post","link":"https:\/\/colegiomontessori.cl\/wp2\/2022\/06\/09\/primera-jornada-socioemocional-2022-abordo-la-sana-convivencia\/","title":{"rendered":"Primera Jornada Socioemocional 2022 abord\u00f3 la sana Convivencia"},"content":{"rendered":"\n<p><strong>Actividad coordinada desde Direcci\u00f3n Acad\u00e9mica cont\u00f3 con la participaci\u00f3n de estudiantes de k\u00ednder a 4\u00b0 a\u00f1o medio.<\/strong><\/p>\n\n\n\n<p>\u00abHacia una sana Convivencia\u00bb se titul\u00f3 este a\u00f1o nuestra tradicional Jornada Socioemocional, actividad coordinada desde Direcci\u00f3n Acad\u00e9mica para todos los estudiantes de k\u00ednder a 4\u00b0 a\u00f1o medio, con diferentes talleres y din\u00e1micas a cargo de los equipos de Convivencia Escolar y el Programa de Integraci\u00f3n Escolar.<\/p>\n\n\n\n<p>Esta jornada busca abrir un espacio de di\u00e1logo y encuentro para iniciar un proceso de sensibilizaci\u00f3n y concientizaci\u00f3n sobre la sana convivencia en la comunidad educativa, adem\u00e1s de promover la inteligencia emocional y el conocimiento de conceptos que tributan a un adecuado proceso de formaci\u00f3n y socializaci\u00f3n en el contexto escolar.<\/p>\n\n\n\n<div style=\"height:30px\" aria-hidden=\"true\" class=\"wp-block-spacer\"><\/div>\n\n\n\n<p class=\"has-text-align-center\"><strong>JORNADA TARDE<\/strong><\/p>\n\n\n\n<figure class=\"wp-block-gallery has-nested-images columns-default is-cropped wp-block-gallery-1 is-layout-flex wp-block-gallery-is-layout-flex\">\n<figure class=\"wp-block-image size-large\"><a href=\"https:\/\/colegiomontessori.cl\/wp2\/wp-content\/uploads\/2022\/06\/jornada-socioemocional-tarde-1.jpg\"><img loading=\"lazy\" decoding=\"async\" width=\"600\" height=\"400\" data-id=\"12656\" src=\"https:\/\/colegiomontessori.cl\/wp2\/wp-content\/uploads\/2022\/06\/jornada-socioemocional-tarde-1.jpg\" alt=\"\" class=\"wp-image-12656\" srcset=\"https:\/\/colegiomontessori.cl\/wp2\/wp-content\/uploads\/2022\/06\/jornada-socioemocional-tarde-1.jpg 600w, https:\/\/colegiomontessori.cl\/wp2\/wp-content\/uploads\/2022\/06\/jornada-socioemocional-tarde-1-300x200.jpg 300w, https:\/\/colegiomontessori.cl\/wp2\/wp-content\/uploads\/2022\/06\/jornada-socioemocional-tarde-1-391x260.jpg 391w\" sizes=\"auto, (max-width: 600px) 100vw, 600px\" \/><\/a><\/figure>\n\n\n\n<figure class=\"wp-block-image size-large\"><a href=\"https:\/\/colegiomontessori.cl\/wp2\/wp-content\/uploads\/2022\/06\/jornada-socioemocional-tarde-2.jpg\"><img loading=\"lazy\" decoding=\"async\" width=\"600\" height=\"400\" data-id=\"12657\" src=\"https:\/\/colegiomontessori.cl\/wp2\/wp-content\/uploads\/2022\/06\/jornada-socioemocional-tarde-2.jpg\" alt=\"\" class=\"wp-image-12657\" srcset=\"https:\/\/colegiomontessori.cl\/wp2\/wp-content\/uploads\/2022\/06\/jornada-socioemocional-tarde-2.jpg 600w, https:\/\/colegiomontessori.cl\/wp2\/wp-content\/uploads\/2022\/06\/jornada-socioemocional-tarde-2-300x200.jpg 300w, https:\/\/colegiomontessori.cl\/wp2\/wp-content\/uploads\/2022\/06\/jornada-socioemocional-tarde-2-391x260.jpg 391w\" sizes=\"auto, (max-width: 600px) 100vw, 600px\" \/><\/a><\/figure>\n\n\n\n<figure class=\"wp-block-image size-large\"><a href=\"https:\/\/colegiomontessori.cl\/wp2\/wp-content\/uploads\/2022\/06\/jornada-socioemocional-tarde-3.jpg\"><img loading=\"lazy\" decoding=\"async\" width=\"600\" height=\"400\" data-id=\"12658\" src=\"https:\/\/colegiomontessori.cl\/wp2\/wp-content\/uploads\/2022\/06\/jornada-socioemocional-tarde-3.jpg\" alt=\"\" class=\"wp-image-12658\" srcset=\"https:\/\/colegiomontessori.cl\/wp2\/wp-content\/uploads\/2022\/06\/jornada-socioemocional-tarde-3.jpg 600w, https:\/\/colegiomontessori.cl\/wp2\/wp-content\/uploads\/2022\/06\/jornada-socioemocional-tarde-3-300x200.jpg 300w, https:\/\/colegiomontessori.cl\/wp2\/wp-content\/uploads\/2022\/06\/jornada-socioemocional-tarde-3-391x260.jpg 391w\" sizes=\"auto, (max-width: 600px) 100vw, 600px\" \/><\/a><\/figure>\n\n\n\n<figure class=\"wp-block-image size-large\"><a href=\"https:\/\/colegiomontessori.cl\/wp2\/wp-content\/uploads\/2022\/06\/jornada-socioemocional-tarde-5.jpg\"><img loading=\"lazy\" decoding=\"async\" width=\"600\" height=\"400\" data-id=\"12660\" src=\"https:\/\/colegiomontessori.cl\/wp2\/wp-content\/uploads\/2022\/06\/jornada-socioemocional-tarde-5.jpg\" alt=\"\" class=\"wp-image-12660\" srcset=\"https:\/\/colegiomontessori.cl\/wp2\/wp-content\/uploads\/2022\/06\/jornada-socioemocional-tarde-5.jpg 600w, https:\/\/colegiomontessori.cl\/wp2\/wp-content\/uploads\/2022\/06\/jornada-socioemocional-tarde-5-300x200.jpg 300w, https:\/\/colegiomontessori.cl\/wp2\/wp-content\/uploads\/2022\/06\/jornada-socioemocional-tarde-5-391x260.jpg 391w\" sizes=\"auto, (max-width: 600px) 100vw, 600px\" \/><\/a><\/figure>\n\n\n\n<figure class=\"wp-block-image size-large\"><a href=\"https:\/\/colegiomontessori.cl\/wp2\/wp-content\/uploads\/2022\/06\/jornada-socioemocional-tarde-6.jpg\"><img loading=\"lazy\" decoding=\"async\" width=\"600\" height=\"400\" data-id=\"12661\" src=\"https:\/\/colegiomontessori.cl\/wp2\/wp-content\/uploads\/2022\/06\/jornada-socioemocional-tarde-6.jpg\" alt=\"\" class=\"wp-image-12661\" srcset=\"https:\/\/colegiomontessori.cl\/wp2\/wp-content\/uploads\/2022\/06\/jornada-socioemocional-tarde-6.jpg 600w, https:\/\/colegiomontessori.cl\/wp2\/wp-content\/uploads\/2022\/06\/jornada-socioemocional-tarde-6-300x200.jpg 300w, https:\/\/colegiomontessori.cl\/wp2\/wp-content\/uploads\/2022\/06\/jornada-socioemocional-tarde-6-391x260.jpg 391w\" sizes=\"auto, (max-width: 600px) 100vw, 600px\" \/><\/a><\/figure>\n\n\n\n<figure class=\"wp-block-image size-large\"><a href=\"https:\/\/colegiomontessori.cl\/wp2\/wp-content\/uploads\/2022\/06\/jornada-socioemocional-tarde-7.jpg\"><img loading=\"lazy\" decoding=\"async\" width=\"600\" height=\"400\" data-id=\"12662\" src=\"https:\/\/colegiomontessori.cl\/wp2\/wp-content\/uploads\/2022\/06\/jornada-socioemocional-tarde-7.jpg\" alt=\"\" class=\"wp-image-12662\" srcset=\"https:\/\/colegiomontessori.cl\/wp2\/wp-content\/uploads\/2022\/06\/jornada-socioemocional-tarde-7.jpg 600w, https:\/\/colegiomontessori.cl\/wp2\/wp-content\/uploads\/2022\/06\/jornada-socioemocional-tarde-7-300x200.jpg 300w, https:\/\/colegiomontessori.cl\/wp2\/wp-content\/uploads\/2022\/06\/jornada-socioemocional-tarde-7-391x260.jpg 391w\" sizes=\"auto, (max-width: 600px) 100vw, 600px\" \/><\/a><\/figure>\n\n\n\n<figure class=\"wp-block-image size-large\"><a href=\"https:\/\/colegiomontessori.cl\/wp2\/wp-content\/uploads\/2022\/06\/jornada-socioemocional-tarde-8.jpg\"><img loading=\"lazy\" decoding=\"async\" width=\"600\" height=\"400\" data-id=\"12663\" src=\"https:\/\/colegiomontessori.cl\/wp2\/wp-content\/uploads\/2022\/06\/jornada-socioemocional-tarde-8.jpg\" alt=\"\" class=\"wp-image-12663\" srcset=\"https:\/\/colegiomontessori.cl\/wp2\/wp-content\/uploads\/2022\/06\/jornada-socioemocional-tarde-8.jpg 600w, https:\/\/colegiomontessori.cl\/wp2\/wp-content\/uploads\/2022\/06\/jornada-socioemocional-tarde-8-300x200.jpg 300w, https:\/\/colegiomontessori.cl\/wp2\/wp-content\/uploads\/2022\/06\/jornada-socioemocional-tarde-8-391x260.jpg 391w\" sizes=\"auto, (max-width: 600px) 100vw, 600px\" \/><\/a><\/figure>\n\n\n\n<figure class=\"wp-block-image size-large\"><a href=\"https:\/\/colegiomontessori.cl\/wp2\/wp-content\/uploads\/2022\/06\/jornada-socioemocional-tarde-9.jpg\"><img loading=\"lazy\" decoding=\"async\" width=\"600\" height=\"400\" data-id=\"12664\" src=\"https:\/\/colegiomontessori.cl\/wp2\/wp-content\/uploads\/2022\/06\/jornada-socioemocional-tarde-9.jpg\" alt=\"\" class=\"wp-image-12664\" srcset=\"https:\/\/colegiomontessori.cl\/wp2\/wp-content\/uploads\/2022\/06\/jornada-socioemocional-tarde-9.jpg 600w, https:\/\/colegiomontessori.cl\/wp2\/wp-content\/uploads\/2022\/06\/jornada-socioemocional-tarde-9-300x200.jpg 300w, https:\/\/colegiomontessori.cl\/wp2\/wp-content\/uploads\/2022\/06\/jornada-socioemocional-tarde-9-391x260.jpg 391w\" sizes=\"auto, (max-width: 600px) 100vw, 600px\" \/><\/a><\/figure>\n\n\n\n<figure class=\"wp-block-image size-large\"><a href=\"https:\/\/colegiomontessori.cl\/wp2\/wp-content\/uploads\/2022\/06\/jornada-socioemocional-tarde-10.jpeg\"><img loading=\"lazy\" decoding=\"async\" width=\"1600\" height=\"1067\" data-id=\"12665\" src=\"https:\/\/colegiomontessori.cl\/wp2\/wp-content\/uploads\/2022\/06\/jornada-socioemocional-tarde-10.jpeg\" alt=\"\" class=\"wp-image-12665\" srcset=\"https:\/\/colegiomontessori.cl\/wp2\/wp-content\/uploads\/2022\/06\/jornada-socioemocional-tarde-10.jpeg 1600w, https:\/\/colegiomontessori.cl\/wp2\/wp-content\/uploads\/2022\/06\/jornada-socioemocional-tarde-10-300x200.jpeg 300w, https:\/\/colegiomontessori.cl\/wp2\/wp-content\/uploads\/2022\/06\/jornada-socioemocional-tarde-10-1024x683.jpeg 1024w, https:\/\/colegiomontessori.cl\/wp2\/wp-content\/uploads\/2022\/06\/jornada-socioemocional-tarde-10-768x512.jpeg 768w, https:\/\/colegiomontessori.cl\/wp2\/wp-content\/uploads\/2022\/06\/jornada-socioemocional-tarde-10-391x260.jpeg 391w, https:\/\/colegiomontessori.cl\/wp2\/wp-content\/uploads\/2022\/06\/jornada-socioemocional-tarde-10-1536x1024.jpeg 1536w\" sizes=\"auto, (max-width: 1600px) 100vw, 1600px\" \/><\/a><\/figure>\n\n\n\n<figure class=\"wp-block-image size-large\"><a href=\"https:\/\/colegiomontessori.cl\/wp2\/wp-content\/uploads\/2022\/06\/jornada-socioemocional-tarde-4.jpg\"><img loading=\"lazy\" decoding=\"async\" width=\"600\" height=\"400\" data-id=\"12659\" src=\"https:\/\/colegiomontessori.cl\/wp2\/wp-content\/uploads\/2022\/06\/jornada-socioemocional-tarde-4.jpg\" alt=\"\" class=\"wp-image-12659\" srcset=\"https:\/\/colegiomontessori.cl\/wp2\/wp-content\/uploads\/2022\/06\/jornada-socioemocional-tarde-4.jpg 600w, https:\/\/colegiomontessori.cl\/wp2\/wp-content\/uploads\/2022\/06\/jornada-socioemocional-tarde-4-300x200.jpg 300w, https:\/\/colegiomontessori.cl\/wp2\/wp-content\/uploads\/2022\/06\/jornada-socioemocional-tarde-4-391x260.jpg 391w\" sizes=\"auto, (max-width: 600px) 100vw, 600px\" \/><\/a><\/figure>\n<\/figure>\n\n\n\n<div style=\"height:30px\" aria-hidden=\"true\" class=\"wp-block-spacer\"><\/div>\n\n\n\n<p class=\"has-text-align-center\"><strong>JORNADA MA\u00d1ANA<\/strong><\/p>\n\n\n\n<figure class=\"wp-block-gallery has-nested-images columns-default is-cropped wp-block-gallery-2 is-layout-flex wp-block-gallery-is-layout-flex\">\n<figure class=\"wp-block-image size-large\"><a href=\"https:\/\/colegiomontessori.cl\/wp2\/wp-content\/uploads\/2022\/06\/jornada-socioemocional-manana-1.jpg\"><img loading=\"lazy\" decoding=\"async\" width=\"600\" height=\"400\" data-id=\"12666\" src=\"https:\/\/colegiomontessori.cl\/wp2\/wp-content\/uploads\/2022\/06\/jornada-socioemocional-manana-1.jpg\" alt=\"\" class=\"wp-image-12666\" srcset=\"https:\/\/colegiomontessori.cl\/wp2\/wp-content\/uploads\/2022\/06\/jornada-socioemocional-manana-1.jpg 600w, https:\/\/colegiomontessori.cl\/wp2\/wp-content\/uploads\/2022\/06\/jornada-socioemocional-manana-1-300x200.jpg 300w, https:\/\/colegiomontessori.cl\/wp2\/wp-content\/uploads\/2022\/06\/jornada-socioemocional-manana-1-391x260.jpg 391w\" sizes=\"auto, (max-width: 600px) 100vw, 600px\" \/><\/a><\/figure>\n\n\n\n<figure class=\"wp-block-image size-large\"><a href=\"https:\/\/colegiomontessori.cl\/wp2\/wp-content\/uploads\/2022\/06\/jornada-socioemocional-manana-2.jpg\"><img loading=\"lazy\" decoding=\"async\" width=\"600\" height=\"400\" data-id=\"12667\" src=\"https:\/\/colegiomontessori.cl\/wp2\/wp-content\/uploads\/2022\/06\/jornada-socioemocional-manana-2.jpg\" alt=\"\" class=\"wp-image-12667\" srcset=\"https:\/\/colegiomontessori.cl\/wp2\/wp-content\/uploads\/2022\/06\/jornada-socioemocional-manana-2.jpg 600w, https:\/\/colegiomontessori.cl\/wp2\/wp-content\/uploads\/2022\/06\/jornada-socioemocional-manana-2-300x200.jpg 300w, https:\/\/colegiomontessori.cl\/wp2\/wp-content\/uploads\/2022\/06\/jornada-socioemocional-manana-2-391x260.jpg 391w\" sizes=\"auto, (max-width: 600px) 100vw, 600px\" \/><\/a><\/figure>\n\n\n\n<figure class=\"wp-block-image size-large\"><a href=\"https:\/\/colegiomontessori.cl\/wp2\/wp-content\/uploads\/2022\/06\/jornada-socioemocional-manana-5.jpg\"><img loading=\"lazy\" decoding=\"async\" width=\"600\" height=\"400\" data-id=\"12670\" src=\"https:\/\/colegiomontessori.cl\/wp2\/wp-content\/uploads\/2022\/06\/jornada-socioemocional-manana-5.jpg\" alt=\"\" class=\"wp-image-12670\" srcset=\"https:\/\/colegiomontessori.cl\/wp2\/wp-content\/uploads\/2022\/06\/jornada-socioemocional-manana-5.jpg 600w, https:\/\/colegiomontessori.cl\/wp2\/wp-content\/uploads\/2022\/06\/jornada-socioemocional-manana-5-300x200.jpg 300w, https:\/\/colegiomontessori.cl\/wp2\/wp-content\/uploads\/2022\/06\/jornada-socioemocional-manana-5-391x260.jpg 391w\" sizes=\"auto, (max-width: 600px) 100vw, 600px\" \/><\/a><\/figure>\n\n\n\n<figure class=\"wp-block-image size-large\"><a href=\"https:\/\/colegiomontessori.cl\/wp2\/wp-content\/uploads\/2022\/06\/jornada-socioemocional-manana-3.jpg\"><img loading=\"lazy\" decoding=\"async\" width=\"600\" height=\"400\" data-id=\"12668\" src=\"https:\/\/colegiomontessori.cl\/wp2\/wp-content\/uploads\/2022\/06\/jornada-socioemocional-manana-3.jpg\" alt=\"\" class=\"wp-image-12668\" srcset=\"https:\/\/colegiomontessori.cl\/wp2\/wp-content\/uploads\/2022\/06\/jornada-socioemocional-manana-3.jpg 600w, https:\/\/colegiomontessori.cl\/wp2\/wp-content\/uploads\/2022\/06\/jornada-socioemocional-manana-3-300x200.jpg 300w, https:\/\/colegiomontessori.cl\/wp2\/wp-content\/uploads\/2022\/06\/jornada-socioemocional-manana-3-391x260.jpg 391w\" sizes=\"auto, (max-width: 600px) 100vw, 600px\" \/><\/a><\/figure>\n\n\n\n<figure class=\"wp-block-image size-large\"><a href=\"https:\/\/colegiomontessori.cl\/wp2\/wp-content\/uploads\/2022\/06\/jornada-socioemocional-manana-4.jpg\"><img loading=\"lazy\" decoding=\"async\" width=\"600\" height=\"400\" data-id=\"12669\" src=\"https:\/\/colegiomontessori.cl\/wp2\/wp-content\/uploads\/2022\/06\/jornada-socioemocional-manana-4.jpg\" alt=\"\" class=\"wp-image-12669\" srcset=\"https:\/\/colegiomontessori.cl\/wp2\/wp-content\/uploads\/2022\/06\/jornada-socioemocional-manana-4.jpg 600w, https:\/\/colegiomontessori.cl\/wp2\/wp-content\/uploads\/2022\/06\/jornada-socioemocional-manana-4-300x200.jpg 300w, https:\/\/colegiomontessori.cl\/wp2\/wp-content\/uploads\/2022\/06\/jornada-socioemocional-manana-4-391x260.jpg 391w\" sizes=\"auto, (max-width: 600px) 100vw, 600px\" \/><\/a><\/figure>\n\n\n\n<figure class=\"wp-block-image size-large\"><a href=\"https:\/\/colegiomontessori.cl\/wp2\/wp-content\/uploads\/2022\/06\/jornada-socioemocional-manana-6.jpg\"><img loading=\"lazy\" decoding=\"async\" width=\"600\" height=\"400\" data-id=\"12671\" src=\"https:\/\/colegiomontessori.cl\/wp2\/wp-content\/uploads\/2022\/06\/jornada-socioemocional-manana-6.jpg\" alt=\"\" class=\"wp-image-12671\" srcset=\"https:\/\/colegiomontessori.cl\/wp2\/wp-content\/uploads\/2022\/06\/jornada-socioemocional-manana-6.jpg 600w, https:\/\/colegiomontessori.cl\/wp2\/wp-content\/uploads\/2022\/06\/jornada-socioemocional-manana-6-300x200.jpg 300w, https:\/\/colegiomontessori.cl\/wp2\/wp-content\/uploads\/2022\/06\/jornada-socioemocional-manana-6-391x260.jpg 391w\" sizes=\"auto, (max-width: 600px) 100vw, 600px\" \/><\/a><\/figure>\n\n\n\n<figure class=\"wp-block-image size-large\"><a href=\"https:\/\/colegiomontessori.cl\/wp2\/wp-content\/uploads\/2022\/06\/jornada-socioemocional-manana-7.jpg\"><img loading=\"lazy\" decoding=\"async\" width=\"600\" height=\"400\" data-id=\"12672\" src=\"https:\/\/colegiomontessori.cl\/wp2\/wp-content\/uploads\/2022\/06\/jornada-socioemocional-manana-7.jpg\" alt=\"\" class=\"wp-image-12672\" srcset=\"https:\/\/colegiomontessori.cl\/wp2\/wp-content\/uploads\/2022\/06\/jornada-socioemocional-manana-7.jpg 600w, https:\/\/colegiomontessori.cl\/wp2\/wp-content\/uploads\/2022\/06\/jornada-socioemocional-manana-7-300x200.jpg 300w, https:\/\/colegiomontessori.cl\/wp2\/wp-content\/uploads\/2022\/06\/jornada-socioemocional-manana-7-391x260.jpg 391w\" sizes=\"auto, (max-width: 600px) 100vw, 600px\" \/><\/a><\/figure>\n\n\n\n<figure class=\"wp-block-image size-large\"><a href=\"https:\/\/colegiomontessori.cl\/wp2\/wp-content\/uploads\/2022\/06\/jornada-socioemocional-manana-8.jpg\"><img loading=\"lazy\" decoding=\"async\" width=\"600\" height=\"400\" data-id=\"12673\" src=\"https:\/\/colegiomontessori.cl\/wp2\/wp-content\/uploads\/2022\/06\/jornada-socioemocional-manana-8.jpg\" alt=\"\" class=\"wp-image-12673\" srcset=\"https:\/\/colegiomontessori.cl\/wp2\/wp-content\/uploads\/2022\/06\/jornada-socioemocional-manana-8.jpg 600w, https:\/\/colegiomontessori.cl\/wp2\/wp-content\/uploads\/2022\/06\/jornada-socioemocional-manana-8-300x200.jpg 300w, https:\/\/colegiomontessori.cl\/wp2\/wp-content\/uploads\/2022\/06\/jornada-socioemocional-manana-8-391x260.jpg 391w\" sizes=\"auto, (max-width: 600px) 100vw, 600px\" \/><\/a><\/figure>\n\n\n\n<figure class=\"wp-block-image size-large\"><a href=\"https:\/\/colegiomontessori.cl\/wp2\/wp-content\/uploads\/2022\/06\/jornada-socioemocional-manana-10.jpeg\"><img loading=\"lazy\" decoding=\"async\" width=\"1200\" height=\"801\" data-id=\"12675\" src=\"https:\/\/colegiomontessori.cl\/wp2\/wp-content\/uploads\/2022\/06\/jornada-socioemocional-manana-10.jpeg\" alt=\"\" class=\"wp-image-12675\" srcset=\"https:\/\/colegiomontessori.cl\/wp2\/wp-content\/uploads\/2022\/06\/jornada-socioemocional-manana-10.jpeg 1200w, https:\/\/colegiomontessori.cl\/wp2\/wp-content\/uploads\/2022\/06\/jornada-socioemocional-manana-10-300x200.jpeg 300w, https:\/\/colegiomontessori.cl\/wp2\/wp-content\/uploads\/2022\/06\/jornada-socioemocional-manana-10-1024x684.jpeg 1024w, https:\/\/colegiomontessori.cl\/wp2\/wp-content\/uploads\/2022\/06\/jornada-socioemocional-manana-10-768x513.jpeg 768w, https:\/\/colegiomontessori.cl\/wp2\/wp-content\/uploads\/2022\/06\/jornada-socioemocional-manana-10-391x260.jpeg 391w\" sizes=\"auto, (max-width: 1200px) 100vw, 1200px\" \/><\/a><\/figure>\n\n\n\n<figure class=\"wp-block-image size-large\"><a href=\"https:\/\/colegiomontessori.cl\/wp2\/wp-content\/uploads\/2022\/06\/jornada-socioemocional-manana-9.jpg\"><img loading=\"lazy\" decoding=\"async\" width=\"600\" height=\"400\" data-id=\"12674\" src=\"https:\/\/colegiomontessori.cl\/wp2\/wp-content\/uploads\/2022\/06\/jornada-socioemocional-manana-9.jpg\" alt=\"\" class=\"wp-image-12674\" srcset=\"https:\/\/colegiomontessori.cl\/wp2\/wp-content\/uploads\/2022\/06\/jornada-socioemocional-manana-9.jpg 600w, https:\/\/colegiomontessori.cl\/wp2\/wp-content\/uploads\/2022\/06\/jornada-socioemocional-manana-9-300x200.jpg 300w, https:\/\/colegiomontessori.cl\/wp2\/wp-content\/uploads\/2022\/06\/jornada-socioemocional-manana-9-391x260.jpg 391w\" sizes=\"auto, (max-width: 600px) 100vw, 600px\" \/><\/a><\/figure>\n<\/figure>\n","protected":false},"excerpt":{"rendered":"<p>Actividad coordinada desde Direcci\u00f3n Acad\u00e9mica cont\u00f3 con la participaci\u00f3n de estudiantes de k\u00ednder a 4\u00b0 a\u00f1o medio. \u00abHacia una sana Convivencia\u00bb se titul\u00f3 este a\u00f1o nuestra tradicional Jornada Socioemocional, actividad coordinada desde Direcci\u00f3n Acad\u00e9mica para todos los estudiantes de k\u00ednder a 4\u00b0 a\u00f1o medio, con diferentes talleres y din\u00e1micas a cargo de los equipos de &hellip;<\/p>\n<p class=\"read-more\"> <a class=\"\" href=\"https:\/\/colegiomontessori.cl\/wp2\/2022\/06\/09\/primera-jornada-socioemocional-2022-abordo-la-sana-convivencia\/\"> <span class=\"screen-reader-text\">Primera Jornada Socioemocional 2022 abord\u00f3 la sana Convivencia<\/span> Leer m\u00e1s &raquo;<\/a><\/p>\n","protected":false},"author":2,"featured_media":12670,"comment_status":"closed","ping_status":"open","sticky":false,"template":"","format":"standard","meta":{"footnotes":""},"categories":[21,22,29],"tags":[],"class_list":["post-12655","post","type-post","status-publish","format-standard","has-post-thumbnail","hentry","category-area-academica","category-convivencia-escolar","category-inclusion"],"_links":{"self":[{"href":"https:\/\/colegiomontessori.cl\/wp2\/wp-json\/wp\/v2\/posts\/12655","targetHints":{"allow":["GET"]}}],"collection":[{"href":"https:\/\/colegiomontessori.cl\/wp2\/wp-json\/wp\/v2\/posts"}],"about":[{"href":"https:\/\/colegiomontessori.cl\/wp2\/wp-json\/wp\/v2\/types\/post"}],"author":[{"embeddable":true,"href":"https:\/\/colegiomontessori.cl\/wp2\/wp-json\/wp\/v2\/users\/2"}],"replies":[{"embeddable":true,"href":"https:\/\/colegiomontessori.cl\/wp2\/wp-json\/wp\/v2\/comments?post=12655"}],"version-history":[{"count":2,"href":"https:\/\/colegiomontessori.cl\/wp2\/wp-json\/wp\/v2\/posts\/12655\/revisions"}],"predecessor-version":[{"id":12677,"href":"https:\/\/colegiomontessori.cl\/wp2\/wp-json\/wp\/v2\/posts\/12655\/revisions\/12677"}],"wp:featuredmedia":[{"embeddable":true,"href":"https:\/\/colegiomontessori.cl\/wp2\/wp-json\/wp\/v2\/media\/12670"}],"wp:attachment":[{"href":"https:\/\/colegiomontessori.cl\/wp2\/wp-json\/wp\/v2\/media?parent=12655"}],"wp:term":[{"taxonomy":"category","embeddable":true,"href":"https:\/\/colegiomontessori.cl\/wp2\/wp-json\/wp\/v2\/categories?post=12655"},{"taxonomy":"post_tag","embeddable":true,"href":"https:\/\/colegiomontessori.cl\/wp2\/wp-json\/wp\/v2\/tags?post=12655"}],"curies":[{"name":"wp","href":"https:\/\/api.w.org\/{rel}","templated":true}]}}