{"id":13884,"date":"2022-09-15T10:35:00","date_gmt":"2022-09-15T13:35:00","guid":{"rendered":"https:\/\/colegiomontessori.cl\/wp2\/?p=13884"},"modified":"2022-09-19T23:02:45","modified_gmt":"2022-09-20T02:02:45","slug":"15-de-septiembre-dia-internacional-de-la-democracia","status":"publish","type":"post","link":"https:\/\/colegiomontessori.cl\/wp2\/2022\/09\/15\/15-de-septiembre-dia-internacional-de-la-democracia\/","title":{"rendered":"15 de Septiembre: D\u00eda Internacional de la Democracia"},"content":{"rendered":"\n<p>Cada a\u00f1o, el D\u00eda Internacional de la Democracia trabaja en torno a un lema y este 2022 es:\u00a0<em><strong>\u00ab<\/strong><\/em>Proteger la Libertad de Prensa para la Democracia\u00bb,<em><strong> <\/strong><\/em>buscando proteger a los medios de comunicaci\u00f3n para que sean libres, independientes y plurales para que puedan informar a las personas sobre cuestiones de inter\u00e9s p\u00fablico.<\/p>\n\n\n\n<figure class=\"wp-block-gallery has-nested-images columns-1 is-cropped wp-block-gallery-1 is-layout-flex wp-block-gallery-is-layout-flex\">\n<figure class=\"wp-block-image size-large\"><a href=\"https:\/\/colegiomontessori.cl\/wp2\/wp-content\/uploads\/2022\/09\/dia-democracia-2.jpg\"><img loading=\"lazy\" decoding=\"async\" width=\"1080\" height=\"1080\" data-id=\"13888\" src=\"https:\/\/colegiomontessori.cl\/wp2\/wp-content\/uploads\/2022\/09\/dia-democracia-2.jpg\" alt=\"\" class=\"wp-image-13888\" srcset=\"https:\/\/colegiomontessori.cl\/wp2\/wp-content\/uploads\/2022\/09\/dia-democracia-2.jpg 1080w, https:\/\/colegiomontessori.cl\/wp2\/wp-content\/uploads\/2022\/09\/dia-democracia-2-300x300.jpg 300w, https:\/\/colegiomontessori.cl\/wp2\/wp-content\/uploads\/2022\/09\/dia-democracia-2-1024x1024.jpg 1024w, https:\/\/colegiomontessori.cl\/wp2\/wp-content\/uploads\/2022\/09\/dia-democracia-2-150x150.jpg 150w, https:\/\/colegiomontessori.cl\/wp2\/wp-content\/uploads\/2022\/09\/dia-democracia-2-768x768.jpg 768w, https:\/\/colegiomontessori.cl\/wp2\/wp-content\/uploads\/2022\/09\/dia-democracia-2-250x250.jpg 250w\" sizes=\"auto, (max-width: 1080px) 100vw, 1080px\" \/><\/a><\/figure>\n\n\n\n<figure class=\"wp-block-image size-large\"><a href=\"https:\/\/colegiomontessori.cl\/wp2\/wp-content\/uploads\/2022\/09\/dia-democracia-3.jpg\"><img loading=\"lazy\" decoding=\"async\" width=\"1080\" height=\"1080\" data-id=\"13886\" src=\"https:\/\/colegiomontessori.cl\/wp2\/wp-content\/uploads\/2022\/09\/dia-democracia-3.jpg\" alt=\"\" class=\"wp-image-13886\" srcset=\"https:\/\/colegiomontessori.cl\/wp2\/wp-content\/uploads\/2022\/09\/dia-democracia-3.jpg 1080w, https:\/\/colegiomontessori.cl\/wp2\/wp-content\/uploads\/2022\/09\/dia-democracia-3-300x300.jpg 300w, https:\/\/colegiomontessori.cl\/wp2\/wp-content\/uploads\/2022\/09\/dia-democracia-3-1024x1024.jpg 1024w, https:\/\/colegiomontessori.cl\/wp2\/wp-content\/uploads\/2022\/09\/dia-democracia-3-150x150.jpg 150w, https:\/\/colegiomontessori.cl\/wp2\/wp-content\/uploads\/2022\/09\/dia-democracia-3-768x768.jpg 768w, https:\/\/colegiomontessori.cl\/wp2\/wp-content\/uploads\/2022\/09\/dia-democracia-3-250x250.jpg 250w\" sizes=\"auto, (max-width: 1080px) 100vw, 1080px\" \/><\/a><\/figure>\n\n\n\n<figure class=\"wp-block-image size-large\"><a href=\"https:\/\/colegiomontessori.cl\/wp2\/wp-content\/uploads\/2022\/09\/dia-democracia-4.jpg\"><img loading=\"lazy\" decoding=\"async\" width=\"1080\" height=\"1080\" data-id=\"13887\" src=\"https:\/\/colegiomontessori.cl\/wp2\/wp-content\/uploads\/2022\/09\/dia-democracia-4.jpg\" alt=\"\" class=\"wp-image-13887\" srcset=\"https:\/\/colegiomontessori.cl\/wp2\/wp-content\/uploads\/2022\/09\/dia-democracia-4.jpg 1080w, https:\/\/colegiomontessori.cl\/wp2\/wp-content\/uploads\/2022\/09\/dia-democracia-4-300x300.jpg 300w, https:\/\/colegiomontessori.cl\/wp2\/wp-content\/uploads\/2022\/09\/dia-democracia-4-1024x1024.jpg 1024w, https:\/\/colegiomontessori.cl\/wp2\/wp-content\/uploads\/2022\/09\/dia-democracia-4-150x150.jpg 150w, https:\/\/colegiomontessori.cl\/wp2\/wp-content\/uploads\/2022\/09\/dia-democracia-4-768x768.jpg 768w, https:\/\/colegiomontessori.cl\/wp2\/wp-content\/uploads\/2022\/09\/dia-democracia-4-250x250.jpg 250w\" sizes=\"auto, (max-width: 1080px) 100vw, 1080px\" \/><\/a><\/figure>\n<\/figure>\n\n\n\n<p>Infograf\u00eda: Convivencia Escolar<\/p>\n\n\n\n<p><\/p>\n","protected":false},"excerpt":{"rendered":"<p>Cada a\u00f1o, el D\u00eda Internacional de la Democracia trabaja en torno a un lema y este 2022 es:\u00a0\u00abProteger la Libertad de Prensa para la Democracia\u00bb, buscando proteger a los medios de comunicaci\u00f3n para que sean libres, independientes y plurales para que puedan informar a las personas sobre cuestiones de inter\u00e9s p\u00fablico. Infograf\u00eda: Convivencia Escolar<\/p>\n","protected":false},"author":2,"featured_media":13885,"comment_status":"closed","ping_status":"open","sticky":false,"template":"","format":"standard","meta":{"footnotes":""},"categories":[42],"tags":[],"class_list":["post-13884","post","type-post","status-publish","format-standard","has-post-thumbnail","hentry","category-efemerides"],"_links":{"self":[{"href":"https:\/\/colegiomontessori.cl\/wp2\/wp-json\/wp\/v2\/posts\/13884","targetHints":{"allow":["GET"]}}],"collection":[{"href":"https:\/\/colegiomontessori.cl\/wp2\/wp-json\/wp\/v2\/posts"}],"about":[{"href":"https:\/\/colegiomontessori.cl\/wp2\/wp-json\/wp\/v2\/types\/post"}],"author":[{"embeddable":true,"href":"https:\/\/colegiomontessori.cl\/wp2\/wp-json\/wp\/v2\/users\/2"}],"replies":[{"embeddable":true,"href":"https:\/\/colegiomontessori.cl\/wp2\/wp-json\/wp\/v2\/comments?post=13884"}],"version-history":[{"count":3,"href":"https:\/\/colegiomontessori.cl\/wp2\/wp-json\/wp\/v2\/posts\/13884\/revisions"}],"predecessor-version":[{"id":13891,"href":"https:\/\/colegiomontessori.cl\/wp2\/wp-json\/wp\/v2\/posts\/13884\/revisions\/13891"}],"wp:featuredmedia":[{"embeddable":true,"href":"https:\/\/colegiomontessori.cl\/wp2\/wp-json\/wp\/v2\/media\/13885"}],"wp:attachment":[{"href":"https:\/\/colegiomontessori.cl\/wp2\/wp-json\/wp\/v2\/media?parent=13884"}],"wp:term":[{"taxonomy":"category","embeddable":true,"href":"https:\/\/colegiomontessori.cl\/wp2\/wp-json\/wp\/v2\/categories?post=13884"},{"taxonomy":"post_tag","embeddable":true,"href":"https:\/\/colegiomontessori.cl\/wp2\/wp-json\/wp\/v2\/tags?post=13884"}],"curies":[{"name":"wp","href":"https:\/\/api.w.org\/{rel}","templated":true}]}}