{"id":14146,"date":"2022-10-05T09:04:00","date_gmt":"2022-10-05T12:04:00","guid":{"rendered":"https:\/\/colegiomontessori.cl\/wp2\/?p=14146"},"modified":"2022-10-07T09:45:41","modified_gmt":"2022-10-07T12:45:41","slug":"colegio-montessori-se-prepara-con-entusiasmo-para-celebrar-su-43-aniversario","status":"publish","type":"post","link":"https:\/\/colegiomontessori.cl\/wp2\/2022\/10\/05\/colegio-montessori-se-prepara-con-entusiasmo-para-celebrar-su-43-aniversario\/","title":{"rendered":"Colegio Montessori se prepara con entusiasmo para celebrar su 43\u00b0 Aniversario"},"content":{"rendered":"\n<p><strong>Comienza el mes de octubre y junto a este el esperado Aniversario N\u00b043 de nuestro Colegio Montessori, en el cual, tanto alumnos, como profesores y funcionarios, se re\u00fanen para participar en diversas actividades, las que se llevar\u00e1n a cabo entre el 11 y 14 de este mes.<\/strong><\/p>\n\n\n\n<p>Tras dos a\u00f1os en los que se vieron afectados por la pandemia, los estudiantes podr\u00e1n finalmente volver a participar de manera presencial del tan esperado Aniversario Institucional.<\/p>\n\n\n\n<p>En esta ocasi\u00f3n, para la Jornada de la Ma\u00f1ana, cada alianza se encuentra conformada por los siguientes cursos: Alianza Negra 8\u00b0A, 1\u00b0B, 3\u00b0B; Alianza Roja 8\u00b0B, 1\u00b0A, 3\u00b0A; Alianza Blanca: 7\u00b0A, 2\u00b0C, 4\u00b0B; y Alianza Verde, que cuenta con 7\u00b0B, 2\u00b0B, 2\u00b0A y 4\u00b0A. Adem\u00e1s, con el objetivo de innovar, se realiz\u00f3 un sorteo en el que cada alianza fue asignada con una \u00e9poca, siendo estas los 70\u2019s, 80\u2019s, 90\u2019s y 2000&#8217;s.<\/p>\n\n\n\n<figure class=\"wp-block-gallery has-nested-images columns-2 is-cropped wp-block-gallery-1 is-layout-flex wp-block-gallery-is-layout-flex\">\n<figure class=\"wp-block-image size-large\"><a href=\"https:\/\/colegiomontessori.cl\/wp2\/wp-content\/uploads\/2022\/10\/aniversario-previa-2.jpg\"><img loading=\"lazy\" decoding=\"async\" width=\"900\" height=\"675\" data-id=\"14148\" src=\"https:\/\/colegiomontessori.cl\/wp2\/wp-content\/uploads\/2022\/10\/aniversario-previa-2.jpg\" alt=\"\" class=\"wp-image-14148\" srcset=\"https:\/\/colegiomontessori.cl\/wp2\/wp-content\/uploads\/2022\/10\/aniversario-previa-2.jpg 900w, https:\/\/colegiomontessori.cl\/wp2\/wp-content\/uploads\/2022\/10\/aniversario-previa-2-300x225.jpg 300w, https:\/\/colegiomontessori.cl\/wp2\/wp-content\/uploads\/2022\/10\/aniversario-previa-2-768x576.jpg 768w\" sizes=\"auto, (max-width: 900px) 100vw, 900px\" \/><\/a><\/figure>\n\n\n\n<figure class=\"wp-block-image size-large\"><a href=\"https:\/\/colegiomontessori.cl\/wp2\/wp-content\/uploads\/2022\/10\/aniversario-previa-9.jpg\"><img loading=\"lazy\" decoding=\"async\" width=\"900\" height=\"506\" data-id=\"14155\" src=\"https:\/\/colegiomontessori.cl\/wp2\/wp-content\/uploads\/2022\/10\/aniversario-previa-9.jpg\" alt=\"\" class=\"wp-image-14155\" srcset=\"https:\/\/colegiomontessori.cl\/wp2\/wp-content\/uploads\/2022\/10\/aniversario-previa-9.jpg 900w, https:\/\/colegiomontessori.cl\/wp2\/wp-content\/uploads\/2022\/10\/aniversario-previa-9-300x169.jpg 300w, https:\/\/colegiomontessori.cl\/wp2\/wp-content\/uploads\/2022\/10\/aniversario-previa-9-768x432.jpg 768w\" sizes=\"auto, (max-width: 900px) 100vw, 900px\" \/><\/a><\/figure>\n\n\n\n<figure class=\"wp-block-image size-large\"><a href=\"https:\/\/colegiomontessori.cl\/wp2\/wp-content\/uploads\/2022\/10\/aniversario-previa-1.jpg\"><img loading=\"lazy\" decoding=\"async\" width=\"900\" height=\"675\" data-id=\"14147\" src=\"https:\/\/colegiomontessori.cl\/wp2\/wp-content\/uploads\/2022\/10\/aniversario-previa-1.jpg\" alt=\"\" class=\"wp-image-14147\" srcset=\"https:\/\/colegiomontessori.cl\/wp2\/wp-content\/uploads\/2022\/10\/aniversario-previa-1.jpg 900w, https:\/\/colegiomontessori.cl\/wp2\/wp-content\/uploads\/2022\/10\/aniversario-previa-1-300x225.jpg 300w, https:\/\/colegiomontessori.cl\/wp2\/wp-content\/uploads\/2022\/10\/aniversario-previa-1-768x576.jpg 768w\" sizes=\"auto, (max-width: 900px) 100vw, 900px\" \/><\/a><\/figure>\n<\/figure>\n\n\n\n<p>En cuanto a la Jornada de la Tarde, se asignaron dos alianzas; por un lado est\u00e1 Marvel, integrada por los cursos de la letra A (K\u00ednder Ma\u00f1ana a 6\u00b0A) y por el otro, DC Comics, con los cursos de la letra B (K\u00ednder Tarde a 6\u00b0B).<\/p>\n\n\n\n<p><strong>Actividades Aniversario<\/strong><\/p>\n\n\n\n<p>Dentro de las actividades que est\u00e1n consideradas por la comisi\u00f3n organizadora a cargo de Inspector\u00eda General, se encuentran el concurso ecol\u00f3gico de recolecci\u00f3n de latas, las competencias deportivas, campa\u00f1a de reciclaje y desaf\u00edo \u201cSonrisa Circular\u201d, Torneo de Ajedrez, Concurso de Fotograf\u00eda, Festival de la Voz, presentaci\u00f3n y desfile de reyes, y la tradicional Velada Bufa, entre otras.<\/p>\n\n\n\n<p>Las actividades de Aniversario culminar\u00e1n con la Ceremonia de Coronaci\u00f3n de los Reyes de cada alianza y se espera una alta motivaci\u00f3n por parte de los alumnos, para que todo se lleve a cabo con \u00e9xito.<\/p>\n\n\n\n<p><strong>Por Sof\u00eda Pacheco Pe\u00f1a<\/strong><br>Taller de Periodismo<\/p>\n\n\n\n<figure class=\"wp-block-gallery has-nested-images columns-2 is-cropped wp-block-gallery-2 is-layout-flex wp-block-gallery-is-layout-flex\">\n<figure class=\"wp-block-image size-large\"><a href=\"https:\/\/colegiomontessori.cl\/wp2\/wp-content\/uploads\/2022\/10\/aniversario-previa-8.jpg\"><img loading=\"lazy\" decoding=\"async\" width=\"900\" height=\"675\" data-id=\"14154\" src=\"https:\/\/colegiomontessori.cl\/wp2\/wp-content\/uploads\/2022\/10\/aniversario-previa-8.jpg\" alt=\"\" class=\"wp-image-14154\" srcset=\"https:\/\/colegiomontessori.cl\/wp2\/wp-content\/uploads\/2022\/10\/aniversario-previa-8.jpg 900w, https:\/\/colegiomontessori.cl\/wp2\/wp-content\/uploads\/2022\/10\/aniversario-previa-8-300x225.jpg 300w, https:\/\/colegiomontessori.cl\/wp2\/wp-content\/uploads\/2022\/10\/aniversario-previa-8-768x576.jpg 768w\" sizes=\"auto, (max-width: 900px) 100vw, 900px\" \/><\/a><\/figure>\n\n\n\n<figure class=\"wp-block-image size-large\"><a href=\"https:\/\/colegiomontessori.cl\/wp2\/wp-content\/uploads\/2022\/10\/aniversario-previa-6.jpg\"><img loading=\"lazy\" decoding=\"async\" width=\"900\" height=\"675\" data-id=\"14153\" src=\"https:\/\/colegiomontessori.cl\/wp2\/wp-content\/uploads\/2022\/10\/aniversario-previa-6.jpg\" alt=\"\" class=\"wp-image-14153\" srcset=\"https:\/\/colegiomontessori.cl\/wp2\/wp-content\/uploads\/2022\/10\/aniversario-previa-6.jpg 900w, https:\/\/colegiomontessori.cl\/wp2\/wp-content\/uploads\/2022\/10\/aniversario-previa-6-300x225.jpg 300w, https:\/\/colegiomontessori.cl\/wp2\/wp-content\/uploads\/2022\/10\/aniversario-previa-6-768x576.jpg 768w\" sizes=\"auto, (max-width: 900px) 100vw, 900px\" \/><\/a><\/figure>\n\n\n\n<figure class=\"wp-block-image size-large\"><a href=\"https:\/\/colegiomontessori.cl\/wp2\/wp-content\/uploads\/2022\/10\/aniversario-previa-7.jpg\"><img loading=\"lazy\" decoding=\"async\" width=\"900\" height=\"675\" data-id=\"14152\" src=\"https:\/\/colegiomontessori.cl\/wp2\/wp-content\/uploads\/2022\/10\/aniversario-previa-7.jpg\" alt=\"\" class=\"wp-image-14152\" srcset=\"https:\/\/colegiomontessori.cl\/wp2\/wp-content\/uploads\/2022\/10\/aniversario-previa-7.jpg 900w, https:\/\/colegiomontessori.cl\/wp2\/wp-content\/uploads\/2022\/10\/aniversario-previa-7-300x225.jpg 300w, https:\/\/colegiomontessori.cl\/wp2\/wp-content\/uploads\/2022\/10\/aniversario-previa-7-768x576.jpg 768w\" sizes=\"auto, (max-width: 900px) 100vw, 900px\" \/><\/a><\/figure>\n\n\n\n<figure class=\"wp-block-image size-large\"><a href=\"https:\/\/colegiomontessori.cl\/wp2\/wp-content\/uploads\/2022\/10\/aniversario-previa-3.jpg\"><img loading=\"lazy\" decoding=\"async\" width=\"900\" height=\"675\" data-id=\"14149\" src=\"https:\/\/colegiomontessori.cl\/wp2\/wp-content\/uploads\/2022\/10\/aniversario-previa-3.jpg\" alt=\"\" class=\"wp-image-14149\" srcset=\"https:\/\/colegiomontessori.cl\/wp2\/wp-content\/uploads\/2022\/10\/aniversario-previa-3.jpg 900w, https:\/\/colegiomontessori.cl\/wp2\/wp-content\/uploads\/2022\/10\/aniversario-previa-3-300x225.jpg 300w, https:\/\/colegiomontessori.cl\/wp2\/wp-content\/uploads\/2022\/10\/aniversario-previa-3-768x576.jpg 768w\" sizes=\"auto, (max-width: 900px) 100vw, 900px\" \/><\/a><\/figure>\n\n\n\n<figure class=\"wp-block-image size-large\"><a href=\"https:\/\/colegiomontessori.cl\/wp2\/wp-content\/uploads\/2022\/10\/aniversario-previa-5.jpg\"><img loading=\"lazy\" decoding=\"async\" width=\"900\" height=\"675\" data-id=\"14151\" src=\"https:\/\/colegiomontessori.cl\/wp2\/wp-content\/uploads\/2022\/10\/aniversario-previa-5.jpg\" alt=\"\" class=\"wp-image-14151\" srcset=\"https:\/\/colegiomontessori.cl\/wp2\/wp-content\/uploads\/2022\/10\/aniversario-previa-5.jpg 900w, https:\/\/colegiomontessori.cl\/wp2\/wp-content\/uploads\/2022\/10\/aniversario-previa-5-300x225.jpg 300w, https:\/\/colegiomontessori.cl\/wp2\/wp-content\/uploads\/2022\/10\/aniversario-previa-5-768x576.jpg 768w\" sizes=\"auto, (max-width: 900px) 100vw, 900px\" \/><\/a><\/figure>\n<\/figure>\n\n\n\n<figure class=\"wp-block-image size-full\"><img loading=\"lazy\" decoding=\"async\" width=\"900\" height=\"405\" src=\"https:\/\/colegiomontessori.cl\/wp2\/wp-content\/uploads\/2022\/10\/aniversario-previa-10.jpg\" alt=\"\" class=\"wp-image-14156\" srcset=\"https:\/\/colegiomontessori.cl\/wp2\/wp-content\/uploads\/2022\/10\/aniversario-previa-10.jpg 900w, https:\/\/colegiomontessori.cl\/wp2\/wp-content\/uploads\/2022\/10\/aniversario-previa-10-300x135.jpg 300w, https:\/\/colegiomontessori.cl\/wp2\/wp-content\/uploads\/2022\/10\/aniversario-previa-10-768x346.jpg 768w\" sizes=\"auto, (max-width: 900px) 100vw, 900px\" \/><\/figure>\n","protected":false},"excerpt":{"rendered":"<p>Comienza el mes de octubre y junto a este el esperado Aniversario N\u00b043 de nuestro Colegio Montessori, en el cual, tanto alumnos, como profesores y funcionarios, se re\u00fanen para participar en diversas actividades, las que se llevar\u00e1n a cabo entre el 11 y 14 de este mes. Tras dos a\u00f1os en los que se vieron &hellip;<\/p>\n<p class=\"read-more\"> <a class=\"\" href=\"https:\/\/colegiomontessori.cl\/wp2\/2022\/10\/05\/colegio-montessori-se-prepara-con-entusiasmo-para-celebrar-su-43-aniversario\/\"> <span class=\"screen-reader-text\">Colegio Montessori se prepara con entusiasmo para celebrar su 43\u00b0 Aniversario<\/span> Leer m\u00e1s &raquo;<\/a><\/p>\n","protected":false},"author":2,"featured_media":14150,"comment_status":"closed","ping_status":"open","sticky":false,"template":"","format":"standard","meta":{"footnotes":""},"categories":[35],"tags":[],"class_list":["post-14146","post","type-post","status-publish","format-standard","has-post-thumbnail","hentry","category-colegio"],"_links":{"self":[{"href":"https:\/\/colegiomontessori.cl\/wp2\/wp-json\/wp\/v2\/posts\/14146","targetHints":{"allow":["GET"]}}],"collection":[{"href":"https:\/\/colegiomontessori.cl\/wp2\/wp-json\/wp\/v2\/posts"}],"about":[{"href":"https:\/\/colegiomontessori.cl\/wp2\/wp-json\/wp\/v2\/types\/post"}],"author":[{"embeddable":true,"href":"https:\/\/colegiomontessori.cl\/wp2\/wp-json\/wp\/v2\/users\/2"}],"replies":[{"embeddable":true,"href":"https:\/\/colegiomontessori.cl\/wp2\/wp-json\/wp\/v2\/comments?post=14146"}],"version-history":[{"count":2,"href":"https:\/\/colegiomontessori.cl\/wp2\/wp-json\/wp\/v2\/posts\/14146\/revisions"}],"predecessor-version":[{"id":14158,"href":"https:\/\/colegiomontessori.cl\/wp2\/wp-json\/wp\/v2\/posts\/14146\/revisions\/14158"}],"wp:featuredmedia":[{"embeddable":true,"href":"https:\/\/colegiomontessori.cl\/wp2\/wp-json\/wp\/v2\/media\/14150"}],"wp:attachment":[{"href":"https:\/\/colegiomontessori.cl\/wp2\/wp-json\/wp\/v2\/media?parent=14146"}],"wp:term":[{"taxonomy":"category","embeddable":true,"href":"https:\/\/colegiomontessori.cl\/wp2\/wp-json\/wp\/v2\/categories?post=14146"},{"taxonomy":"post_tag","embeddable":true,"href":"https:\/\/colegiomontessori.cl\/wp2\/wp-json\/wp\/v2\/tags?post=14146"}],"curies":[{"name":"wp","href":"https:\/\/api.w.org\/{rel}","templated":true}]}}