{"id":15217,"date":"2022-12-28T17:41:31","date_gmt":"2022-12-28T20:41:31","guid":{"rendered":"https:\/\/colegiomontessori.cl\/wp2\/?p=15217"},"modified":"2022-12-28T17:42:56","modified_gmt":"2022-12-28T20:42:56","slug":"promesas-del-colegio-montessori-brillaron-en-festival-de-la-voz-nacional-2022","status":"publish","type":"post","link":"https:\/\/colegiomontessori.cl\/wp2\/2022\/12\/28\/promesas-del-colegio-montessori-brillaron-en-festival-de-la-voz-nacional-2022\/","title":{"rendered":"\u201cPromesas\u201d del Colegio Montessori brillaron en Festival de la Voz Nacional 2022"},"content":{"rendered":"\n<p><strong>Alonso Guti\u00e9rrez (2\u00b0 Lugar) y Francisca Guti\u00e9rrez representaron a nuestro establecimiento en una nueva versi\u00f3n del certamen escolar online organizado por el Colegio Emprender Temuco.<\/strong><\/p>\n\n\n\n<p>Un Montessoriano que brill\u00f3 durante el a\u00f1o escolar 2022 en el \u00e1rea art\u00edstica fue Alonso Guti\u00e9rrez Alvarado, tras su participaci\u00f3n en el XXII Festival de la Voz Nacional Estudiantil On Line 2022 organizado por el Colegio Emprender Temuco.<\/p>\n\n\n\n<figure class=\"wp-block-gallery has-nested-images columns-default is-cropped wp-block-gallery-1 is-layout-flex wp-block-gallery-is-layout-flex\">\n<figure class=\"wp-block-image size-large\"><a href=\"https:\/\/colegiomontessori.cl\/wp2\/wp-content\/uploads\/2022\/12\/festival-de-la-voz-2022-3.jpeg\"><img loading=\"lazy\" decoding=\"async\" width=\"938\" height=\"938\" data-id=\"15221\" src=\"https:\/\/colegiomontessori.cl\/wp2\/wp-content\/uploads\/2022\/12\/festival-de-la-voz-2022-3.jpeg\" alt=\"\" class=\"wp-image-15221\" srcset=\"https:\/\/colegiomontessori.cl\/wp2\/wp-content\/uploads\/2022\/12\/festival-de-la-voz-2022-3.jpeg 938w, https:\/\/colegiomontessori.cl\/wp2\/wp-content\/uploads\/2022\/12\/festival-de-la-voz-2022-3-300x300.jpeg 300w, https:\/\/colegiomontessori.cl\/wp2\/wp-content\/uploads\/2022\/12\/festival-de-la-voz-2022-3-150x150.jpeg 150w, https:\/\/colegiomontessori.cl\/wp2\/wp-content\/uploads\/2022\/12\/festival-de-la-voz-2022-3-768x768.jpeg 768w, https:\/\/colegiomontessori.cl\/wp2\/wp-content\/uploads\/2022\/12\/festival-de-la-voz-2022-3-250x250.jpeg 250w\" sizes=\"auto, (max-width: 938px) 100vw, 938px\" \/><\/a><\/figure>\n<\/figure>\n\n\n\n<p>El alumno de 6\u00b0 a\u00f1o B represent\u00f3 a nuestro colegio en categor\u00eda Promesas con la canci\u00f3n \u201cLa Llorona\u201d, obteniendo el 2do Lugar del certamen escolar cuyo jurado eval\u00fao afinaci\u00f3n, dominio del escenario y proyecci\u00f3n, entre otros aspectos. Actualmente Alonso Guti\u00e9rrez es integrante del Coro Colegio Montessori y de la agrupaci\u00f3n Ni\u00f1os Cantores de La Araucan\u00eda, con la cual durante el mes de noviembre realiz\u00f3 una gira a Colombia para participar del Festival Internacional Corearte Manizales 2022. <\/p>\n\n\n\n<p>Quien tambi\u00e9n represent\u00f3 a nuestro colegio en la categor\u00eda Promesas fue la alumna de 5\u00b0 a\u00f1o B, Francisca Guti\u00e9rrez Moraga, con la canci\u00f3n \u201cAbr\u00e1zame\u201d, oportunidad en que la integrante del Coro Colegio Montessori se llev\u00f3 los elogios del p\u00fablico durante la transmisi\u00f3n en vivo del festival.<\/p>\n\n\n\n<figure class=\"wp-block-gallery has-nested-images columns-default is-cropped wp-block-gallery-2 is-layout-flex wp-block-gallery-is-layout-flex\">\n<figure class=\"wp-block-image size-large\"><a href=\"https:\/\/colegiomontessori.cl\/wp2\/wp-content\/uploads\/2022\/12\/festival-de-la-voz-2022-2.jpg\"><img loading=\"lazy\" decoding=\"async\" width=\"772\" height=\"773\" data-id=\"15220\" src=\"https:\/\/colegiomontessori.cl\/wp2\/wp-content\/uploads\/2022\/12\/festival-de-la-voz-2022-2.jpg\" alt=\"\" class=\"wp-image-15220\" srcset=\"https:\/\/colegiomontessori.cl\/wp2\/wp-content\/uploads\/2022\/12\/festival-de-la-voz-2022-2.jpg 772w, https:\/\/colegiomontessori.cl\/wp2\/wp-content\/uploads\/2022\/12\/festival-de-la-voz-2022-2-300x300.jpg 300w, https:\/\/colegiomontessori.cl\/wp2\/wp-content\/uploads\/2022\/12\/festival-de-la-voz-2022-2-150x150.jpg 150w, https:\/\/colegiomontessori.cl\/wp2\/wp-content\/uploads\/2022\/12\/festival-de-la-voz-2022-2-768x769.jpg 768w, https:\/\/colegiomontessori.cl\/wp2\/wp-content\/uploads\/2022\/12\/festival-de-la-voz-2022-2-250x250.jpg 250w\" sizes=\"auto, (max-width: 772px) 100vw, 772px\" \/><\/a><\/figure>\n<\/figure>\n\n\n\n<p><\/p>\n\n\n\n<figure class=\"wp-block-embed is-type-video is-provider-youtube wp-block-embed-youtube wp-embed-aspect-4-3 wp-has-aspect-ratio\"><div class=\"wp-block-embed__wrapper\">\n<div class=\"ast-oembed-container\"><iframe loading=\"lazy\" title=\"Montessori TV - XXII Festival de la Voz Nacional On Line 2022\" width=\"500\" height=\"375\" src=\"https:\/\/www.youtube.com\/embed\/Wuq21NJNfys?feature=oembed\" frameborder=\"0\" allow=\"accelerometer; autoplay; clipboard-write; encrypted-media; gyroscope; picture-in-picture; web-share\" referrerpolicy=\"strict-origin-when-cross-origin\" allowfullscreen><\/iframe><\/div>\n<\/div><\/figure>\n","protected":false},"excerpt":{"rendered":"<p>Alonso Guti\u00e9rrez (2\u00b0 Lugar) y Francisca Guti\u00e9rrez representaron a nuestro establecimiento en una nueva versi\u00f3n del certamen escolar online organizado por el Colegio Emprender Temuco. Un Montessoriano que brill\u00f3 durante el a\u00f1o escolar 2022 en el \u00e1rea art\u00edstica fue Alonso Guti\u00e9rrez Alvarado, tras su participaci\u00f3n en el XXII Festival de la Voz Nacional Estudiantil On &hellip;<\/p>\n<p class=\"read-more\"> <a class=\"\" href=\"https:\/\/colegiomontessori.cl\/wp2\/2022\/12\/28\/promesas-del-colegio-montessori-brillaron-en-festival-de-la-voz-nacional-2022\/\"> <span class=\"screen-reader-text\">\u201cPromesas\u201d del Colegio Montessori brillaron en Festival de la Voz Nacional 2022<\/span> Leer m\u00e1s &raquo;<\/a><\/p>\n","protected":false},"author":2,"featured_media":15219,"comment_status":"closed","ping_status":"open","sticky":false,"template":"","format":"standard","meta":{"footnotes":""},"categories":[36],"tags":[],"class_list":["post-15217","post","type-post","status-publish","format-standard","has-post-thumbnail","hentry","category-area-artistica"],"_links":{"self":[{"href":"https:\/\/colegiomontessori.cl\/wp2\/wp-json\/wp\/v2\/posts\/15217","targetHints":{"allow":["GET"]}}],"collection":[{"href":"https:\/\/colegiomontessori.cl\/wp2\/wp-json\/wp\/v2\/posts"}],"about":[{"href":"https:\/\/colegiomontessori.cl\/wp2\/wp-json\/wp\/v2\/types\/post"}],"author":[{"embeddable":true,"href":"https:\/\/colegiomontessori.cl\/wp2\/wp-json\/wp\/v2\/users\/2"}],"replies":[{"embeddable":true,"href":"https:\/\/colegiomontessori.cl\/wp2\/wp-json\/wp\/v2\/comments?post=15217"}],"version-history":[{"count":5,"href":"https:\/\/colegiomontessori.cl\/wp2\/wp-json\/wp\/v2\/posts\/15217\/revisions"}],"predecessor-version":[{"id":15226,"href":"https:\/\/colegiomontessori.cl\/wp2\/wp-json\/wp\/v2\/posts\/15217\/revisions\/15226"}],"wp:featuredmedia":[{"embeddable":true,"href":"https:\/\/colegiomontessori.cl\/wp2\/wp-json\/wp\/v2\/media\/15219"}],"wp:attachment":[{"href":"https:\/\/colegiomontessori.cl\/wp2\/wp-json\/wp\/v2\/media?parent=15217"}],"wp:term":[{"taxonomy":"category","embeddable":true,"href":"https:\/\/colegiomontessori.cl\/wp2\/wp-json\/wp\/v2\/categories?post=15217"},{"taxonomy":"post_tag","embeddable":true,"href":"https:\/\/colegiomontessori.cl\/wp2\/wp-json\/wp\/v2\/tags?post=15217"}],"curies":[{"name":"wp","href":"https:\/\/api.w.org\/{rel}","templated":true}]}}