{"id":16073,"date":"2023-03-15T19:03:48","date_gmt":"2023-03-15T22:03:48","guid":{"rendered":"https:\/\/colegiomontessori.cl\/wp2\/?p=16073"},"modified":"2023-03-15T19:03:49","modified_gmt":"2023-03-15T22:03:49","slug":"celebrando-el-dia-internacional-de-las-matematicas","status":"publish","type":"post","link":"https:\/\/colegiomontessori.cl\/wp2\/2023\/03\/15\/celebrando-el-dia-internacional-de-las-matematicas\/","title":{"rendered":"Celebrando el \u00abD\u00eda Internacional de las Matem\u00e1ticas\u00bb"},"content":{"rendered":"\n<p><strong>La UNESCO proclam\u00f3 el 14 de marzo de cada a\u00f1o como el D\u00eda Internacional de las Matem\u00e1ticas, una jornada para poner en alza las ense\u00f1anzas y conocimientos matem\u00e1ticos, as\u00ed como tambi\u00e9n la figura de todos aquellos que trabajan en este campo.<\/strong> <strong>As\u00ed lo celebramos en nuestro colegio.<\/strong><\/p>\n\n\n\n<p>Durante la jornada de ayer nuestros estudiantes celebraron el D\u00eda Internacional de las Matem\u00e1ticas, desarrollando diversas actividades y juegos preparados por sus profesores con el apoyo de Coordinaci\u00f3n Acad\u00e9mica para conmemorar esta fecha especial, la cual este a\u00f1o lleva como tema \u201cMatem\u00e1ticas para toda la gente\u201d.<\/p>\n\n\n\n<figure class=\"wp-block-gallery has-nested-images columns-2 is-cropped wp-block-gallery-1 is-layout-flex wp-block-gallery-is-layout-flex\">\n<figure class=\"wp-block-image size-large\"><a href=\"https:\/\/colegiomontessori.cl\/wp2\/wp-content\/uploads\/2023\/03\/dia-de-las-matematicas-2.jpg\"><img loading=\"lazy\" decoding=\"async\" width=\"900\" height=\"600\" data-id=\"16076\" src=\"https:\/\/colegiomontessori.cl\/wp2\/wp-content\/uploads\/2023\/03\/dia-de-las-matematicas-2.jpg\" alt=\"\" class=\"wp-image-16076\" srcset=\"https:\/\/colegiomontessori.cl\/wp2\/wp-content\/uploads\/2023\/03\/dia-de-las-matematicas-2.jpg 900w, https:\/\/colegiomontessori.cl\/wp2\/wp-content\/uploads\/2023\/03\/dia-de-las-matematicas-2-300x200.jpg 300w, https:\/\/colegiomontessori.cl\/wp2\/wp-content\/uploads\/2023\/03\/dia-de-las-matematicas-2-768x512.jpg 768w\" sizes=\"auto, (max-width: 900px) 100vw, 900px\" \/><\/a><\/figure>\n\n\n\n<figure class=\"wp-block-image size-large\"><a href=\"https:\/\/colegiomontessori.cl\/wp2\/wp-content\/uploads\/2023\/03\/dia-de-las-matematicas-8.jpg\"><img loading=\"lazy\" decoding=\"async\" width=\"900\" height=\"600\" data-id=\"16082\" src=\"https:\/\/colegiomontessori.cl\/wp2\/wp-content\/uploads\/2023\/03\/dia-de-las-matematicas-8.jpg\" alt=\"\" class=\"wp-image-16082\" srcset=\"https:\/\/colegiomontessori.cl\/wp2\/wp-content\/uploads\/2023\/03\/dia-de-las-matematicas-8.jpg 900w, https:\/\/colegiomontessori.cl\/wp2\/wp-content\/uploads\/2023\/03\/dia-de-las-matematicas-8-300x200.jpg 300w, https:\/\/colegiomontessori.cl\/wp2\/wp-content\/uploads\/2023\/03\/dia-de-las-matematicas-8-768x512.jpg 768w\" sizes=\"auto, (max-width: 900px) 100vw, 900px\" \/><\/a><\/figure>\n\n\n\n<figure class=\"wp-block-image size-large\"><a href=\"https:\/\/colegiomontessori.cl\/wp2\/wp-content\/uploads\/2023\/03\/dia-de-las-matematicas-3.jpg\"><img loading=\"lazy\" decoding=\"async\" width=\"900\" height=\"600\" data-id=\"16077\" src=\"https:\/\/colegiomontessori.cl\/wp2\/wp-content\/uploads\/2023\/03\/dia-de-las-matematicas-3.jpg\" alt=\"\" class=\"wp-image-16077\" srcset=\"https:\/\/colegiomontessori.cl\/wp2\/wp-content\/uploads\/2023\/03\/dia-de-las-matematicas-3.jpg 900w, https:\/\/colegiomontessori.cl\/wp2\/wp-content\/uploads\/2023\/03\/dia-de-las-matematicas-3-300x200.jpg 300w, https:\/\/colegiomontessori.cl\/wp2\/wp-content\/uploads\/2023\/03\/dia-de-las-matematicas-3-768x512.jpg 768w\" sizes=\"auto, (max-width: 900px) 100vw, 900px\" \/><\/a><\/figure>\n<\/figure>\n\n\n\n<figure class=\"wp-block-audio\"><audio controls src=\"https:\/\/colegiomontessori.cl\/wp2\/wp-content\/uploads\/2023\/03\/audio-erick.mp3\"><\/audio><figcaption class=\"wp-element-caption\"><em>Audio. Profesor Erick Ubilla, Coordinador de Matem\u00e1tica Educaci\u00f3n B\u00e1sica.<\/em><\/figcaption><\/figure>\n\n\n\n<p>Dentro de los temas trabajados por los alumnos de 1\u00b0 a 6\u00b0 b\u00e1sico destacaron el reto \u201cEscape de la caseta\u201d, en el cual deb\u00edan resolver 10 desaf\u00edos matem\u00e1ticos de distinta \u00edndole para encontrar la clave; tambi\u00e9n dibujaron diferentes caritas en el afiche promocional, ilustrando a las personas que pueden experimentar las Matem\u00e1ticas y reflejando as\u00ed el lema de este a\u00f1o; el tradicional tangrama y sus diferentes representaciones (dibujado y en papel lustre) no pod\u00eda quedar ausente de esta celebraci\u00f3n, siendo utilizado por los m\u00e1s peque\u00f1os.<\/p>\n\n\n\n<p><strong>\u00bfQu\u00e9 se celebra este d\u00eda?<\/strong><\/p>\n\n\n\n<p>La 40\u00aa Conferencia General de la UNESCO proclam\u00f3 el 14 de marzo de cada a\u00f1o como el D\u00eda Internacional de las Matem\u00e1ticas en noviembre de 2019, una jornada para poner en alza las ense\u00f1anzas y conocimientos matem\u00e1ticos, as\u00ed como tambi\u00e9n la figura de todos aquellos que trabajan en este campo.<\/p>\n\n\n\n<p>Una mayor conciencia mundial y un fortalecimiento de la ense\u00f1anza de las ciencias matem\u00e1ticas son esenciales para hacer frente a desaf\u00edos que se plantean en \u00e1mbitos como la inteligencia artificial, el cambio clim\u00e1tico, la energ\u00eda y el desarrollo sostenible, y para mejorar la calidad de vida en el mundo desarrollado y en el mundo en desarrollo.<\/p>\n\n\n\n<figure class=\"wp-block-gallery has-nested-images columns-2 is-cropped wp-block-gallery-2 is-layout-flex wp-block-gallery-is-layout-flex\">\n<figure class=\"wp-block-image size-large\"><a href=\"https:\/\/colegiomontessori.cl\/wp2\/wp-content\/uploads\/2023\/03\/dia-de-las-matematicas-10.jpg\"><img loading=\"lazy\" decoding=\"async\" width=\"900\" height=\"600\" data-id=\"16084\" src=\"https:\/\/colegiomontessori.cl\/wp2\/wp-content\/uploads\/2023\/03\/dia-de-las-matematicas-10.jpg\" alt=\"\" class=\"wp-image-16084\" srcset=\"https:\/\/colegiomontessori.cl\/wp2\/wp-content\/uploads\/2023\/03\/dia-de-las-matematicas-10.jpg 900w, https:\/\/colegiomontessori.cl\/wp2\/wp-content\/uploads\/2023\/03\/dia-de-las-matematicas-10-300x200.jpg 300w, https:\/\/colegiomontessori.cl\/wp2\/wp-content\/uploads\/2023\/03\/dia-de-las-matematicas-10-768x512.jpg 768w\" sizes=\"auto, (max-width: 900px) 100vw, 900px\" \/><\/a><\/figure>\n\n\n\n<figure class=\"wp-block-image size-large\"><a href=\"https:\/\/colegiomontessori.cl\/wp2\/wp-content\/uploads\/2023\/03\/dia-de-las-matematicas-6.jpg\"><img loading=\"lazy\" decoding=\"async\" width=\"900\" height=\"600\" data-id=\"16080\" src=\"https:\/\/colegiomontessori.cl\/wp2\/wp-content\/uploads\/2023\/03\/dia-de-las-matematicas-6.jpg\" alt=\"\" class=\"wp-image-16080\" srcset=\"https:\/\/colegiomontessori.cl\/wp2\/wp-content\/uploads\/2023\/03\/dia-de-las-matematicas-6.jpg 900w, https:\/\/colegiomontessori.cl\/wp2\/wp-content\/uploads\/2023\/03\/dia-de-las-matematicas-6-300x200.jpg 300w, https:\/\/colegiomontessori.cl\/wp2\/wp-content\/uploads\/2023\/03\/dia-de-las-matematicas-6-768x512.jpg 768w\" sizes=\"auto, (max-width: 900px) 100vw, 900px\" \/><\/a><\/figure>\n\n\n\n<figure class=\"wp-block-image size-large\"><a href=\"https:\/\/colegiomontessori.cl\/wp2\/wp-content\/uploads\/2023\/03\/dia-de-las-matematicas-7.jpg\"><img loading=\"lazy\" decoding=\"async\" width=\"900\" height=\"600\" data-id=\"16081\" src=\"https:\/\/colegiomontessori.cl\/wp2\/wp-content\/uploads\/2023\/03\/dia-de-las-matematicas-7.jpg\" alt=\"\" class=\"wp-image-16081\" srcset=\"https:\/\/colegiomontessori.cl\/wp2\/wp-content\/uploads\/2023\/03\/dia-de-las-matematicas-7.jpg 900w, https:\/\/colegiomontessori.cl\/wp2\/wp-content\/uploads\/2023\/03\/dia-de-las-matematicas-7-300x200.jpg 300w, https:\/\/colegiomontessori.cl\/wp2\/wp-content\/uploads\/2023\/03\/dia-de-las-matematicas-7-768x512.jpg 768w\" sizes=\"auto, (max-width: 900px) 100vw, 900px\" \/><\/a><\/figure>\n\n\n\n<figure class=\"wp-block-image size-large\"><a href=\"https:\/\/colegiomontessori.cl\/wp2\/wp-content\/uploads\/2023\/03\/dia-de-las-matematicas-9.jpg\"><img loading=\"lazy\" decoding=\"async\" width=\"900\" height=\"600\" data-id=\"16083\" src=\"https:\/\/colegiomontessori.cl\/wp2\/wp-content\/uploads\/2023\/03\/dia-de-las-matematicas-9.jpg\" alt=\"\" class=\"wp-image-16083\" srcset=\"https:\/\/colegiomontessori.cl\/wp2\/wp-content\/uploads\/2023\/03\/dia-de-las-matematicas-9.jpg 900w, https:\/\/colegiomontessori.cl\/wp2\/wp-content\/uploads\/2023\/03\/dia-de-las-matematicas-9-300x200.jpg 300w, https:\/\/colegiomontessori.cl\/wp2\/wp-content\/uploads\/2023\/03\/dia-de-las-matematicas-9-768x512.jpg 768w\" sizes=\"auto, (max-width: 900px) 100vw, 900px\" \/><\/a><\/figure>\n\n\n\n<figure class=\"wp-block-image size-large\"><a href=\"https:\/\/colegiomontessori.cl\/wp2\/wp-content\/uploads\/2023\/03\/dia-de-las-matematicas-5.jpg\"><img loading=\"lazy\" decoding=\"async\" width=\"900\" height=\"600\" data-id=\"16079\" src=\"https:\/\/colegiomontessori.cl\/wp2\/wp-content\/uploads\/2023\/03\/dia-de-las-matematicas-5.jpg\" alt=\"\" class=\"wp-image-16079\" srcset=\"https:\/\/colegiomontessori.cl\/wp2\/wp-content\/uploads\/2023\/03\/dia-de-las-matematicas-5.jpg 900w, https:\/\/colegiomontessori.cl\/wp2\/wp-content\/uploads\/2023\/03\/dia-de-las-matematicas-5-300x200.jpg 300w, https:\/\/colegiomontessori.cl\/wp2\/wp-content\/uploads\/2023\/03\/dia-de-las-matematicas-5-768x512.jpg 768w\" sizes=\"auto, (max-width: 900px) 100vw, 900px\" \/><\/a><\/figure>\n<\/figure>\n","protected":false},"excerpt":{"rendered":"<p>La UNESCO proclam\u00f3 el 14 de marzo de cada a\u00f1o como el D\u00eda Internacional de las Matem\u00e1ticas, una jornada para poner en alza las ense\u00f1anzas y conocimientos matem\u00e1ticos, as\u00ed como tambi\u00e9n la figura de todos aquellos que trabajan en este campo. As\u00ed lo celebramos en nuestro colegio. Durante la jornada de ayer nuestros estudiantes celebraron &hellip;<\/p>\n<p class=\"read-more\"> <a class=\"\" href=\"https:\/\/colegiomontessori.cl\/wp2\/2023\/03\/15\/celebrando-el-dia-internacional-de-las-matematicas\/\"> <span class=\"screen-reader-text\">Celebrando el \u00abD\u00eda Internacional de las Matem\u00e1ticas\u00bb<\/span> Leer m\u00e1s &raquo;<\/a><\/p>\n","protected":false},"author":2,"featured_media":16075,"comment_status":"closed","ping_status":"open","sticky":false,"template":"","format":"standard","meta":{"footnotes":""},"categories":[21,41],"tags":[],"class_list":["post-16073","post","type-post","status-publish","format-standard","has-post-thumbnail","hentry","category-area-academica","category-matematica"],"_links":{"self":[{"href":"https:\/\/colegiomontessori.cl\/wp2\/wp-json\/wp\/v2\/posts\/16073","targetHints":{"allow":["GET"]}}],"collection":[{"href":"https:\/\/colegiomontessori.cl\/wp2\/wp-json\/wp\/v2\/posts"}],"about":[{"href":"https:\/\/colegiomontessori.cl\/wp2\/wp-json\/wp\/v2\/types\/post"}],"author":[{"embeddable":true,"href":"https:\/\/colegiomontessori.cl\/wp2\/wp-json\/wp\/v2\/users\/2"}],"replies":[{"embeddable":true,"href":"https:\/\/colegiomontessori.cl\/wp2\/wp-json\/wp\/v2\/comments?post=16073"}],"version-history":[{"count":1,"href":"https:\/\/colegiomontessori.cl\/wp2\/wp-json\/wp\/v2\/posts\/16073\/revisions"}],"predecessor-version":[{"id":16085,"href":"https:\/\/colegiomontessori.cl\/wp2\/wp-json\/wp\/v2\/posts\/16073\/revisions\/16085"}],"wp:featuredmedia":[{"embeddable":true,"href":"https:\/\/colegiomontessori.cl\/wp2\/wp-json\/wp\/v2\/media\/16075"}],"wp:attachment":[{"href":"https:\/\/colegiomontessori.cl\/wp2\/wp-json\/wp\/v2\/media?parent=16073"}],"wp:term":[{"taxonomy":"category","embeddable":true,"href":"https:\/\/colegiomontessori.cl\/wp2\/wp-json\/wp\/v2\/categories?post=16073"},{"taxonomy":"post_tag","embeddable":true,"href":"https:\/\/colegiomontessori.cl\/wp2\/wp-json\/wp\/v2\/tags?post=16073"}],"curies":[{"name":"wp","href":"https:\/\/api.w.org\/{rel}","templated":true}]}}