{"id":17486,"date":"2023-05-24T22:01:20","date_gmt":"2023-05-25T02:01:20","guid":{"rendered":"https:\/\/colegiomontessori.cl\/wp2\/?p=17486"},"modified":"2023-05-24T22:05:39","modified_gmt":"2023-05-25T02:05:39","slug":"estudio-u-mayor-revela-aspectos-sobre-gestion-de-la-convivencia-escolar-en-nuestro-colegio","status":"publish","type":"post","link":"https:\/\/colegiomontessori.cl\/wp2\/2023\/05\/24\/estudio-u-mayor-revela-aspectos-sobre-gestion-de-la-convivencia-escolar-en-nuestro-colegio\/","title":{"rendered":"Estudio U. Mayor revela aspectos sobre Gesti\u00f3n de la Convivencia Escolar en nuestro Colegio"},"content":{"rendered":"\n<p><strong>El estudio de tesis fue realizado el a\u00f1o 2022 en nuestro colegio, en el contexto del programa de Mag\u00edster en Gesti\u00f3n de la Convivencia Escolar de la Universidad Mayor.<\/strong><\/p>\n\n\n\n<p>Resultados sobre los diversos aspectos del manejo y gesti\u00f3n de la Convivencia Escolar en nuestro colegio, arroj\u00f3 el estudio realizado por dos estudiantes de postgrado de la Universidad Mayor. Este informe surge del estudio que dio forma a la tesis desarrollada por Valentina Carrillo (Educadora Diferencial) y Kristina Varela (Psic\u00f3loga), en el contexto del programa de Mag\u00edster en Gesti\u00f3n de la Convivencia Escolar de la Universidad Mayor.<\/p>\n\n\n\n<p>El trabajo, guiado por Flavio Mu\u00f1oz (Universidad Mayor\/Universidad Extremadura de Espa\u00f1a) y Gerardo Mu\u00f1oz (Universidad Austral de Chile), signific\u00f3 a las autoras la obtenci\u00f3n del grado de Mag\u00edster, con m\u00e1xima distinci\u00f3n.<\/p>\n\n\n\n<figure class=\"wp-block-gallery has-nested-images columns-2 is-cropped wp-block-gallery-1 is-layout-flex wp-block-gallery-is-layout-flex\">\n<figure class=\"wp-block-image size-large\"><a href=\"https:\/\/colegiomontessori.cl\/wp2\/wp-content\/uploads\/2023\/05\/dia-de-la-convivencia-2023-manana-9.jpg\"><img loading=\"lazy\" decoding=\"async\" width=\"900\" height=\"600\" data-id=\"16940\" src=\"https:\/\/colegiomontessori.cl\/wp2\/wp-content\/uploads\/2023\/05\/dia-de-la-convivencia-2023-manana-9.jpg\" alt=\"\" class=\"wp-image-16940\" srcset=\"https:\/\/colegiomontessori.cl\/wp2\/wp-content\/uploads\/2023\/05\/dia-de-la-convivencia-2023-manana-9.jpg 900w, https:\/\/colegiomontessori.cl\/wp2\/wp-content\/uploads\/2023\/05\/dia-de-la-convivencia-2023-manana-9-300x200.jpg 300w, https:\/\/colegiomontessori.cl\/wp2\/wp-content\/uploads\/2023\/05\/dia-de-la-convivencia-2023-manana-9-768x512.jpg 768w\" sizes=\"auto, (max-width: 900px) 100vw, 900px\" \/><\/a><\/figure>\n\n\n\n<figure class=\"wp-block-image size-large\"><a href=\"https:\/\/colegiomontessori.cl\/wp2\/wp-content\/uploads\/2023\/05\/dia-de-la-convivencia-2023-manana-10.jpg\"><img loading=\"lazy\" decoding=\"async\" width=\"900\" height=\"600\" data-id=\"16941\" src=\"https:\/\/colegiomontessori.cl\/wp2\/wp-content\/uploads\/2023\/05\/dia-de-la-convivencia-2023-manana-10.jpg\" alt=\"\" class=\"wp-image-16941\" srcset=\"https:\/\/colegiomontessori.cl\/wp2\/wp-content\/uploads\/2023\/05\/dia-de-la-convivencia-2023-manana-10.jpg 900w, https:\/\/colegiomontessori.cl\/wp2\/wp-content\/uploads\/2023\/05\/dia-de-la-convivencia-2023-manana-10-300x200.jpg 300w, https:\/\/colegiomontessori.cl\/wp2\/wp-content\/uploads\/2023\/05\/dia-de-la-convivencia-2023-manana-10-768x512.jpg 768w\" sizes=\"auto, (max-width: 900px) 100vw, 900px\" \/><\/a><\/figure>\n\n\n\n<figure class=\"wp-block-image size-full\"><a href=\"https:\/\/colegiomontessori.cl\/wp2\/wp-content\/uploads\/2023\/05\/caminata-convivencia.jpg\"><img loading=\"lazy\" decoding=\"async\" width=\"898\" height=\"519\" data-id=\"17494\" src=\"https:\/\/colegiomontessori.cl\/wp2\/wp-content\/uploads\/2023\/05\/caminata-convivencia.jpg\" alt=\"\" class=\"wp-image-17494\" srcset=\"https:\/\/colegiomontessori.cl\/wp2\/wp-content\/uploads\/2023\/05\/caminata-convivencia.jpg 898w, https:\/\/colegiomontessori.cl\/wp2\/wp-content\/uploads\/2023\/05\/caminata-convivencia-300x173.jpg 300w, https:\/\/colegiomontessori.cl\/wp2\/wp-content\/uploads\/2023\/05\/caminata-convivencia-768x444.jpg 768w\" sizes=\"auto, (max-width: 898px) 100vw, 898px\" \/><\/a><\/figure>\n<\/figure>\n\n\n\n<p>Si bien la validaci\u00f3n del cuestionario fue realizada con la muestra de participantes que cursaban entre 7\u00b0 B\u00e1sico y 4\u00b0 Medio, el presente informe considera a todos los estudiantes del establecimiento que respondieron las escalas, dada la importancia que tienen los resultados para abordar el plan de Gesti\u00f3n de la Convivencia.<\/p>\n\n\n\n<p><strong>Instrumentos<\/strong><\/p>\n\n\n\n<p>El informe presenta los resultados de la aplicaci\u00f3n del <strong>Cuestionario de Convivencia Escolar para la No Violencia (CENVI-24)<\/strong>, que pretende conocer la percepci\u00f3n de violencia y gesti\u00f3n de la convivencia escolar de estudiantes de ense\u00f1anza media. Asimismo, del <strong>Cuestionario de Autorregulaci\u00f3n de Emociones y Motivaciones (EMSR-Q)<\/strong>, que mide el uso de estrategias emocionales y motivacionales en contextos educativos.<\/p>\n\n\n\n<figure class=\"wp-block-gallery has-nested-images columns-default is-cropped wp-block-gallery-2 is-layout-flex wp-block-gallery-is-layout-flex\">\n<figure class=\"wp-block-image size-large\"><a href=\"https:\/\/colegiomontessori.cl\/wp2\/wp-content\/uploads\/2023\/02\/CONVIVENCIA-ESCOLAR-4.jpg\"><img loading=\"lazy\" decoding=\"async\" width=\"900\" height=\"600\" data-id=\"15403\" src=\"https:\/\/colegiomontessori.cl\/wp2\/wp-content\/uploads\/2023\/02\/CONVIVENCIA-ESCOLAR-4.jpg\" alt=\"\" class=\"wp-image-15403\" srcset=\"https:\/\/colegiomontessori.cl\/wp2\/wp-content\/uploads\/2023\/02\/CONVIVENCIA-ESCOLAR-4.jpg 900w, https:\/\/colegiomontessori.cl\/wp2\/wp-content\/uploads\/2023\/02\/CONVIVENCIA-ESCOLAR-4-300x200.jpg 300w, https:\/\/colegiomontessori.cl\/wp2\/wp-content\/uploads\/2023\/02\/CONVIVENCIA-ESCOLAR-4-768x512.jpg 768w\" sizes=\"auto, (max-width: 900px) 100vw, 900px\" \/><\/a><\/figure>\n\n\n\n<figure class=\"wp-block-image size-large\"><a href=\"https:\/\/colegiomontessori.cl\/wp2\/wp-content\/uploads\/2022\/04\/dia-de-la-convivencia-escolar-2022-10.jpg\"><img loading=\"lazy\" decoding=\"async\" width=\"900\" height=\"600\" data-id=\"11656\" src=\"https:\/\/colegiomontessori.cl\/wp2\/wp-content\/uploads\/2022\/04\/dia-de-la-convivencia-escolar-2022-10.jpg\" alt=\"\" class=\"wp-image-11656\" srcset=\"https:\/\/colegiomontessori.cl\/wp2\/wp-content\/uploads\/2022\/04\/dia-de-la-convivencia-escolar-2022-10.jpg 900w, https:\/\/colegiomontessori.cl\/wp2\/wp-content\/uploads\/2022\/04\/dia-de-la-convivencia-escolar-2022-10-300x200.jpg 300w, https:\/\/colegiomontessori.cl\/wp2\/wp-content\/uploads\/2022\/04\/dia-de-la-convivencia-escolar-2022-10-768x512.jpg 768w, https:\/\/colegiomontessori.cl\/wp2\/wp-content\/uploads\/2022\/04\/dia-de-la-convivencia-escolar-2022-10-391x260.jpg 391w\" sizes=\"auto, (max-width: 900px) 100vw, 900px\" \/><\/a><\/figure>\n<\/figure>\n\n\n\n<p>En el contexto del Colegio Montessori de Temuco, se analizaron los datos de los participantes desde 4\u00b0 B\u00e1sico a 4\u00b0 Medio. Cabe destacar que este an\u00e1lisis de resultados surge de la participaci\u00f3n del establecimiento en la investigaci\u00f3n, junto a otros centros educativos de la regi\u00f3n de La Araucan\u00eda. La novedad del estudio es que no exist\u00eda un instrumento que, espec\u00edficamente permitiera obtener resultados de la percepci\u00f3n sobre violencia escolar y gesti\u00f3n de la convivencia escolar en conjunto, desde la mirada de los estudiantes. Adem\u00e1s, el an\u00e1lisis de la muestra total devel\u00f3 valiosos hallazgos respecto al g\u00e9nero y ascendencia mapuche.<\/p>\n\n\n\n<p><strong>Resultados<\/strong><\/p>\n\n\n\n<p>Los resultados obtenidos a partir de la aplicaci\u00f3n del Cuestionario CENVI-24, indican que, en el factor asociado a los Tipos de Violencia, la percepci\u00f3n de los estudiantes sit\u00faa al establecimiento en la mayor\u00eda de sus dimensiones en un bajo nivel de violencia. <strong>Destaca la disminuida puntuaci\u00f3n en la dimensi\u00f3n Violencia del Profesorado, donde un 83,6% se posiciona en un nivel Bajo. Cabe destacar que s\u00f3lo existe un porcentaje de 0,4% que percibe un Alto nivel de Violencia Verbal.<\/strong><\/p>\n\n\n\n<figure class=\"wp-block-gallery has-nested-images columns-default is-cropped wp-block-gallery-3 is-layout-flex wp-block-gallery-is-layout-flex\">\n<figure class=\"wp-block-image size-large\"><a href=\"https:\/\/colegiomontessori.cl\/wp2\/wp-content\/uploads\/2023\/02\/CONVIVENCIA-ESCOLAR-3-e1677160514625.jpg\"><img loading=\"lazy\" decoding=\"async\" width=\"900\" height=\"411\" data-id=\"15402\" src=\"https:\/\/colegiomontessori.cl\/wp2\/wp-content\/uploads\/2023\/02\/CONVIVENCIA-ESCOLAR-3-e1677160514625.jpg\" alt=\"\" class=\"wp-image-15402\" srcset=\"https:\/\/colegiomontessori.cl\/wp2\/wp-content\/uploads\/2023\/02\/CONVIVENCIA-ESCOLAR-3-e1677160514625.jpg 900w, https:\/\/colegiomontessori.cl\/wp2\/wp-content\/uploads\/2023\/02\/CONVIVENCIA-ESCOLAR-3-e1677160514625-300x137.jpg 300w, https:\/\/colegiomontessori.cl\/wp2\/wp-content\/uploads\/2023\/02\/CONVIVENCIA-ESCOLAR-3-e1677160514625-768x351.jpg 768w\" sizes=\"auto, (max-width: 900px) 100vw, 900px\" \/><\/a><\/figure>\n<\/figure>\n\n\n\n<p>Es importante se\u00f1alar que, a pesar de no obtener porcentajes altos en Tipos de Violencia, <strong>la dimensi\u00f3n Violencia F\u00edsica agrupa al 42,5% de estudiantes que percibe violencia en un nivel Medio, como tambi\u00e9n un 40,4% percibe un nivel Medio de Exclusi\u00f3n Social.<\/strong> Dichos resultados, corresponden a estudiantes que se\u00f1alaron la ocurrencia de \u2018algunas\u2019 o \u2018varias veces\u2019, hechos que denotan violencia en las mencionadas dimensiones. Salvo lo anterior, el factor correspondiente a Tipos de Violencia no se considera alarmante, sino m\u00e1s bien puede favorecer el proceso de fortalecimiento de la sana convivencia escolar de manera integral. Sin embargo, es necesario poner especial \u00e9nfasis en las dimensiones de Violencia F\u00edsica y de Exclusi\u00f3n Social al llevar a cabo acciones de intervenci\u00f3n.<\/p>\n\n\n\n<figure class=\"wp-block-gallery has-nested-images columns-2 is-cropped wp-block-gallery-4 is-layout-flex wp-block-gallery-is-layout-flex\">\n<figure class=\"wp-block-image size-large\"><a href=\"https:\/\/colegiomontessori.cl\/wp2\/wp-content\/uploads\/2023\/04\/talleres-convivencia-2b-5.jpeg\"><img loading=\"lazy\" decoding=\"async\" width=\"768\" height=\"1024\" data-id=\"16729\" src=\"https:\/\/colegiomontessori.cl\/wp2\/wp-content\/uploads\/2023\/04\/talleres-convivencia-2b-5.jpeg\" alt=\"\" class=\"wp-image-16729\" srcset=\"https:\/\/colegiomontessori.cl\/wp2\/wp-content\/uploads\/2023\/04\/talleres-convivencia-2b-5.jpeg 768w, https:\/\/colegiomontessori.cl\/wp2\/wp-content\/uploads\/2023\/04\/talleres-convivencia-2b-5-225x300.jpeg 225w\" sizes=\"auto, (max-width: 768px) 100vw, 768px\" \/><\/a><\/figure>\n\n\n\n<figure class=\"wp-block-image size-large\"><a href=\"https:\/\/colegiomontessori.cl\/wp2\/wp-content\/uploads\/2023\/03\/dia-del-agua-convivencia-5.jpeg\"><img loading=\"lazy\" decoding=\"async\" width=\"768\" height=\"1024\" data-id=\"16227\" src=\"https:\/\/colegiomontessori.cl\/wp2\/wp-content\/uploads\/2023\/03\/dia-del-agua-convivencia-5-768x1024.jpeg\" alt=\"\" class=\"wp-image-16227\" srcset=\"https:\/\/colegiomontessori.cl\/wp2\/wp-content\/uploads\/2023\/03\/dia-del-agua-convivencia-5-768x1024.jpeg 768w, https:\/\/colegiomontessori.cl\/wp2\/wp-content\/uploads\/2023\/03\/dia-del-agua-convivencia-5-225x300.jpeg 225w, https:\/\/colegiomontessori.cl\/wp2\/wp-content\/uploads\/2023\/03\/dia-del-agua-convivencia-5.jpeg 960w\" sizes=\"auto, (max-width: 768px) 100vw, 768px\" \/><\/a><\/figure>\n<\/figure>\n\n\n\n<p><strong>Respecto al factor asociado a Gesti\u00f3n para la No Violencia, s\u00f3lo un 46,9% indica que percibe un nivel Excelente de pr\u00e1cticas de Formaci\u00f3n para la No Violencia. Un 44,4% percibe pr\u00e1cticas de nivel Excelente para el Aseguramiento de la No Violencia y un 41,8% percibe acciones de nivel Excelente en Participaci\u00f3n para la No Violencia.<\/strong> Asimismo, existe un alto porcentaje de estudiantes que percibe pr\u00e1cticas asociadas a la Gesti\u00f3n para la No Violencia en un nivel Regular.<\/p>\n\n\n\n<figure class=\"wp-block-gallery has-nested-images columns-default is-cropped wp-block-gallery-5 is-layout-flex wp-block-gallery-is-layout-flex\">\n<figure class=\"wp-block-image size-full\"><a href=\"https:\/\/colegiomontessori.cl\/wp2\/wp-content\/uploads\/2023\/04\/motocross-convivencia-7.jpg\"><img loading=\"lazy\" decoding=\"async\" width=\"900\" height=\"600\" data-id=\"16414\" src=\"https:\/\/colegiomontessori.cl\/wp2\/wp-content\/uploads\/2023\/04\/motocross-convivencia-7.jpg\" alt=\"\" class=\"wp-image-16414\" srcset=\"https:\/\/colegiomontessori.cl\/wp2\/wp-content\/uploads\/2023\/04\/motocross-convivencia-7.jpg 900w, https:\/\/colegiomontessori.cl\/wp2\/wp-content\/uploads\/2023\/04\/motocross-convivencia-7-300x200.jpg 300w, https:\/\/colegiomontessori.cl\/wp2\/wp-content\/uploads\/2023\/04\/motocross-convivencia-7-768x512.jpg 768w\" sizes=\"auto, (max-width: 900px) 100vw, 900px\" \/><\/a><\/figure>\n<\/figure>\n","protected":false},"excerpt":{"rendered":"<p>El estudio de tesis fue realizado el a\u00f1o 2022 en nuestro colegio, en el contexto del programa de Mag\u00edster en Gesti\u00f3n de la Convivencia Escolar de la Universidad Mayor. Resultados sobre los diversos aspectos del manejo y gesti\u00f3n de la Convivencia Escolar en nuestro colegio, arroj\u00f3 el estudio realizado por dos estudiantes de postgrado de &hellip;<\/p>\n<p class=\"read-more\"> <a class=\"\" href=\"https:\/\/colegiomontessori.cl\/wp2\/2023\/05\/24\/estudio-u-mayor-revela-aspectos-sobre-gestion-de-la-convivencia-escolar-en-nuestro-colegio\/\"> <span class=\"screen-reader-text\">Estudio U. Mayor revela aspectos sobre Gesti\u00f3n de la Convivencia Escolar en nuestro Colegio<\/span> Leer m\u00e1s &raquo;<\/a><\/p>\n","protected":false},"author":2,"featured_media":16942,"comment_status":"closed","ping_status":"open","sticky":false,"template":"","format":"standard","meta":{"footnotes":""},"categories":[21,22],"tags":[],"class_list":["post-17486","post","type-post","status-publish","format-standard","has-post-thumbnail","hentry","category-area-academica","category-convivencia-escolar"],"_links":{"self":[{"href":"https:\/\/colegiomontessori.cl\/wp2\/wp-json\/wp\/v2\/posts\/17486","targetHints":{"allow":["GET"]}}],"collection":[{"href":"https:\/\/colegiomontessori.cl\/wp2\/wp-json\/wp\/v2\/posts"}],"about":[{"href":"https:\/\/colegiomontessori.cl\/wp2\/wp-json\/wp\/v2\/types\/post"}],"author":[{"embeddable":true,"href":"https:\/\/colegiomontessori.cl\/wp2\/wp-json\/wp\/v2\/users\/2"}],"replies":[{"embeddable":true,"href":"https:\/\/colegiomontessori.cl\/wp2\/wp-json\/wp\/v2\/comments?post=17486"}],"version-history":[{"count":6,"href":"https:\/\/colegiomontessori.cl\/wp2\/wp-json\/wp\/v2\/posts\/17486\/revisions"}],"predecessor-version":[{"id":17496,"href":"https:\/\/colegiomontessori.cl\/wp2\/wp-json\/wp\/v2\/posts\/17486\/revisions\/17496"}],"wp:featuredmedia":[{"embeddable":true,"href":"https:\/\/colegiomontessori.cl\/wp2\/wp-json\/wp\/v2\/media\/16942"}],"wp:attachment":[{"href":"https:\/\/colegiomontessori.cl\/wp2\/wp-json\/wp\/v2\/media?parent=17486"}],"wp:term":[{"taxonomy":"category","embeddable":true,"href":"https:\/\/colegiomontessori.cl\/wp2\/wp-json\/wp\/v2\/categories?post=17486"},{"taxonomy":"post_tag","embeddable":true,"href":"https:\/\/colegiomontessori.cl\/wp2\/wp-json\/wp\/v2\/tags?post=17486"}],"curies":[{"name":"wp","href":"https:\/\/api.w.org\/{rel}","templated":true}]}}