{"id":17498,"date":"2023-05-25T17:25:10","date_gmt":"2023-05-25T21:25:10","guid":{"rendered":"https:\/\/colegiomontessori.cl\/wp2\/?p=17498"},"modified":"2023-05-25T17:26:37","modified_gmt":"2023-05-25T21:26:37","slug":"consejo-escolar-reunio-a-representantes-de-la-comunidad-educativa-colegio-montessori","status":"publish","type":"post","link":"https:\/\/colegiomontessori.cl\/wp2\/2023\/05\/25\/consejo-escolar-reunio-a-representantes-de-la-comunidad-educativa-colegio-montessori\/","title":{"rendered":"Consejo Escolar reuni\u00f3 a representantes de la comunidad educativa Colegio Montessori"},"content":{"rendered":"\n<p><strong>Primera reuni\u00f3n del Consejo Escolar abord\u00f3 aspectos generales del a\u00f1o 2022 y los lineamientos a seguir para el presente 2023.<\/strong><\/p>\n\n\n\n<p>Con la presencia de representantes de los distintos estamentos de la comunidad educativa de nuestro colegio, se llev\u00f3 a cabo la primera reuni\u00f3n del Consejo Escolar.<\/p>\n\n\n\n<figure class=\"wp-block-gallery has-nested-images columns-default is-cropped wp-block-gallery-1 is-layout-flex wp-block-gallery-is-layout-flex\">\n<figure class=\"wp-block-image size-large\"><a href=\"https:\/\/colegiomontessori.cl\/wp2\/wp-content\/uploads\/2023\/05\/consejo-escolar-2023-3.jpg\"><img loading=\"lazy\" decoding=\"async\" width=\"900\" height=\"506\" data-id=\"17502\" src=\"https:\/\/colegiomontessori.cl\/wp2\/wp-content\/uploads\/2023\/05\/consejo-escolar-2023-3.jpg\" alt=\"\" class=\"wp-image-17502\" srcset=\"https:\/\/colegiomontessori.cl\/wp2\/wp-content\/uploads\/2023\/05\/consejo-escolar-2023-3.jpg 900w, https:\/\/colegiomontessori.cl\/wp2\/wp-content\/uploads\/2023\/05\/consejo-escolar-2023-3-300x169.jpg 300w, https:\/\/colegiomontessori.cl\/wp2\/wp-content\/uploads\/2023\/05\/consejo-escolar-2023-3-768x432.jpg 768w\" sizes=\"auto, (max-width: 900px) 100vw, 900px\" \/><\/a><\/figure>\n<\/figure>\n\n\n\n<p>La convocatoria dirigida por el Rector, Sr. Nelson Pinilla Fuentes, convoc\u00f3 a delegados de los Asistentes de la Educaci\u00f3n, Profesores Jornada Tarde y Jornada Ma\u00f1ana, Coordinaci\u00f3n Acad\u00e9mica, Inspector\u00eda General, Convivencia Escolar, Padres y Apoderados, y Estudiantes de Educaci\u00f3n B\u00e1sica y Media.<\/p>\n\n\n\n<p>En esta primera sesi\u00f3n del Consejo Escolar se abordaron aspectos generales sobre las distintas \u00e1reas del funcionamiento institucional durante el a\u00f1o escolar 2022, adem\u00e1s de los lineamientos a seguir en funci\u00f3n de las modificaciones al Proyecto Educativo Institucional (PEI), las acciones a desarrollar dentro del Plan de Mejoramiento Educativo (PME), Planes Normativos y Talleres Extraescolares a implementar durante 2023.&nbsp;<\/p>\n\n\n\n<figure class=\"wp-block-gallery has-nested-images columns-default is-cropped wp-block-gallery-2 is-layout-flex wp-block-gallery-is-layout-flex\">\n<figure class=\"wp-block-image size-large\"><a href=\"https:\/\/colegiomontessori.cl\/wp2\/wp-content\/uploads\/2023\/05\/consejo-escolar-2023-2.jpg\"><img loading=\"lazy\" decoding=\"async\" width=\"900\" height=\"506\" data-id=\"17501\" src=\"https:\/\/colegiomontessori.cl\/wp2\/wp-content\/uploads\/2023\/05\/consejo-escolar-2023-2.jpg\" alt=\"\" class=\"wp-image-17501\" srcset=\"https:\/\/colegiomontessori.cl\/wp2\/wp-content\/uploads\/2023\/05\/consejo-escolar-2023-2.jpg 900w, https:\/\/colegiomontessori.cl\/wp2\/wp-content\/uploads\/2023\/05\/consejo-escolar-2023-2-300x169.jpg 300w, https:\/\/colegiomontessori.cl\/wp2\/wp-content\/uploads\/2023\/05\/consejo-escolar-2023-2-768x432.jpg 768w\" sizes=\"auto, (max-width: 900px) 100vw, 900px\" \/><\/a><\/figure>\n<\/figure>\n","protected":false},"excerpt":{"rendered":"<p>Primera reuni\u00f3n del Consejo Escolar abord\u00f3 aspectos generales del a\u00f1o 2022 y los lineamientos a seguir para el presente 2023. Con la presencia de representantes de los distintos estamentos de la comunidad educativa de nuestro colegio, se llev\u00f3 a cabo la primera reuni\u00f3n del Consejo Escolar. La convocatoria dirigida por el Rector, Sr. Nelson Pinilla &hellip;<\/p>\n<p class=\"read-more\"> <a class=\"\" href=\"https:\/\/colegiomontessori.cl\/wp2\/2023\/05\/25\/consejo-escolar-reunio-a-representantes-de-la-comunidad-educativa-colegio-montessori\/\"> <span class=\"screen-reader-text\">Consejo Escolar reuni\u00f3 a representantes de la comunidad educativa Colegio Montessori<\/span> Leer m\u00e1s &raquo;<\/a><\/p>\n","protected":false},"author":2,"featured_media":17500,"comment_status":"closed","ping_status":"open","sticky":false,"template":"","format":"standard","meta":{"footnotes":""},"categories":[35],"tags":[],"class_list":["post-17498","post","type-post","status-publish","format-standard","has-post-thumbnail","hentry","category-colegio"],"_links":{"self":[{"href":"https:\/\/colegiomontessori.cl\/wp2\/wp-json\/wp\/v2\/posts\/17498","targetHints":{"allow":["GET"]}}],"collection":[{"href":"https:\/\/colegiomontessori.cl\/wp2\/wp-json\/wp\/v2\/posts"}],"about":[{"href":"https:\/\/colegiomontessori.cl\/wp2\/wp-json\/wp\/v2\/types\/post"}],"author":[{"embeddable":true,"href":"https:\/\/colegiomontessori.cl\/wp2\/wp-json\/wp\/v2\/users\/2"}],"replies":[{"embeddable":true,"href":"https:\/\/colegiomontessori.cl\/wp2\/wp-json\/wp\/v2\/comments?post=17498"}],"version-history":[{"count":3,"href":"https:\/\/colegiomontessori.cl\/wp2\/wp-json\/wp\/v2\/posts\/17498\/revisions"}],"predecessor-version":[{"id":17505,"href":"https:\/\/colegiomontessori.cl\/wp2\/wp-json\/wp\/v2\/posts\/17498\/revisions\/17505"}],"wp:featuredmedia":[{"embeddable":true,"href":"https:\/\/colegiomontessori.cl\/wp2\/wp-json\/wp\/v2\/media\/17500"}],"wp:attachment":[{"href":"https:\/\/colegiomontessori.cl\/wp2\/wp-json\/wp\/v2\/media?parent=17498"}],"wp:term":[{"taxonomy":"category","embeddable":true,"href":"https:\/\/colegiomontessori.cl\/wp2\/wp-json\/wp\/v2\/categories?post=17498"},{"taxonomy":"post_tag","embeddable":true,"href":"https:\/\/colegiomontessori.cl\/wp2\/wp-json\/wp\/v2\/tags?post=17498"}],"curies":[{"name":"wp","href":"https:\/\/api.w.org\/{rel}","templated":true}]}}