{"id":18173,"date":"2023-06-29T17:10:08","date_gmt":"2023-06-29T21:10:08","guid":{"rendered":"https:\/\/colegiomontessori.cl\/wp2\/?p=18173"},"modified":"2023-06-29T17:11:24","modified_gmt":"2023-06-29T21:11:24","slug":"joven-montessoriano-es-el-nuevo-campeon-regional-sub-16-de-ajedrez","status":"publish","type":"post","link":"https:\/\/colegiomontessori.cl\/wp2\/2023\/06\/29\/joven-montessoriano-es-el-nuevo-campeon-regional-sub-16-de-ajedrez\/","title":{"rendered":"Joven Montessoriano es el nuevo campe\u00f3n regional sub-16 de Ajedrez"},"content":{"rendered":"\n<p><strong>El alumno Pablo Huichicoy Gonz\u00e1lez obtuvo el 1er Lugar de la categor\u00eda Sub-16 en el marco de los Juegos Deportivos Escolares del IND.<\/strong><\/p>\n\n\n\n<p>Como el mejor de su categor\u00eda a nivel regional se consagr\u00f3 Pablo Huichicoy Gonz\u00e1lez, estudiante de 2\u00b0 a\u00f1o medio A del Colegio Montessori de Temuco, en el marco de su participaci\u00f3n en la disciplina de Ajedrez de los Juegos Deportivos Escolares del IND.<\/p>\n\n\n\n<figure class=\"wp-block-gallery has-nested-images columns-2 is-cropped wp-block-gallery-1 is-layout-flex wp-block-gallery-is-layout-flex\">\n<figure class=\"wp-block-image size-large\"><a href=\"https:\/\/colegiomontessori.cl\/wp2\/wp-content\/uploads\/2023\/06\/final-regional-de-ajedrez-1.jpg\"><img loading=\"lazy\" decoding=\"async\" width=\"900\" height=\"675\" data-id=\"18174\" src=\"https:\/\/colegiomontessori.cl\/wp2\/wp-content\/uploads\/2023\/06\/final-regional-de-ajedrez-1.jpg\" alt=\"\" class=\"wp-image-18174\" srcset=\"https:\/\/colegiomontessori.cl\/wp2\/wp-content\/uploads\/2023\/06\/final-regional-de-ajedrez-1.jpg 900w, https:\/\/colegiomontessori.cl\/wp2\/wp-content\/uploads\/2023\/06\/final-regional-de-ajedrez-1-300x225.jpg 300w, https:\/\/colegiomontessori.cl\/wp2\/wp-content\/uploads\/2023\/06\/final-regional-de-ajedrez-1-768x576.jpg 768w\" sizes=\"auto, (max-width: 900px) 100vw, 900px\" \/><\/a><\/figure>\n\n\n\n<figure class=\"wp-block-image size-large\"><a href=\"https:\/\/colegiomontessori.cl\/wp2\/wp-content\/uploads\/2023\/06\/final-regional-de-ajedrez-2.jpg\"><img loading=\"lazy\" decoding=\"async\" width=\"900\" height=\"675\" data-id=\"18175\" src=\"https:\/\/colegiomontessori.cl\/wp2\/wp-content\/uploads\/2023\/06\/final-regional-de-ajedrez-2.jpg\" alt=\"\" class=\"wp-image-18175\" srcset=\"https:\/\/colegiomontessori.cl\/wp2\/wp-content\/uploads\/2023\/06\/final-regional-de-ajedrez-2.jpg 900w, https:\/\/colegiomontessori.cl\/wp2\/wp-content\/uploads\/2023\/06\/final-regional-de-ajedrez-2-300x225.jpg 300w, https:\/\/colegiomontessori.cl\/wp2\/wp-content\/uploads\/2023\/06\/final-regional-de-ajedrez-2-768x576.jpg 768w\" sizes=\"auto, (max-width: 900px) 100vw, 900px\" \/><\/a><\/figure>\n<\/figure>\n\n\n\n<p>Es as\u00ed como, tras superar la fase comunal y posteriormente la etapa provincial Caut\u00edn Norte, la joven promesa del deporte ciencia clasific\u00f3 con medalla de plata a la gran Final Regional, disputada el d\u00eda mi\u00e9rcoles 28 de junio en la Biblioteca Municipal de la comuna de Lautaro, obteniendo el 1er Lugar de la categor\u00eda Sub-16.<\/p>\n\n\n\n<p>La actividad cont\u00f3 con la presencia de autoridades comunales y regionales encabezadas por la Seremi del Deporte de La Araucan\u00eda, Sra. Marcela Vejar Retamal, quien hizo entrega de los reconocimientos a los j\u00f3venes ajedrecistas durante la ceremonia de premiaci\u00f3n.<\/p>\n\n\n\n<figure class=\"wp-block-gallery has-nested-images columns-2 is-cropped wp-block-gallery-2 is-layout-flex wp-block-gallery-is-layout-flex\">\n<figure class=\"wp-block-image size-large\"><a href=\"https:\/\/colegiomontessori.cl\/wp2\/wp-content\/uploads\/2023\/06\/final-regional-de-ajedrez-3.jpg\"><img loading=\"lazy\" decoding=\"async\" width=\"768\" height=\"1024\" data-id=\"18176\" src=\"https:\/\/colegiomontessori.cl\/wp2\/wp-content\/uploads\/2023\/06\/final-regional-de-ajedrez-3-768x1024.jpg\" alt=\"\" class=\"wp-image-18176\" srcset=\"https:\/\/colegiomontessori.cl\/wp2\/wp-content\/uploads\/2023\/06\/final-regional-de-ajedrez-3-768x1024.jpg 768w, https:\/\/colegiomontessori.cl\/wp2\/wp-content\/uploads\/2023\/06\/final-regional-de-ajedrez-3-225x300.jpg 225w, https:\/\/colegiomontessori.cl\/wp2\/wp-content\/uploads\/2023\/06\/final-regional-de-ajedrez-3.jpg 900w\" sizes=\"auto, (max-width: 768px) 100vw, 768px\" \/><\/a><\/figure>\n\n\n\n<figure class=\"wp-block-image size-large\"><a href=\"https:\/\/colegiomontessori.cl\/wp2\/wp-content\/uploads\/2023\/06\/final-regional-de-ajedrez-6-1.jpg\"><img loading=\"lazy\" decoding=\"async\" width=\"768\" height=\"1024\" data-id=\"18180\" src=\"https:\/\/colegiomontessori.cl\/wp2\/wp-content\/uploads\/2023\/06\/final-regional-de-ajedrez-6-1-768x1024.jpg\" alt=\"\" class=\"wp-image-18180\" srcset=\"https:\/\/colegiomontessori.cl\/wp2\/wp-content\/uploads\/2023\/06\/final-regional-de-ajedrez-6-1-768x1024.jpg 768w, https:\/\/colegiomontessori.cl\/wp2\/wp-content\/uploads\/2023\/06\/final-regional-de-ajedrez-6-1-225x300.jpg 225w, https:\/\/colegiomontessori.cl\/wp2\/wp-content\/uploads\/2023\/06\/final-regional-de-ajedrez-6-1.jpg 900w\" sizes=\"auto, (max-width: 768px) 100vw, 768px\" \/><\/a><\/figure>\n\n\n\n<figure class=\"wp-block-image size-large\"><a href=\"https:\/\/colegiomontessori.cl\/wp2\/wp-content\/uploads\/2023\/06\/final-regional-de-ajedrez-5.jpg\"><img loading=\"lazy\" decoding=\"async\" width=\"900\" height=\"602\" data-id=\"18178\" src=\"https:\/\/colegiomontessori.cl\/wp2\/wp-content\/uploads\/2023\/06\/final-regional-de-ajedrez-5.jpg\" alt=\"\" class=\"wp-image-18178\" srcset=\"https:\/\/colegiomontessori.cl\/wp2\/wp-content\/uploads\/2023\/06\/final-regional-de-ajedrez-5.jpg 900w, https:\/\/colegiomontessori.cl\/wp2\/wp-content\/uploads\/2023\/06\/final-regional-de-ajedrez-5-300x201.jpg 300w, https:\/\/colegiomontessori.cl\/wp2\/wp-content\/uploads\/2023\/06\/final-regional-de-ajedrez-5-768x514.jpg 768w\" sizes=\"auto, (max-width: 900px) 100vw, 900px\" \/><\/a><\/figure>\n<\/figure>\n","protected":false},"excerpt":{"rendered":"<p>El alumno Pablo Huichicoy Gonz\u00e1lez obtuvo el 1er Lugar de la categor\u00eda Sub-16 en el marco de los Juegos Deportivos Escolares del IND. Como el mejor de su categor\u00eda a nivel regional se consagr\u00f3 Pablo Huichicoy Gonz\u00e1lez, estudiante de 2\u00b0 a\u00f1o medio A del Colegio Montessori de Temuco, en el marco de su participaci\u00f3n en &hellip;<\/p>\n<p class=\"read-more\"> <a class=\"\" href=\"https:\/\/colegiomontessori.cl\/wp2\/2023\/06\/29\/joven-montessoriano-es-el-nuevo-campeon-regional-sub-16-de-ajedrez\/\"> <span class=\"screen-reader-text\">Joven Montessoriano es el nuevo campe\u00f3n regional sub-16 de Ajedrez<\/span> Leer m\u00e1s &raquo;<\/a><\/p>\n","protected":false},"author":2,"featured_media":18177,"comment_status":"closed","ping_status":"open","sticky":false,"template":"","format":"standard","meta":{"footnotes":""},"categories":[53],"tags":[],"class_list":["post-18173","post","type-post","status-publish","format-standard","has-post-thumbnail","hentry","category-ajedrez"],"_links":{"self":[{"href":"https:\/\/colegiomontessori.cl\/wp2\/wp-json\/wp\/v2\/posts\/18173","targetHints":{"allow":["GET"]}}],"collection":[{"href":"https:\/\/colegiomontessori.cl\/wp2\/wp-json\/wp\/v2\/posts"}],"about":[{"href":"https:\/\/colegiomontessori.cl\/wp2\/wp-json\/wp\/v2\/types\/post"}],"author":[{"embeddable":true,"href":"https:\/\/colegiomontessori.cl\/wp2\/wp-json\/wp\/v2\/users\/2"}],"replies":[{"embeddable":true,"href":"https:\/\/colegiomontessori.cl\/wp2\/wp-json\/wp\/v2\/comments?post=18173"}],"version-history":[{"count":2,"href":"https:\/\/colegiomontessori.cl\/wp2\/wp-json\/wp\/v2\/posts\/18173\/revisions"}],"predecessor-version":[{"id":18182,"href":"https:\/\/colegiomontessori.cl\/wp2\/wp-json\/wp\/v2\/posts\/18173\/revisions\/18182"}],"wp:featuredmedia":[{"embeddable":true,"href":"https:\/\/colegiomontessori.cl\/wp2\/wp-json\/wp\/v2\/media\/18177"}],"wp:attachment":[{"href":"https:\/\/colegiomontessori.cl\/wp2\/wp-json\/wp\/v2\/media?parent=18173"}],"wp:term":[{"taxonomy":"category","embeddable":true,"href":"https:\/\/colegiomontessori.cl\/wp2\/wp-json\/wp\/v2\/categories?post=18173"},{"taxonomy":"post_tag","embeddable":true,"href":"https:\/\/colegiomontessori.cl\/wp2\/wp-json\/wp\/v2\/tags?post=18173"}],"curies":[{"name":"wp","href":"https:\/\/api.w.org\/{rel}","templated":true}]}}