{"id":18572,"date":"2023-08-02T18:02:03","date_gmt":"2023-08-02T22:02:03","guid":{"rendered":"https:\/\/colegiomontessori.cl\/wp2\/?p=18572"},"modified":"2023-08-02T18:04:08","modified_gmt":"2023-08-02T22:04:08","slug":"ada-apoderados-delegados-de-asignatura-apoyan-la-labor-pedagogica","status":"publish","type":"post","link":"https:\/\/colegiomontessori.cl\/wp2\/2023\/08\/02\/ada-apoderados-delegados-de-asignatura-apoyan-la-labor-pedagogica\/","title":{"rendered":"ADA: Apoderados Delegados de Asignatura apoyan la labor pedag\u00f3gica"},"content":{"rendered":"\n<p><strong>Entre las principales funciones del programa impulsado por Coordinaci\u00f3n Acad\u00e9mica de Educaci\u00f3n B\u00e1sica, se encuentra el poder aclarar dudas de los estudiantes y\/o sus familias con los profesores de las distintas asignaturas, representando las inquietudes del curso.<\/strong><\/p>\n\n\n\n<p>La tarde de ayer nos reunimos con los padres y madres que conforman el grupo de Apoderados Delegados de Asignatura, ADAS, para participar de una reuni\u00f3n informativa dirigida por Coordinaci\u00f3n Acad\u00e9mica de Educaci\u00f3n B\u00e1sica, a cargo de la profesora Sra. Paola Pinilla.<\/p>\n\n\n\n<figure class=\"wp-block-gallery has-nested-images columns-2 is-cropped wp-block-gallery-1 is-layout-flex wp-block-gallery-is-layout-flex\">\n<figure class=\"wp-block-image size-large\"><a href=\"https:\/\/colegiomontessori.cl\/wp2\/wp-content\/uploads\/2023\/08\/reunion-adas-1.jpg\"><img loading=\"lazy\" decoding=\"async\" width=\"900\" height=\"600\" data-id=\"18573\" src=\"https:\/\/colegiomontessori.cl\/wp2\/wp-content\/uploads\/2023\/08\/reunion-adas-1.jpg\" alt=\"\" class=\"wp-image-18573\" srcset=\"https:\/\/colegiomontessori.cl\/wp2\/wp-content\/uploads\/2023\/08\/reunion-adas-1.jpg 900w, https:\/\/colegiomontessori.cl\/wp2\/wp-content\/uploads\/2023\/08\/reunion-adas-1-300x200.jpg 300w, https:\/\/colegiomontessori.cl\/wp2\/wp-content\/uploads\/2023\/08\/reunion-adas-1-768x512.jpg 768w\" sizes=\"auto, (max-width: 900px) 100vw, 900px\" \/><\/a><\/figure>\n\n\n\n<figure class=\"wp-block-image size-large\"><a href=\"https:\/\/colegiomontessori.cl\/wp2\/wp-content\/uploads\/2023\/08\/reunion-adas-5.jpg\"><img loading=\"lazy\" decoding=\"async\" width=\"900\" height=\"600\" data-id=\"18577\" src=\"https:\/\/colegiomontessori.cl\/wp2\/wp-content\/uploads\/2023\/08\/reunion-adas-5.jpg\" alt=\"\" class=\"wp-image-18577\" srcset=\"https:\/\/colegiomontessori.cl\/wp2\/wp-content\/uploads\/2023\/08\/reunion-adas-5.jpg 900w, https:\/\/colegiomontessori.cl\/wp2\/wp-content\/uploads\/2023\/08\/reunion-adas-5-300x200.jpg 300w, https:\/\/colegiomontessori.cl\/wp2\/wp-content\/uploads\/2023\/08\/reunion-adas-5-768x512.jpg 768w\" sizes=\"auto, (max-width: 900px) 100vw, 900px\" \/><\/a><\/figure>\n<\/figure>\n\n\n\n<p>La actividad, que cont\u00f3 con la presencia del Rector, Sr. Nelson Pinilla, y de la Presidenta del Centro General de Padres y Apoderados, Sra. Viviana Valles, tuvo como objetivo <a><\/a>alinear criterios de trabajo entre directivos, profesores y apoderados sobre la gesti\u00f3n pedag\u00f3gica del establecimiento, incorporando el apoyo de las familias en el desarrollo de las distintas materias.<\/p>\n\n\n\n<p>Entre las principales funciones asignadas por el programa ADA se encuentra el poder aclarar las dudas de los estudiantes y\/o familias en lo acad\u00e9mico, representando las inquietudes que convoquen a la mayor\u00eda de curso ante los profesores de cada asignatura.<\/p>\n\n\n\n<figure class=\"wp-block-gallery has-nested-images columns-2 is-cropped wp-block-gallery-2 is-layout-flex wp-block-gallery-is-layout-flex\">\n<figure class=\"wp-block-image size-large\"><a href=\"https:\/\/colegiomontessori.cl\/wp2\/wp-content\/uploads\/2023\/08\/reunion-adas-2.jpg\"><img loading=\"lazy\" decoding=\"async\" width=\"900\" height=\"600\" data-id=\"18574\" src=\"https:\/\/colegiomontessori.cl\/wp2\/wp-content\/uploads\/2023\/08\/reunion-adas-2.jpg\" alt=\"\" class=\"wp-image-18574\" srcset=\"https:\/\/colegiomontessori.cl\/wp2\/wp-content\/uploads\/2023\/08\/reunion-adas-2.jpg 900w, https:\/\/colegiomontessori.cl\/wp2\/wp-content\/uploads\/2023\/08\/reunion-adas-2-300x200.jpg 300w, https:\/\/colegiomontessori.cl\/wp2\/wp-content\/uploads\/2023\/08\/reunion-adas-2-768x512.jpg 768w\" sizes=\"auto, (max-width: 900px) 100vw, 900px\" \/><\/a><\/figure>\n\n\n\n<figure class=\"wp-block-image size-large\"><a href=\"https:\/\/colegiomontessori.cl\/wp2\/wp-content\/uploads\/2023\/08\/reunion-adas-7.jpg\"><img loading=\"lazy\" decoding=\"async\" width=\"900\" height=\"600\" data-id=\"18579\" src=\"https:\/\/colegiomontessori.cl\/wp2\/wp-content\/uploads\/2023\/08\/reunion-adas-7.jpg\" alt=\"\" class=\"wp-image-18579\" srcset=\"https:\/\/colegiomontessori.cl\/wp2\/wp-content\/uploads\/2023\/08\/reunion-adas-7.jpg 900w, https:\/\/colegiomontessori.cl\/wp2\/wp-content\/uploads\/2023\/08\/reunion-adas-7-300x200.jpg 300w, https:\/\/colegiomontessori.cl\/wp2\/wp-content\/uploads\/2023\/08\/reunion-adas-7-768x512.jpg 768w\" sizes=\"auto, (max-width: 900px) 100vw, 900px\" \/><\/a><\/figure>\n\n\n\n<figure class=\"wp-block-image size-large\"><a href=\"https:\/\/colegiomontessori.cl\/wp2\/wp-content\/uploads\/2023\/08\/reunion-adas-4.jpg\"><img loading=\"lazy\" decoding=\"async\" width=\"900\" height=\"600\" data-id=\"18576\" src=\"https:\/\/colegiomontessori.cl\/wp2\/wp-content\/uploads\/2023\/08\/reunion-adas-4.jpg\" alt=\"\" class=\"wp-image-18576\" srcset=\"https:\/\/colegiomontessori.cl\/wp2\/wp-content\/uploads\/2023\/08\/reunion-adas-4.jpg 900w, https:\/\/colegiomontessori.cl\/wp2\/wp-content\/uploads\/2023\/08\/reunion-adas-4-300x200.jpg 300w, https:\/\/colegiomontessori.cl\/wp2\/wp-content\/uploads\/2023\/08\/reunion-adas-4-768x512.jpg 768w\" sizes=\"auto, (max-width: 900px) 100vw, 900px\" \/><\/a><\/figure>\n\n\n\n<figure class=\"wp-block-image size-large\"><a href=\"https:\/\/colegiomontessori.cl\/wp2\/wp-content\/uploads\/2023\/08\/reunion-adas-3.jpg\"><img loading=\"lazy\" decoding=\"async\" width=\"900\" height=\"600\" data-id=\"18575\" src=\"https:\/\/colegiomontessori.cl\/wp2\/wp-content\/uploads\/2023\/08\/reunion-adas-3.jpg\" alt=\"\" class=\"wp-image-18575\" srcset=\"https:\/\/colegiomontessori.cl\/wp2\/wp-content\/uploads\/2023\/08\/reunion-adas-3.jpg 900w, https:\/\/colegiomontessori.cl\/wp2\/wp-content\/uploads\/2023\/08\/reunion-adas-3-300x200.jpg 300w, https:\/\/colegiomontessori.cl\/wp2\/wp-content\/uploads\/2023\/08\/reunion-adas-3-768x512.jpg 768w\" sizes=\"auto, (max-width: 900px) 100vw, 900px\" \/><\/a><\/figure>\n\n\n\n<figure class=\"wp-block-image size-large\"><a href=\"https:\/\/colegiomontessori.cl\/wp2\/wp-content\/uploads\/2023\/08\/reunion-adas-6.jpg\"><img loading=\"lazy\" decoding=\"async\" width=\"900\" height=\"600\" data-id=\"18578\" src=\"https:\/\/colegiomontessori.cl\/wp2\/wp-content\/uploads\/2023\/08\/reunion-adas-6.jpg\" alt=\"\" class=\"wp-image-18578\" srcset=\"https:\/\/colegiomontessori.cl\/wp2\/wp-content\/uploads\/2023\/08\/reunion-adas-6.jpg 900w, https:\/\/colegiomontessori.cl\/wp2\/wp-content\/uploads\/2023\/08\/reunion-adas-6-300x200.jpg 300w, https:\/\/colegiomontessori.cl\/wp2\/wp-content\/uploads\/2023\/08\/reunion-adas-6-768x512.jpg 768w\" sizes=\"auto, (max-width: 900px) 100vw, 900px\" \/><\/a><\/figure>\n<\/figure>\n","protected":false},"excerpt":{"rendered":"<p>Entre las principales funciones del programa impulsado por Coordinaci\u00f3n Acad\u00e9mica de Educaci\u00f3n B\u00e1sica, se encuentra el poder aclarar dudas de los estudiantes y\/o sus familias con los profesores de las distintas asignaturas, representando las inquietudes del curso. La tarde de ayer nos reunimos con los padres y madres que conforman el grupo de Apoderados Delegados &hellip;<\/p>\n<p class=\"read-more\"> <a class=\"\" href=\"https:\/\/colegiomontessori.cl\/wp2\/2023\/08\/02\/ada-apoderados-delegados-de-asignatura-apoyan-la-labor-pedagogica\/\"> <span class=\"screen-reader-text\">ADA: Apoderados Delegados de Asignatura apoyan la labor pedag\u00f3gica<\/span> Leer m\u00e1s &raquo;<\/a><\/p>\n","protected":false},"author":2,"featured_media":18580,"comment_status":"closed","ping_status":"open","sticky":false,"template":"","format":"standard","meta":{"footnotes":""},"categories":[21],"tags":[],"class_list":["post-18572","post","type-post","status-publish","format-standard","has-post-thumbnail","hentry","category-area-academica"],"_links":{"self":[{"href":"https:\/\/colegiomontessori.cl\/wp2\/wp-json\/wp\/v2\/posts\/18572","targetHints":{"allow":["GET"]}}],"collection":[{"href":"https:\/\/colegiomontessori.cl\/wp2\/wp-json\/wp\/v2\/posts"}],"about":[{"href":"https:\/\/colegiomontessori.cl\/wp2\/wp-json\/wp\/v2\/types\/post"}],"author":[{"embeddable":true,"href":"https:\/\/colegiomontessori.cl\/wp2\/wp-json\/wp\/v2\/users\/2"}],"replies":[{"embeddable":true,"href":"https:\/\/colegiomontessori.cl\/wp2\/wp-json\/wp\/v2\/comments?post=18572"}],"version-history":[{"count":3,"href":"https:\/\/colegiomontessori.cl\/wp2\/wp-json\/wp\/v2\/posts\/18572\/revisions"}],"predecessor-version":[{"id":18583,"href":"https:\/\/colegiomontessori.cl\/wp2\/wp-json\/wp\/v2\/posts\/18572\/revisions\/18583"}],"wp:featuredmedia":[{"embeddable":true,"href":"https:\/\/colegiomontessori.cl\/wp2\/wp-json\/wp\/v2\/media\/18580"}],"wp:attachment":[{"href":"https:\/\/colegiomontessori.cl\/wp2\/wp-json\/wp\/v2\/media?parent=18572"}],"wp:term":[{"taxonomy":"category","embeddable":true,"href":"https:\/\/colegiomontessori.cl\/wp2\/wp-json\/wp\/v2\/categories?post=18572"},{"taxonomy":"post_tag","embeddable":true,"href":"https:\/\/colegiomontessori.cl\/wp2\/wp-json\/wp\/v2\/tags?post=18572"}],"curies":[{"name":"wp","href":"https:\/\/api.w.org\/{rel}","templated":true}]}}