{"id":18619,"date":"2023-08-04T10:52:22","date_gmt":"2023-08-04T14:52:22","guid":{"rendered":"https:\/\/colegiomontessori.cl\/wp2\/?p=18619"},"modified":"2023-09-06T09:56:17","modified_gmt":"2023-09-06T12:56:17","slug":"brigada-escolar-inicio-su-proceso-de-instruccion-junto-a-carabineros-de-chile","status":"publish","type":"post","link":"https:\/\/colegiomontessori.cl\/wp2\/2023\/08\/04\/brigada-escolar-inicio-su-proceso-de-instruccion-junto-a-carabineros-de-chile\/","title":{"rendered":"Brigada Escolar inici\u00f3 su proceso de instrucci\u00f3n junto a Carabineros de Chile"},"content":{"rendered":"\n<p><strong>La iniciativa implementada en la Jornada Tarde busca reforzar el autocuidado, la buena convivencia y la prevenci\u00f3n de accidentes, desde los propios estudiantes.<\/strong><\/p>\n\n\n\n<p>Ser un integrante de la Brigada Escolar requiere de una constante capacitaci\u00f3n para quienes asumen el desaf\u00edo, de hacer cumplir el orden para contribuir a la buena Convivencia Escolar. Es por ello que, tras la reciente puesta en marcha de esta iniciativa en nuestro colegio al alero de Carabineros de Chile, los estudiantes iniciaron su programa de instrucci\u00f3n.<\/p>\n\n\n\n<figure class=\"wp-block-gallery has-nested-images columns-2 is-cropped wp-block-gallery-1 is-layout-flex wp-block-gallery-is-layout-flex\">\n<figure class=\"wp-block-image size-large\"><a href=\"https:\/\/colegiomontessori.cl\/wp2\/wp-content\/uploads\/2023\/08\/brigada-carabineros-7.jpg\"><img loading=\"lazy\" decoding=\"async\" width=\"900\" height=\"600\" data-id=\"18628\" src=\"https:\/\/colegiomontessori.cl\/wp2\/wp-content\/uploads\/2023\/08\/brigada-carabineros-7.jpg\" alt=\"\" class=\"wp-image-18628\" srcset=\"https:\/\/colegiomontessori.cl\/wp2\/wp-content\/uploads\/2023\/08\/brigada-carabineros-7.jpg 900w, https:\/\/colegiomontessori.cl\/wp2\/wp-content\/uploads\/2023\/08\/brigada-carabineros-7-300x200.jpg 300w, https:\/\/colegiomontessori.cl\/wp2\/wp-content\/uploads\/2023\/08\/brigada-carabineros-7-768x512.jpg 768w\" sizes=\"auto, (max-width: 900px) 100vw, 900px\" \/><\/a><\/figure>\n<\/figure>\n\n\n\n<p>En este contexto el d\u00eda mi\u00e9rcoles de esta semana recibimos la visita del capit\u00e1n Ricardo Raddatz Sandoval Comandante de la Escuela de Formaci\u00f3n de Carabineros de Temuco, Esfocar, acompa\u00f1ado de los instructores sargento segundo Pamela Medina Sep\u00falveda y sargento segundo Pedro Mansilla Cadin.<\/p>\n\n\n\n<figure class=\"wp-block-gallery has-nested-images columns-default is-cropped wp-block-gallery-2 is-layout-flex wp-block-gallery-is-layout-flex\">\n<figure class=\"wp-block-image size-large\"><a href=\"https:\/\/colegiomontessori.cl\/wp2\/wp-content\/uploads\/2023\/08\/brigada-carabineros-5.jpg\"><img loading=\"lazy\" decoding=\"async\" width=\"900\" height=\"600\" data-id=\"18626\" src=\"https:\/\/colegiomontessori.cl\/wp2\/wp-content\/uploads\/2023\/08\/brigada-carabineros-5.jpg\" alt=\"\" class=\"wp-image-18626\" srcset=\"https:\/\/colegiomontessori.cl\/wp2\/wp-content\/uploads\/2023\/08\/brigada-carabineros-5.jpg 900w, https:\/\/colegiomontessori.cl\/wp2\/wp-content\/uploads\/2023\/08\/brigada-carabineros-5-300x200.jpg 300w, https:\/\/colegiomontessori.cl\/wp2\/wp-content\/uploads\/2023\/08\/brigada-carabineros-5-768x512.jpg 768w\" sizes=\"auto, (max-width: 900px) 100vw, 900px\" \/><\/a><\/figure>\n<\/figure>\n\n\n\n<figure class=\"wp-block-audio\"><audio controls src=\"https:\/\/colegiomontessori.cl\/wp2\/wp-content\/uploads\/2023\/08\/audio-capitan-raddatz.mp3\"><\/audio><\/figure>\n\n\n\n<p><em>Audio. Ricardo Raddatz, Comandante de la Escuela de Formaci\u00f3n de Carabineros de Temuco, Esfocar<\/em>.<\/p>\n\n\n\n<p>La actividad cont\u00f3 con la presencia de nuestro Rector, Sr. Nelson Pinilla Fuentes, junto a integrantes del equipo directivo Coordinadora Acad\u00e9mica Jornada Tarde, Sra. Paola Pinilla Sanhueza, e Inspector General, Sr. Diego Fredes Lagos, profesores responsables de la implementaci\u00f3n de la brigada en nuestro colegio.<\/p>\n\n\n\n<figure class=\"wp-block-gallery has-nested-images columns-default is-cropped wp-block-gallery-3 is-layout-flex wp-block-gallery-is-layout-flex\">\n<figure class=\"wp-block-image size-large\"><a href=\"https:\/\/colegiomontessori.cl\/wp2\/wp-content\/uploads\/2023\/08\/brigada-carabineros-9.jpeg\"><img loading=\"lazy\" decoding=\"async\" width=\"1024\" height=\"683\" data-id=\"18622\" src=\"https:\/\/colegiomontessori.cl\/wp2\/wp-content\/uploads\/2023\/08\/brigada-carabineros-9-1024x683.jpeg\" alt=\"\" class=\"wp-image-18622\" srcset=\"https:\/\/colegiomontessori.cl\/wp2\/wp-content\/uploads\/2023\/08\/brigada-carabineros-9-1024x683.jpeg 1024w, https:\/\/colegiomontessori.cl\/wp2\/wp-content\/uploads\/2023\/08\/brigada-carabineros-9-300x200.jpeg 300w, https:\/\/colegiomontessori.cl\/wp2\/wp-content\/uploads\/2023\/08\/brigada-carabineros-9-768x512.jpeg 768w, https:\/\/colegiomontessori.cl\/wp2\/wp-content\/uploads\/2023\/08\/brigada-carabineros-9.jpeg 1350w\" sizes=\"auto, (max-width: 1024px) 100vw, 1024px\" \/><\/a><\/figure>\n<\/figure>\n\n\n\n<p>Con esta primera interacci\u00f3n se dio inicio al trabajo formativo y de vinculaci\u00f3n que realizar\u00e1 Carabineros de Chile con los ni\u00f1os de 3\u00b0 a 6\u00b0 b\u00e1sico que conforman la Brigada Escolar integral del Colegio Montessori, orient\u00e1ndolos c\u00f3mo proceder en las responsabilidades propias de este grupo.<\/p>\n\n\n\n<p>Agradecemos la importante labor de Carabineros de Chile en el proceso de creaci\u00f3n de la Brigada Escolar.<\/p>\n\n\n\n<figure class=\"wp-block-gallery has-nested-images columns-2 is-cropped wp-block-gallery-4 is-layout-flex wp-block-gallery-is-layout-flex\">\n<figure class=\"wp-block-image size-large\"><a href=\"https:\/\/colegiomontessori.cl\/wp2\/wp-content\/uploads\/2023\/08\/brigada-carabineros-4.jpg\"><img loading=\"lazy\" decoding=\"async\" width=\"900\" height=\"600\" data-id=\"18625\" src=\"https:\/\/colegiomontessori.cl\/wp2\/wp-content\/uploads\/2023\/08\/brigada-carabineros-4.jpg\" alt=\"\" class=\"wp-image-18625\" srcset=\"https:\/\/colegiomontessori.cl\/wp2\/wp-content\/uploads\/2023\/08\/brigada-carabineros-4.jpg 900w, https:\/\/colegiomontessori.cl\/wp2\/wp-content\/uploads\/2023\/08\/brigada-carabineros-4-300x200.jpg 300w, https:\/\/colegiomontessori.cl\/wp2\/wp-content\/uploads\/2023\/08\/brigada-carabineros-4-768x512.jpg 768w\" sizes=\"auto, (max-width: 900px) 100vw, 900px\" \/><\/a><\/figure>\n\n\n\n<figure class=\"wp-block-image size-large\"><a href=\"https:\/\/colegiomontessori.cl\/wp2\/wp-content\/uploads\/2023\/08\/brigada-carabineros-6.jpg\"><img loading=\"lazy\" decoding=\"async\" width=\"900\" height=\"600\" data-id=\"18627\" src=\"https:\/\/colegiomontessori.cl\/wp2\/wp-content\/uploads\/2023\/08\/brigada-carabineros-6.jpg\" alt=\"\" class=\"wp-image-18627\" srcset=\"https:\/\/colegiomontessori.cl\/wp2\/wp-content\/uploads\/2023\/08\/brigada-carabineros-6.jpg 900w, https:\/\/colegiomontessori.cl\/wp2\/wp-content\/uploads\/2023\/08\/brigada-carabineros-6-300x200.jpg 300w, https:\/\/colegiomontessori.cl\/wp2\/wp-content\/uploads\/2023\/08\/brigada-carabineros-6-768x512.jpg 768w\" sizes=\"auto, (max-width: 900px) 100vw, 900px\" \/><\/a><\/figure>\n\n\n\n<figure class=\"wp-block-image size-large\"><a href=\"https:\/\/colegiomontessori.cl\/wp2\/wp-content\/uploads\/2023\/08\/brigada-carabineros-8.jpeg\"><img loading=\"lazy\" decoding=\"async\" width=\"1024\" height=\"683\" data-id=\"18620\" src=\"https:\/\/colegiomontessori.cl\/wp2\/wp-content\/uploads\/2023\/08\/brigada-carabineros-8-1024x683.jpeg\" alt=\"\" class=\"wp-image-18620\" srcset=\"https:\/\/colegiomontessori.cl\/wp2\/wp-content\/uploads\/2023\/08\/brigada-carabineros-8-1024x683.jpeg 1024w, https:\/\/colegiomontessori.cl\/wp2\/wp-content\/uploads\/2023\/08\/brigada-carabineros-8-300x200.jpeg 300w, https:\/\/colegiomontessori.cl\/wp2\/wp-content\/uploads\/2023\/08\/brigada-carabineros-8-768x512.jpeg 768w, https:\/\/colegiomontessori.cl\/wp2\/wp-content\/uploads\/2023\/08\/brigada-carabineros-8.jpeg 1350w\" sizes=\"auto, (max-width: 1024px) 100vw, 1024px\" \/><\/a><\/figure>\n<\/figure>\n\n\n\n<div style=\"height:20px\" aria-hidden=\"true\" class=\"wp-block-spacer\"><\/div>\n\n\n\n<p><strong>Noticias relacionadas<\/strong><\/p>\n\n\n\n<figure class=\"wp-block-embed is-type-wp-embed is-provider-colegio-montessori-temuco wp-block-embed-colegio-montessori-temuco\"><div class=\"wp-block-embed__wrapper\">\n<blockquote class=\"wp-embedded-content\" data-secret=\"kI4B4Xwoup\"><a href=\"https:\/\/colegiomontessori.cl\/wp2\/2023\/07\/26\/brigada-escolar-de-carabineros-de-chile-promovera-el-autocuidado-en-la-jornada-tarde\/\">Brigada Escolar de Carabineros de Chile promover\u00e1 el autocuidado en la Jornada Tarde<\/a><\/blockquote><iframe loading=\"lazy\" class=\"wp-embedded-content\" sandbox=\"allow-scripts\" security=\"restricted\" style=\"position: absolute; clip: rect(1px, 1px, 1px, 1px);\" title=\"\u00abBrigada Escolar de Carabineros de Chile promover\u00e1 el autocuidado en la Jornada Tarde\u00bb \u2014 Colegio Montessori Temuco\" src=\"https:\/\/colegiomontessori.cl\/wp2\/2023\/07\/26\/brigada-escolar-de-carabineros-de-chile-promovera-el-autocuidado-en-la-jornada-tarde\/embed\/#?secret=qlhrlR0UAW#?secret=kI4B4Xwoup\" data-secret=\"kI4B4Xwoup\" width=\"500\" height=\"282\" frameborder=\"0\" marginwidth=\"0\" marginheight=\"0\" scrolling=\"no\"><\/iframe>\n<\/div><\/figure>\n\n\n\n<p><\/p>\n","protected":false},"excerpt":{"rendered":"<p>La iniciativa implementada en la Jornada Tarde busca reforzar el autocuidado, la buena convivencia y la prevenci\u00f3n de accidentes, desde los propios estudiantes. Ser un integrante de la Brigada Escolar requiere de una constante capacitaci\u00f3n para quienes asumen el desaf\u00edo, de hacer cumplir el orden para contribuir a la buena Convivencia Escolar. Es por ello &hellip;<\/p>\n<p class=\"read-more\"> <a class=\"\" href=\"https:\/\/colegiomontessori.cl\/wp2\/2023\/08\/04\/brigada-escolar-inicio-su-proceso-de-instruccion-junto-a-carabineros-de-chile\/\"> <span class=\"screen-reader-text\">Brigada Escolar inici\u00f3 su proceso de instrucci\u00f3n junto a Carabineros de Chile<\/span> Leer m\u00e1s &raquo;<\/a><\/p>\n","protected":false},"author":2,"featured_media":18621,"comment_status":"closed","ping_status":"open","sticky":false,"template":"","format":"standard","meta":{"footnotes":""},"categories":[21,39],"tags":[],"class_list":["post-18619","post","type-post","status-publish","format-standard","has-post-thumbnail","hentry","category-area-academica","category-inspectoria"],"_links":{"self":[{"href":"https:\/\/colegiomontessori.cl\/wp2\/wp-json\/wp\/v2\/posts\/18619","targetHints":{"allow":["GET"]}}],"collection":[{"href":"https:\/\/colegiomontessori.cl\/wp2\/wp-json\/wp\/v2\/posts"}],"about":[{"href":"https:\/\/colegiomontessori.cl\/wp2\/wp-json\/wp\/v2\/types\/post"}],"author":[{"embeddable":true,"href":"https:\/\/colegiomontessori.cl\/wp2\/wp-json\/wp\/v2\/users\/2"}],"replies":[{"embeddable":true,"href":"https:\/\/colegiomontessori.cl\/wp2\/wp-json\/wp\/v2\/comments?post=18619"}],"version-history":[{"count":6,"href":"https:\/\/colegiomontessori.cl\/wp2\/wp-json\/wp\/v2\/posts\/18619\/revisions"}],"predecessor-version":[{"id":19288,"href":"https:\/\/colegiomontessori.cl\/wp2\/wp-json\/wp\/v2\/posts\/18619\/revisions\/19288"}],"wp:featuredmedia":[{"embeddable":true,"href":"https:\/\/colegiomontessori.cl\/wp2\/wp-json\/wp\/v2\/media\/18621"}],"wp:attachment":[{"href":"https:\/\/colegiomontessori.cl\/wp2\/wp-json\/wp\/v2\/media?parent=18619"}],"wp:term":[{"taxonomy":"category","embeddable":true,"href":"https:\/\/colegiomontessori.cl\/wp2\/wp-json\/wp\/v2\/categories?post=18619"},{"taxonomy":"post_tag","embeddable":true,"href":"https:\/\/colegiomontessori.cl\/wp2\/wp-json\/wp\/v2\/tags?post=18619"}],"curies":[{"name":"wp","href":"https:\/\/api.w.org\/{rel}","templated":true}]}}