{"id":20558,"date":"2023-11-28T11:24:14","date_gmt":"2023-11-28T14:24:14","guid":{"rendered":"https:\/\/colegiomontessori.cl\/wp2\/?p=20558"},"modified":"2023-12-05T09:44:31","modified_gmt":"2023-12-05T12:44:31","slug":"asi-iniciamos-la-semana-de-la-inclusion-y-la-diversidad-2023","status":"publish","type":"post","link":"https:\/\/colegiomontessori.cl\/wp2\/2023\/11\/28\/asi-iniciamos-la-semana-de-la-inclusion-y-la-diversidad-2023\/","title":{"rendered":"As\u00ed iniciamos la Semana de la Inclusi\u00f3n 2023"},"content":{"rendered":"\n<p><strong>Las poleras personalizadas y bienvenida a las familias bajo el \u00abarco de la inclusi\u00f3n\u00bb marcaron la jornada inaugural de actividades a cargo del equipo PIE.  <\/strong><\/p>\n\n\n\n<p>Bajo la premisa del slogan ganador <strong>Inclusiva\u00bbmente\u00bb, as\u00ed es mejor tu mente<\/strong> creado por la familia Neira Aravena dimos inicio a las actividades de la Semana de la Inclusi\u00f3n y la Diversidad 2023 a cargo del Programa de Integraci\u00f3n Escolar. <\/p>\n\n\n\n<p>Las poleras personalizadas y bienvenida a los estudiantes con el arco de la inclusi\u00f3n marcaron la jornada inaugural, mira aqu\u00ed algunas im\u00e1genes.<\/p>\n\n\n\n<figure class=\"wp-block-gallery has-nested-images columns-2 is-cropped wp-block-gallery-1 is-layout-flex wp-block-gallery-is-layout-flex\">\n<figure class=\"wp-block-image size-large\"><a href=\"https:\/\/colegiomontessori.cl\/wp2\/wp-content\/uploads\/2023\/11\/semana-inclusion-2023-2.jpg\"><img loading=\"lazy\" decoding=\"async\" width=\"900\" height=\"600\" data-id=\"20560\" src=\"https:\/\/colegiomontessori.cl\/wp2\/wp-content\/uploads\/2023\/11\/semana-inclusion-2023-2.jpg\" alt=\"\" class=\"wp-image-20560\" srcset=\"https:\/\/colegiomontessori.cl\/wp2\/wp-content\/uploads\/2023\/11\/semana-inclusion-2023-2.jpg 900w, https:\/\/colegiomontessori.cl\/wp2\/wp-content\/uploads\/2023\/11\/semana-inclusion-2023-2-300x200.jpg 300w, https:\/\/colegiomontessori.cl\/wp2\/wp-content\/uploads\/2023\/11\/semana-inclusion-2023-2-768x512.jpg 768w\" sizes=\"auto, (max-width: 900px) 100vw, 900px\" \/><\/a><\/figure>\n\n\n\n<figure class=\"wp-block-image size-large\"><a href=\"https:\/\/colegiomontessori.cl\/wp2\/wp-content\/uploads\/2023\/11\/semana-inclusion-2023-4.jpeg\"><img loading=\"lazy\" decoding=\"async\" width=\"900\" height=\"600\" data-id=\"20562\" src=\"https:\/\/colegiomontessori.cl\/wp2\/wp-content\/uploads\/2023\/11\/semana-inclusion-2023-4.jpeg\" alt=\"\" class=\"wp-image-20562\" srcset=\"https:\/\/colegiomontessori.cl\/wp2\/wp-content\/uploads\/2023\/11\/semana-inclusion-2023-4.jpeg 900w, https:\/\/colegiomontessori.cl\/wp2\/wp-content\/uploads\/2023\/11\/semana-inclusion-2023-4-300x200.jpeg 300w, https:\/\/colegiomontessori.cl\/wp2\/wp-content\/uploads\/2023\/11\/semana-inclusion-2023-4-768x512.jpeg 768w\" sizes=\"auto, (max-width: 900px) 100vw, 900px\" \/><\/a><\/figure>\n\n\n\n<figure class=\"wp-block-image size-large\"><a href=\"https:\/\/colegiomontessori.cl\/wp2\/wp-content\/uploads\/2023\/11\/semana-inclusion-2023-5.jpeg\"><img loading=\"lazy\" decoding=\"async\" width=\"900\" height=\"675\" data-id=\"20563\" src=\"https:\/\/colegiomontessori.cl\/wp2\/wp-content\/uploads\/2023\/11\/semana-inclusion-2023-5.jpeg\" alt=\"\" class=\"wp-image-20563\" srcset=\"https:\/\/colegiomontessori.cl\/wp2\/wp-content\/uploads\/2023\/11\/semana-inclusion-2023-5.jpeg 900w, https:\/\/colegiomontessori.cl\/wp2\/wp-content\/uploads\/2023\/11\/semana-inclusion-2023-5-300x225.jpeg 300w, https:\/\/colegiomontessori.cl\/wp2\/wp-content\/uploads\/2023\/11\/semana-inclusion-2023-5-768x576.jpeg 768w\" sizes=\"auto, (max-width: 900px) 100vw, 900px\" \/><\/a><\/figure>\n\n\n\n<figure class=\"wp-block-image size-large\"><a href=\"https:\/\/colegiomontessori.cl\/wp2\/wp-content\/uploads\/2023\/11\/semana-inclusion-2023-6.jpg\"><img loading=\"lazy\" decoding=\"async\" width=\"900\" height=\"600\" data-id=\"20564\" src=\"https:\/\/colegiomontessori.cl\/wp2\/wp-content\/uploads\/2023\/11\/semana-inclusion-2023-6.jpg\" alt=\"\" class=\"wp-image-20564\" srcset=\"https:\/\/colegiomontessori.cl\/wp2\/wp-content\/uploads\/2023\/11\/semana-inclusion-2023-6.jpg 900w, https:\/\/colegiomontessori.cl\/wp2\/wp-content\/uploads\/2023\/11\/semana-inclusion-2023-6-300x200.jpg 300w, https:\/\/colegiomontessori.cl\/wp2\/wp-content\/uploads\/2023\/11\/semana-inclusion-2023-6-768x512.jpg 768w\" sizes=\"auto, (max-width: 900px) 100vw, 900px\" \/><\/a><\/figure>\n\n\n\n<figure class=\"wp-block-image size-large\"><a href=\"https:\/\/colegiomontessori.cl\/wp2\/wp-content\/uploads\/2023\/11\/semana-inclusion-2023-8.jpeg\"><img loading=\"lazy\" decoding=\"async\" width=\"900\" height=\"600\" data-id=\"20566\" src=\"https:\/\/colegiomontessori.cl\/wp2\/wp-content\/uploads\/2023\/11\/semana-inclusion-2023-8.jpeg\" alt=\"\" class=\"wp-image-20566\" srcset=\"https:\/\/colegiomontessori.cl\/wp2\/wp-content\/uploads\/2023\/11\/semana-inclusion-2023-8.jpeg 900w, https:\/\/colegiomontessori.cl\/wp2\/wp-content\/uploads\/2023\/11\/semana-inclusion-2023-8-300x200.jpeg 300w, https:\/\/colegiomontessori.cl\/wp2\/wp-content\/uploads\/2023\/11\/semana-inclusion-2023-8-768x512.jpeg 768w\" sizes=\"auto, (max-width: 900px) 100vw, 900px\" \/><\/a><\/figure>\n\n\n\n<figure class=\"wp-block-image size-large\"><a href=\"https:\/\/colegiomontessori.cl\/wp2\/wp-content\/uploads\/2023\/11\/semana-inclusion-2023-9.jpg\"><img loading=\"lazy\" decoding=\"async\" width=\"900\" height=\"600\" data-id=\"20567\" src=\"https:\/\/colegiomontessori.cl\/wp2\/wp-content\/uploads\/2023\/11\/semana-inclusion-2023-9.jpg\" alt=\"\" class=\"wp-image-20567\" srcset=\"https:\/\/colegiomontessori.cl\/wp2\/wp-content\/uploads\/2023\/11\/semana-inclusion-2023-9.jpg 900w, https:\/\/colegiomontessori.cl\/wp2\/wp-content\/uploads\/2023\/11\/semana-inclusion-2023-9-300x200.jpg 300w, https:\/\/colegiomontessori.cl\/wp2\/wp-content\/uploads\/2023\/11\/semana-inclusion-2023-9-768x512.jpg 768w\" sizes=\"auto, (max-width: 900px) 100vw, 900px\" \/><\/a><\/figure>\n\n\n\n<figure class=\"wp-block-image size-large\"><a href=\"https:\/\/colegiomontessori.cl\/wp2\/wp-content\/uploads\/2023\/11\/semana-inclusion-2023-10.jpeg\"><img loading=\"lazy\" decoding=\"async\" width=\"900\" height=\"600\" data-id=\"20568\" src=\"https:\/\/colegiomontessori.cl\/wp2\/wp-content\/uploads\/2023\/11\/semana-inclusion-2023-10.jpeg\" alt=\"\" class=\"wp-image-20568\" srcset=\"https:\/\/colegiomontessori.cl\/wp2\/wp-content\/uploads\/2023\/11\/semana-inclusion-2023-10.jpeg 900w, https:\/\/colegiomontessori.cl\/wp2\/wp-content\/uploads\/2023\/11\/semana-inclusion-2023-10-300x200.jpeg 300w, https:\/\/colegiomontessori.cl\/wp2\/wp-content\/uploads\/2023\/11\/semana-inclusion-2023-10-768x512.jpeg 768w\" sizes=\"auto, (max-width: 900px) 100vw, 900px\" \/><\/a><\/figure>\n\n\n\n<figure class=\"wp-block-image size-full\"><a href=\"https:\/\/colegiomontessori.cl\/wp2\/wp-content\/uploads\/2023\/11\/semana-inclusion-2023-1.jpeg\"><img loading=\"lazy\" decoding=\"async\" width=\"900\" height=\"675\" data-id=\"20559\" src=\"https:\/\/colegiomontessori.cl\/wp2\/wp-content\/uploads\/2023\/11\/semana-inclusion-2023-1.jpeg\" alt=\"\" class=\"wp-image-20559\" srcset=\"https:\/\/colegiomontessori.cl\/wp2\/wp-content\/uploads\/2023\/11\/semana-inclusion-2023-1.jpeg 900w, https:\/\/colegiomontessori.cl\/wp2\/wp-content\/uploads\/2023\/11\/semana-inclusion-2023-1-300x225.jpeg 300w, https:\/\/colegiomontessori.cl\/wp2\/wp-content\/uploads\/2023\/11\/semana-inclusion-2023-1-768x576.jpeg 768w\" sizes=\"auto, (max-width: 900px) 100vw, 900px\" \/><\/a><\/figure>\n<\/figure>\n\n\n\n<p><\/p>\n\n\n\n<p><\/p>\n\n\n\n<figure class=\"wp-block-embed is-type-wp-embed is-provider-colegio-montessori-temuco wp-block-embed-colegio-montessori-temuco\"><div class=\"wp-block-embed__wrapper\">\n<blockquote class=\"wp-embedded-content\" data-secret=\"CUAygGxt4Q\"><a href=\"https:\/\/colegiomontessori.cl\/wp2\/2023\/11\/30\/ganadores-el-sabor-de-la-inclusion\/\">Ganadores \u201cEl Sabor de la Inclusi\u00f3n\u201d<\/a><\/blockquote><iframe loading=\"lazy\" class=\"wp-embedded-content\" sandbox=\"allow-scripts\" security=\"restricted\" style=\"position: absolute; clip: rect(1px, 1px, 1px, 1px);\" title=\"\u00abGanadores \u201cEl Sabor de la Inclusi\u00f3n\u201d\u00bb \u2014 Colegio Montessori Temuco\" src=\"https:\/\/colegiomontessori.cl\/wp2\/2023\/11\/30\/ganadores-el-sabor-de-la-inclusion\/embed\/#?secret=KROKt8Ni8S#?secret=CUAygGxt4Q\" data-secret=\"CUAygGxt4Q\" width=\"500\" height=\"282\" frameborder=\"0\" marginwidth=\"0\" marginheight=\"0\" scrolling=\"no\"><\/iframe>\n<\/div><\/figure>\n\n\n\n<p><strong>Mira el programa completo de actividades aqu\u00ed:<\/strong><\/p>\n\n\n\n<figure class=\"wp-block-embed is-type-wp-embed is-provider-colegio-montessori-temuco wp-block-embed-colegio-montessori-temuco\"><div class=\"wp-block-embed__wrapper\">\n<blockquote class=\"wp-embedded-content\" data-secret=\"8VkKLioO1k\"><a href=\"https:\/\/colegiomontessori.cl\/wp2\/2023\/11\/27\/27-de-noviembre-al-01-diciembre-semana-de-la-inclusion-y-la-diversidad-2023\/\">27 de Noviembre al 01 Diciembre: Semana de la Inclusi\u00f3n y la Diversidad 2023<\/a><\/blockquote><iframe loading=\"lazy\" class=\"wp-embedded-content\" sandbox=\"allow-scripts\" security=\"restricted\" style=\"position: absolute; clip: rect(1px, 1px, 1px, 1px);\" title=\"\u00ab27 de Noviembre al 01 Diciembre: Semana de la Inclusi\u00f3n y la Diversidad 2023\u00bb \u2014 Colegio Montessori Temuco\" src=\"https:\/\/colegiomontessori.cl\/wp2\/2023\/11\/27\/27-de-noviembre-al-01-diciembre-semana-de-la-inclusion-y-la-diversidad-2023\/embed\/#?secret=lrygFjJDMa#?secret=8VkKLioO1k\" data-secret=\"8VkKLioO1k\" width=\"500\" height=\"282\" frameborder=\"0\" marginwidth=\"0\" marginheight=\"0\" scrolling=\"no\"><\/iframe>\n<\/div><\/figure>\n","protected":false},"excerpt":{"rendered":"<p>Las poleras personalizadas y bienvenida a las familias bajo el \u00abarco de la inclusi\u00f3n\u00bb marcaron la jornada inaugural de actividades a cargo del equipo PIE. Bajo la premisa del slogan ganador Inclusiva\u00bbmente\u00bb, as\u00ed es mejor tu mente creado por la familia Neira Aravena dimos inicio a las actividades de la Semana de la Inclusi\u00f3n y &hellip;<\/p>\n<p class=\"read-more\"> <a class=\"\" href=\"https:\/\/colegiomontessori.cl\/wp2\/2023\/11\/28\/asi-iniciamos-la-semana-de-la-inclusion-y-la-diversidad-2023\/\"> <span class=\"screen-reader-text\">As\u00ed iniciamos la Semana de la Inclusi\u00f3n 2023<\/span> Leer m\u00e1s &raquo;<\/a><\/p>\n","protected":false},"author":2,"featured_media":20561,"comment_status":"closed","ping_status":"open","sticky":false,"template":"","format":"standard","meta":{"footnotes":""},"categories":[29],"tags":[],"class_list":["post-20558","post","type-post","status-publish","format-standard","has-post-thumbnail","hentry","category-inclusion"],"_links":{"self":[{"href":"https:\/\/colegiomontessori.cl\/wp2\/wp-json\/wp\/v2\/posts\/20558","targetHints":{"allow":["GET"]}}],"collection":[{"href":"https:\/\/colegiomontessori.cl\/wp2\/wp-json\/wp\/v2\/posts"}],"about":[{"href":"https:\/\/colegiomontessori.cl\/wp2\/wp-json\/wp\/v2\/types\/post"}],"author":[{"embeddable":true,"href":"https:\/\/colegiomontessori.cl\/wp2\/wp-json\/wp\/v2\/users\/2"}],"replies":[{"embeddable":true,"href":"https:\/\/colegiomontessori.cl\/wp2\/wp-json\/wp\/v2\/comments?post=20558"}],"version-history":[{"count":9,"href":"https:\/\/colegiomontessori.cl\/wp2\/wp-json\/wp\/v2\/posts\/20558\/revisions"}],"predecessor-version":[{"id":20732,"href":"https:\/\/colegiomontessori.cl\/wp2\/wp-json\/wp\/v2\/posts\/20558\/revisions\/20732"}],"wp:featuredmedia":[{"embeddable":true,"href":"https:\/\/colegiomontessori.cl\/wp2\/wp-json\/wp\/v2\/media\/20561"}],"wp:attachment":[{"href":"https:\/\/colegiomontessori.cl\/wp2\/wp-json\/wp\/v2\/media?parent=20558"}],"wp:term":[{"taxonomy":"category","embeddable":true,"href":"https:\/\/colegiomontessori.cl\/wp2\/wp-json\/wp\/v2\/categories?post=20558"},{"taxonomy":"post_tag","embeddable":true,"href":"https:\/\/colegiomontessori.cl\/wp2\/wp-json\/wp\/v2\/tags?post=20558"}],"curies":[{"name":"wp","href":"https:\/\/api.w.org\/{rel}","templated":true}]}}