{"id":20676,"date":"2023-12-01T11:38:30","date_gmt":"2023-12-01T14:38:30","guid":{"rendered":"https:\/\/colegiomontessori.cl\/wp2\/?p=20676"},"modified":"2023-12-01T11:39:07","modified_gmt":"2023-12-01T14:39:07","slug":"gimnasia-olimpica-montessoriano-se-corona-campeon-nacional-de-barra","status":"publish","type":"post","link":"https:\/\/colegiomontessori.cl\/wp2\/2023\/12\/01\/gimnasia-olimpica-montessoriano-se-corona-campeon-nacional-de-barra\/","title":{"rendered":"Gimnasia Ol\u00edmpica: Montessoriano se corona Campe\u00f3n Nacional de Barra"},"content":{"rendered":"\n<p><strong>Benjam\u00edn C\u00e9spedes obtuvo 1er Lugar en Barra y 1er Lugar por Equipo Juvenil en el campeonato nacional Copa Concepci\u00f3n 2023.<\/strong><\/p>\n\n\n\n<p>Un Montessoriano que durante el a\u00f1o 2023 destac\u00f3 en la Gimnasia Ol\u00edmpica fue Benjam\u00edn C\u00e9spedes Orias. El estudiante de 3\u00b0 medio A perteneciente al Club de Club Gimnasia Ol\u00edmpica Temuco se coron\u00f3 campe\u00f3n nacional en la Copa Concepci\u00f3n 2023, tras lograr el 1er Lugar en Barra y 1er Lugar por Equipo Juvenil, adem\u00e1s de obtener el 2do Lugar en Arzones, 3er Lugar en Salto y 4to Lugar en All Around.<\/p>\n\n\n\n<figure class=\"wp-block-gallery has-nested-images columns-default is-cropped wp-block-gallery-1 is-layout-flex wp-block-gallery-is-layout-flex\">\n<figure class=\"wp-block-image size-large\"><a href=\"https:\/\/colegiomontessori.cl\/wp2\/wp-content\/uploads\/2023\/12\/benjamin-cespedes-1-e1701441375679.jpeg\"><img loading=\"lazy\" decoding=\"async\" width=\"1024\" height=\"608\" data-id=\"20678\" src=\"https:\/\/colegiomontessori.cl\/wp2\/wp-content\/uploads\/2023\/12\/benjamin-cespedes-1-e1701441375679-1024x608.jpeg\" alt=\"\" class=\"wp-image-20678\" srcset=\"https:\/\/colegiomontessori.cl\/wp2\/wp-content\/uploads\/2023\/12\/benjamin-cespedes-1-e1701441375679-1024x608.jpeg 1024w, https:\/\/colegiomontessori.cl\/wp2\/wp-content\/uploads\/2023\/12\/benjamin-cespedes-1-e1701441375679-300x178.jpeg 300w, https:\/\/colegiomontessori.cl\/wp2\/wp-content\/uploads\/2023\/12\/benjamin-cespedes-1-e1701441375679-768x456.jpeg 768w, https:\/\/colegiomontessori.cl\/wp2\/wp-content\/uploads\/2023\/12\/benjamin-cespedes-1-e1701441375679.jpeg 1256w\" sizes=\"auto, (max-width: 1024px) 100vw, 1024px\" \/><\/a><\/figure>\n\n\n\n<figure class=\"wp-block-image size-large\"><a href=\"https:\/\/colegiomontessori.cl\/wp2\/wp-content\/uploads\/2023\/12\/benjamin-cespedes-2.jpeg\"><img loading=\"lazy\" decoding=\"async\" width=\"718\" height=\"650\" data-id=\"20679\" src=\"https:\/\/colegiomontessori.cl\/wp2\/wp-content\/uploads\/2023\/12\/benjamin-cespedes-2.jpeg\" alt=\"\" class=\"wp-image-20679\" srcset=\"https:\/\/colegiomontessori.cl\/wp2\/wp-content\/uploads\/2023\/12\/benjamin-cespedes-2.jpeg 718w, https:\/\/colegiomontessori.cl\/wp2\/wp-content\/uploads\/2023\/12\/benjamin-cespedes-2-300x272.jpeg 300w\" sizes=\"auto, (max-width: 718px) 100vw, 718px\" \/><\/a><\/figure>\n<\/figure>\n\n\n\n<p>Benjam\u00edn comenz\u00f3 a los 7 a\u00f1os en la gimnasia y tras un receso, <a><\/a>este 2023 regres\u00f3 muy motivado al \u00e1mbito competitivo coronando su a\u00f1o deportivo con este triunfo y prepar\u00e1ndose desde ya con su club, para la pretemporada 2024.<\/p>\n\n\n\n<p>Reconoce que no ha sido f\u00e1cil proyectarse y entrenar de forma competitiva, debido a las diversas lesiones que ha sufrido durante los a\u00f1os practicando esta disciplina, considerada de alto riesgo. Sin embargo, ha logrado sobreponerse a las dificultades y obtener los resultados que ya conocemos.<\/p>\n\n\n\n<figure class=\"wp-block-gallery has-nested-images columns-3 is-cropped wp-block-gallery-2 is-layout-flex wp-block-gallery-is-layout-flex\">\n<figure class=\"wp-block-image size-large\"><a href=\"https:\/\/colegiomontessori.cl\/wp2\/wp-content\/uploads\/2023\/12\/benjamin-cespedes-3.jpeg\"><img loading=\"lazy\" decoding=\"async\" width=\"688\" height=\"461\" data-id=\"20680\" src=\"https:\/\/colegiomontessori.cl\/wp2\/wp-content\/uploads\/2023\/12\/benjamin-cespedes-3.jpeg\" alt=\"\" class=\"wp-image-20680\" srcset=\"https:\/\/colegiomontessori.cl\/wp2\/wp-content\/uploads\/2023\/12\/benjamin-cespedes-3.jpeg 688w, https:\/\/colegiomontessori.cl\/wp2\/wp-content\/uploads\/2023\/12\/benjamin-cespedes-3-300x201.jpeg 300w\" sizes=\"auto, (max-width: 688px) 100vw, 688px\" \/><\/a><\/figure>\n\n\n\n<figure class=\"wp-block-image size-large\"><a href=\"https:\/\/colegiomontessori.cl\/wp2\/wp-content\/uploads\/2023\/12\/benjamin-cespedes-4.jpeg\"><img loading=\"lazy\" decoding=\"async\" width=\"694\" height=\"506\" data-id=\"20681\" src=\"https:\/\/colegiomontessori.cl\/wp2\/wp-content\/uploads\/2023\/12\/benjamin-cespedes-4.jpeg\" alt=\"\" class=\"wp-image-20681\" srcset=\"https:\/\/colegiomontessori.cl\/wp2\/wp-content\/uploads\/2023\/12\/benjamin-cespedes-4.jpeg 694w, https:\/\/colegiomontessori.cl\/wp2\/wp-content\/uploads\/2023\/12\/benjamin-cespedes-4-300x219.jpeg 300w\" sizes=\"auto, (max-width: 694px) 100vw, 694px\" \/><\/a><\/figure>\n\n\n\n<figure class=\"wp-block-image size-large\"><a href=\"https:\/\/colegiomontessori.cl\/wp2\/wp-content\/uploads\/2023\/12\/benjamin-cespedes-5.jpeg\"><img loading=\"lazy\" decoding=\"async\" width=\"693\" height=\"573\" data-id=\"20682\" src=\"https:\/\/colegiomontessori.cl\/wp2\/wp-content\/uploads\/2023\/12\/benjamin-cespedes-5.jpeg\" alt=\"\" class=\"wp-image-20682\" srcset=\"https:\/\/colegiomontessori.cl\/wp2\/wp-content\/uploads\/2023\/12\/benjamin-cespedes-5.jpeg 693w, https:\/\/colegiomontessori.cl\/wp2\/wp-content\/uploads\/2023\/12\/benjamin-cespedes-5-300x248.jpeg 300w\" sizes=\"auto, (max-width: 693px) 100vw, 693px\" \/><\/a><\/figure>\n<\/figure>\n\n\n\n<p>Su dedicaci\u00f3n, esfuerzo y pasi\u00f3n por la Gimnasia Ol\u00edmpica han quedado plasmados en cada rutina, demostrando todo su talento sobre el tapete&#8230; Un verdadero ejemplo de perseverancia para alcanzar el ideal.<\/p>\n\n\n\n<p>Felicitaciones a Benjam\u00edn y a su familia por todos sus logros y trayectoria deportiva.<\/p>\n\n\n\n<figure class=\"wp-block-gallery has-nested-images columns-default is-cropped wp-block-gallery-3 is-layout-flex wp-block-gallery-is-layout-flex\">\n<figure class=\"wp-block-image size-large\"><img loading=\"lazy\" decoding=\"async\" width=\"652\" height=\"1024\" data-id=\"20683\" src=\"https:\/\/colegiomontessori.cl\/wp2\/wp-content\/uploads\/2023\/12\/benjamin-cespedes-6-652x1024.jpeg\" alt=\"\" class=\"wp-image-20683\" srcset=\"https:\/\/colegiomontessori.cl\/wp2\/wp-content\/uploads\/2023\/12\/benjamin-cespedes-6-652x1024.jpeg 652w, https:\/\/colegiomontessori.cl\/wp2\/wp-content\/uploads\/2023\/12\/benjamin-cespedes-6-191x300.jpeg 191w, https:\/\/colegiomontessori.cl\/wp2\/wp-content\/uploads\/2023\/12\/benjamin-cespedes-6-768x1206.jpeg 768w, https:\/\/colegiomontessori.cl\/wp2\/wp-content\/uploads\/2023\/12\/benjamin-cespedes-6.jpeg 897w\" sizes=\"auto, (max-width: 652px) 100vw, 652px\" \/><\/figure>\n<\/figure>\n","protected":false},"excerpt":{"rendered":"<p>Benjam\u00edn C\u00e9spedes obtuvo 1er Lugar en Barra y 1er Lugar por Equipo Juvenil en el campeonato nacional Copa Concepci\u00f3n 2023. Un Montessoriano que durante el a\u00f1o 2023 destac\u00f3 en la Gimnasia Ol\u00edmpica fue Benjam\u00edn C\u00e9spedes Orias. El estudiante de 3\u00b0 medio A perteneciente al Club de Club Gimnasia Ol\u00edmpica Temuco se coron\u00f3 campe\u00f3n nacional en &hellip;<\/p>\n<p class=\"read-more\"> <a class=\"\" href=\"https:\/\/colegiomontessori.cl\/wp2\/2023\/12\/01\/gimnasia-olimpica-montessoriano-se-corona-campeon-nacional-de-barra\/\"> <span class=\"screen-reader-text\">Gimnasia Ol\u00edmpica: Montessoriano se corona Campe\u00f3n Nacional de Barra<\/span> Leer m\u00e1s &raquo;<\/a><\/p>\n","protected":false},"author":2,"featured_media":20677,"comment_status":"closed","ping_status":"open","sticky":false,"template":"","format":"standard","meta":{"footnotes":""},"categories":[19],"tags":[],"class_list":["post-20676","post","type-post","status-publish","format-standard","has-post-thumbnail","hentry","category-deportes"],"_links":{"self":[{"href":"https:\/\/colegiomontessori.cl\/wp2\/wp-json\/wp\/v2\/posts\/20676","targetHints":{"allow":["GET"]}}],"collection":[{"href":"https:\/\/colegiomontessori.cl\/wp2\/wp-json\/wp\/v2\/posts"}],"about":[{"href":"https:\/\/colegiomontessori.cl\/wp2\/wp-json\/wp\/v2\/types\/post"}],"author":[{"embeddable":true,"href":"https:\/\/colegiomontessori.cl\/wp2\/wp-json\/wp\/v2\/users\/2"}],"replies":[{"embeddable":true,"href":"https:\/\/colegiomontessori.cl\/wp2\/wp-json\/wp\/v2\/comments?post=20676"}],"version-history":[{"count":2,"href":"https:\/\/colegiomontessori.cl\/wp2\/wp-json\/wp\/v2\/posts\/20676\/revisions"}],"predecessor-version":[{"id":20685,"href":"https:\/\/colegiomontessori.cl\/wp2\/wp-json\/wp\/v2\/posts\/20676\/revisions\/20685"}],"wp:featuredmedia":[{"embeddable":true,"href":"https:\/\/colegiomontessori.cl\/wp2\/wp-json\/wp\/v2\/media\/20677"}],"wp:attachment":[{"href":"https:\/\/colegiomontessori.cl\/wp2\/wp-json\/wp\/v2\/media?parent=20676"}],"wp:term":[{"taxonomy":"category","embeddable":true,"href":"https:\/\/colegiomontessori.cl\/wp2\/wp-json\/wp\/v2\/categories?post=20676"},{"taxonomy":"post_tag","embeddable":true,"href":"https:\/\/colegiomontessori.cl\/wp2\/wp-json\/wp\/v2\/tags?post=20676"}],"curies":[{"name":"wp","href":"https:\/\/api.w.org\/{rel}","templated":true}]}}