{"id":20704,"date":"2023-12-04T10:06:35","date_gmt":"2023-12-04T13:06:35","guid":{"rendered":"https:\/\/colegiomontessori.cl\/wp2\/?p=20704"},"modified":"2023-12-05T11:27:31","modified_gmt":"2023-12-05T14:27:31","slug":"semana-de-la-inclusion-2023-inclusivamente-asi-es-mejor-tu-mente","status":"publish","type":"post","link":"https:\/\/colegiomontessori.cl\/wp2\/2023\/12\/04\/semana-de-la-inclusion-2023-inclusivamente-asi-es-mejor-tu-mente\/","title":{"rendered":"Semana de la Inclusi\u00f3n 2023: Inclusiva\u00bbmente\u00bb, as\u00ed es mejor tu mente"},"content":{"rendered":"\n<p><strong>Estudiantes de k\u00ednder a 3\u00b0 medio, familias y funcionarios protagonizaron las m\u00faltiples actividades de car\u00e1cter inclusivo dirigidas a la comunidad educativa a cargo del equipo PIE. <\/strong><\/p>\n\n\n\n<figure class=\"wp-block-embed is-type-video is-provider-youtube wp-block-embed-youtube wp-embed-aspect-16-9 wp-has-aspect-ratio\"><div class=\"wp-block-embed__wrapper\">\n<div class=\"ast-oembed-container\"><iframe loading=\"lazy\" title=\"Montessori TV - Semana de la Inclusi\u00f3n 2023\" width=\"500\" height=\"281\" src=\"https:\/\/www.youtube.com\/embed\/3Z4ct9KvEuc?feature=oembed\" frameborder=\"0\" allow=\"accelerometer; autoplay; clipboard-write; encrypted-media; gyroscope; picture-in-picture; web-share\" referrerpolicy=\"strict-origin-when-cross-origin\" allowfullscreen><\/iframe><\/div>\n<\/div><\/figure>\n\n\n\n<p>Con un variado programa de actividades para los estudiantes y sus familias, adem\u00e1s de profesores y asistentes de la educaci\u00f3n, se desarroll\u00f3 la Semana de la Inclusi\u00f3n y la Diversidad 2023 en nuestro colegio, a cargo del Programa de Integraci\u00f3n Escolar.<\/p>\n\n\n\n<figure class=\"wp-block-gallery has-nested-images columns-default is-cropped wp-block-gallery-1 is-layout-flex wp-block-gallery-is-layout-flex\">\n<figure class=\"wp-block-image size-large\"><img loading=\"lazy\" decoding=\"async\" width=\"900\" height=\"675\" data-id=\"20711\" src=\"https:\/\/colegiomontessori.cl\/wp2\/wp-content\/uploads\/2023\/12\/semana-la-inclusion-2023-9.jpeg\" alt=\"\" class=\"wp-image-20711\" srcset=\"https:\/\/colegiomontessori.cl\/wp2\/wp-content\/uploads\/2023\/12\/semana-la-inclusion-2023-9.jpeg 900w, https:\/\/colegiomontessori.cl\/wp2\/wp-content\/uploads\/2023\/12\/semana-la-inclusion-2023-9-300x225.jpeg 300w, https:\/\/colegiomontessori.cl\/wp2\/wp-content\/uploads\/2023\/12\/semana-la-inclusion-2023-9-768x576.jpeg 768w\" sizes=\"auto, (max-width: 900px) 100vw, 900px\" \/><\/figure>\n\n\n\n<figure class=\"wp-block-image size-large\"><img loading=\"lazy\" decoding=\"async\" width=\"900\" height=\"600\" data-id=\"20561\" src=\"https:\/\/colegiomontessori.cl\/wp2\/wp-content\/uploads\/2023\/11\/semana-inclusion-2023-3.jpeg\" alt=\"\" class=\"wp-image-20561\" srcset=\"https:\/\/colegiomontessori.cl\/wp2\/wp-content\/uploads\/2023\/11\/semana-inclusion-2023-3.jpeg 900w, https:\/\/colegiomontessori.cl\/wp2\/wp-content\/uploads\/2023\/11\/semana-inclusion-2023-3-300x200.jpeg 300w, https:\/\/colegiomontessori.cl\/wp2\/wp-content\/uploads\/2023\/11\/semana-inclusion-2023-3-768x512.jpeg 768w\" sizes=\"auto, (max-width: 900px) 100vw, 900px\" \/><\/figure>\n\n\n\n<figure class=\"wp-block-image size-large\"><img loading=\"lazy\" decoding=\"async\" width=\"900\" height=\"600\" data-id=\"20566\" src=\"https:\/\/colegiomontessori.cl\/wp2\/wp-content\/uploads\/2023\/11\/semana-inclusion-2023-8.jpeg\" alt=\"\" class=\"wp-image-20566\" srcset=\"https:\/\/colegiomontessori.cl\/wp2\/wp-content\/uploads\/2023\/11\/semana-inclusion-2023-8.jpeg 900w, https:\/\/colegiomontessori.cl\/wp2\/wp-content\/uploads\/2023\/11\/semana-inclusion-2023-8-300x200.jpeg 300w, https:\/\/colegiomontessori.cl\/wp2\/wp-content\/uploads\/2023\/11\/semana-inclusion-2023-8-768x512.jpeg 768w\" sizes=\"auto, (max-width: 900px) 100vw, 900px\" \/><\/figure>\n\n\n\n<figure class=\"wp-block-image size-large\"><img loading=\"lazy\" decoding=\"async\" width=\"860\" height=\"946\" data-id=\"20721\" src=\"https:\/\/colegiomontessori.cl\/wp2\/wp-content\/uploads\/2023\/12\/semana-la-inclusion-2023-4.jpg\" alt=\"\" class=\"wp-image-20721\" srcset=\"https:\/\/colegiomontessori.cl\/wp2\/wp-content\/uploads\/2023\/12\/semana-la-inclusion-2023-4.jpg 860w, https:\/\/colegiomontessori.cl\/wp2\/wp-content\/uploads\/2023\/12\/semana-la-inclusion-2023-4-273x300.jpg 273w, https:\/\/colegiomontessori.cl\/wp2\/wp-content\/uploads\/2023\/12\/semana-la-inclusion-2023-4-768x845.jpg 768w\" sizes=\"auto, (max-width: 860px) 100vw, 860px\" \/><\/figure>\n<\/figure>\n\n\n\n<div style=\"height:20px\" aria-hidden=\"true\" class=\"wp-block-spacer\"><\/div>\n\n\n\n<figure class=\"wp-block-gallery has-nested-images columns-2 is-cropped wp-block-gallery-2 is-layout-flex wp-block-gallery-is-layout-flex\">\n<figure class=\"wp-block-image size-large\"><a href=\"https:\/\/colegiomontessori.cl\/wp2\/wp-content\/uploads\/2023\/12\/semana-la-inclusion-2023-1.jpg\"><img loading=\"lazy\" decoding=\"async\" width=\"900\" height=\"600\" data-id=\"20713\" src=\"https:\/\/colegiomontessori.cl\/wp2\/wp-content\/uploads\/2023\/12\/semana-la-inclusion-2023-1.jpg\" alt=\"\" class=\"wp-image-20713\" srcset=\"https:\/\/colegiomontessori.cl\/wp2\/wp-content\/uploads\/2023\/12\/semana-la-inclusion-2023-1.jpg 900w, https:\/\/colegiomontessori.cl\/wp2\/wp-content\/uploads\/2023\/12\/semana-la-inclusion-2023-1-300x200.jpg 300w, https:\/\/colegiomontessori.cl\/wp2\/wp-content\/uploads\/2023\/12\/semana-la-inclusion-2023-1-768x512.jpg 768w\" sizes=\"auto, (max-width: 900px) 100vw, 900px\" \/><\/a><\/figure>\n\n\n\n<figure class=\"wp-block-image size-large\"><a href=\"https:\/\/colegiomontessori.cl\/wp2\/wp-content\/uploads\/2023\/12\/semana-la-inclusion-2023-5.jpg\"><img loading=\"lazy\" decoding=\"async\" width=\"900\" height=\"600\" data-id=\"20710\" src=\"https:\/\/colegiomontessori.cl\/wp2\/wp-content\/uploads\/2023\/12\/semana-la-inclusion-2023-5.jpg\" alt=\"\" class=\"wp-image-20710\" srcset=\"https:\/\/colegiomontessori.cl\/wp2\/wp-content\/uploads\/2023\/12\/semana-la-inclusion-2023-5.jpg 900w, https:\/\/colegiomontessori.cl\/wp2\/wp-content\/uploads\/2023\/12\/semana-la-inclusion-2023-5-300x200.jpg 300w, https:\/\/colegiomontessori.cl\/wp2\/wp-content\/uploads\/2023\/12\/semana-la-inclusion-2023-5-768x512.jpg 768w\" sizes=\"auto, (max-width: 900px) 100vw, 900px\" \/><\/a><\/figure>\n\n\n\n<figure class=\"wp-block-image size-large\"><a href=\"https:\/\/colegiomontessori.cl\/wp2\/wp-content\/uploads\/2023\/12\/semana-la-inclusion-2023-3.jpg\"><img loading=\"lazy\" decoding=\"async\" width=\"900\" height=\"600\" data-id=\"20722\" src=\"https:\/\/colegiomontessori.cl\/wp2\/wp-content\/uploads\/2023\/12\/semana-la-inclusion-2023-3.jpg\" alt=\"\" class=\"wp-image-20722\" srcset=\"https:\/\/colegiomontessori.cl\/wp2\/wp-content\/uploads\/2023\/12\/semana-la-inclusion-2023-3.jpg 900w, https:\/\/colegiomontessori.cl\/wp2\/wp-content\/uploads\/2023\/12\/semana-la-inclusion-2023-3-300x200.jpg 300w, https:\/\/colegiomontessori.cl\/wp2\/wp-content\/uploads\/2023\/12\/semana-la-inclusion-2023-3-768x512.jpg 768w\" sizes=\"auto, (max-width: 900px) 100vw, 900px\" \/><\/a><\/figure>\n\n\n\n<figure class=\"wp-block-image size-large\"><a href=\"https:\/\/colegiomontessori.cl\/wp2\/wp-content\/uploads\/2023\/12\/semana-la-inclusion-2023-6.jpg\"><img loading=\"lazy\" decoding=\"async\" width=\"900\" height=\"600\" data-id=\"20723\" src=\"https:\/\/colegiomontessori.cl\/wp2\/wp-content\/uploads\/2023\/12\/semana-la-inclusion-2023-6.jpg\" alt=\"\" class=\"wp-image-20723\" srcset=\"https:\/\/colegiomontessori.cl\/wp2\/wp-content\/uploads\/2023\/12\/semana-la-inclusion-2023-6.jpg 900w, https:\/\/colegiomontessori.cl\/wp2\/wp-content\/uploads\/2023\/12\/semana-la-inclusion-2023-6-300x200.jpg 300w, https:\/\/colegiomontessori.cl\/wp2\/wp-content\/uploads\/2023\/12\/semana-la-inclusion-2023-6-768x512.jpg 768w\" sizes=\"auto, (max-width: 900px) 100vw, 900px\" \/><\/a><\/figure>\n<\/figure>\n\n\n\n<p>Dise\u00f1o de poleras personalizadas, una feria de experiencias sensoriales, concursos para la familia creaci\u00f3n de slogan\/reto de tik tok\/recetas de cocina saludable, visita de autoridades ministeriales, taller para funcionarios y pintura de un lienzo gigante alusivo a la inclusi\u00f3n&#8230; todas acciones para recalcar la importancia de respetar las diferencias que hoy nos unen como personas.<\/p>\n\n\n\n<figure class=\"wp-block-gallery has-nested-images columns-2 is-cropped wp-block-gallery-3 is-layout-flex wp-block-gallery-is-layout-flex\">\n<figure class=\"wp-block-image size-large\"><a href=\"https:\/\/colegiomontessori.cl\/wp2\/wp-content\/uploads\/2023\/12\/semana-la-inclusion-2023-2.jpeg\"><img loading=\"lazy\" decoding=\"async\" width=\"1024\" height=\"768\" data-id=\"20715\" src=\"https:\/\/colegiomontessori.cl\/wp2\/wp-content\/uploads\/2023\/12\/semana-la-inclusion-2023-2-1024x768.jpeg\" alt=\"\" class=\"wp-image-20715\" srcset=\"https:\/\/colegiomontessori.cl\/wp2\/wp-content\/uploads\/2023\/12\/semana-la-inclusion-2023-2-1024x768.jpeg 1024w, https:\/\/colegiomontessori.cl\/wp2\/wp-content\/uploads\/2023\/12\/semana-la-inclusion-2023-2-300x225.jpeg 300w, https:\/\/colegiomontessori.cl\/wp2\/wp-content\/uploads\/2023\/12\/semana-la-inclusion-2023-2-768x576.jpeg 768w, https:\/\/colegiomontessori.cl\/wp2\/wp-content\/uploads\/2023\/12\/semana-la-inclusion-2023-2-1536x1152.jpeg 1536w, https:\/\/colegiomontessori.cl\/wp2\/wp-content\/uploads\/2023\/12\/semana-la-inclusion-2023-2.jpeg 1600w\" sizes=\"auto, (max-width: 1024px) 100vw, 1024px\" \/><\/a><\/figure>\n\n\n\n<figure class=\"wp-block-image size-large\"><a href=\"https:\/\/colegiomontessori.cl\/wp2\/wp-content\/uploads\/2023\/12\/semana-la-inclusion-2023-0.jpeg\"><img loading=\"lazy\" decoding=\"async\" width=\"1024\" height=\"768\" data-id=\"20733\" src=\"https:\/\/colegiomontessori.cl\/wp2\/wp-content\/uploads\/2023\/12\/semana-la-inclusion-2023-0-1024x768.jpeg\" alt=\"\" class=\"wp-image-20733\" srcset=\"https:\/\/colegiomontessori.cl\/wp2\/wp-content\/uploads\/2023\/12\/semana-la-inclusion-2023-0-1024x768.jpeg 1024w, https:\/\/colegiomontessori.cl\/wp2\/wp-content\/uploads\/2023\/12\/semana-la-inclusion-2023-0-300x225.jpeg 300w, https:\/\/colegiomontessori.cl\/wp2\/wp-content\/uploads\/2023\/12\/semana-la-inclusion-2023-0-768x576.jpeg 768w, https:\/\/colegiomontessori.cl\/wp2\/wp-content\/uploads\/2023\/12\/semana-la-inclusion-2023-0-1536x1152.jpeg 1536w, https:\/\/colegiomontessori.cl\/wp2\/wp-content\/uploads\/2023\/12\/semana-la-inclusion-2023-0.jpeg 1600w\" sizes=\"auto, (max-width: 1024px) 100vw, 1024px\" \/><\/a><\/figure>\n\n\n\n<figure class=\"wp-block-image size-large\"><a href=\"https:\/\/colegiomontessori.cl\/wp2\/wp-content\/uploads\/2023\/12\/semana-la-inclusion-2023-lienzo-13.jpeg\"><img loading=\"lazy\" decoding=\"async\" width=\"1024\" height=\"576\" data-id=\"20720\" src=\"https:\/\/colegiomontessori.cl\/wp2\/wp-content\/uploads\/2023\/12\/semana-la-inclusion-2023-lienzo-13-1024x576.jpeg\" alt=\"\" class=\"wp-image-20720\" srcset=\"https:\/\/colegiomontessori.cl\/wp2\/wp-content\/uploads\/2023\/12\/semana-la-inclusion-2023-lienzo-13-1024x576.jpeg 1024w, https:\/\/colegiomontessori.cl\/wp2\/wp-content\/uploads\/2023\/12\/semana-la-inclusion-2023-lienzo-13-300x169.jpeg 300w, https:\/\/colegiomontessori.cl\/wp2\/wp-content\/uploads\/2023\/12\/semana-la-inclusion-2023-lienzo-13-768x432.jpeg 768w, https:\/\/colegiomontessori.cl\/wp2\/wp-content\/uploads\/2023\/12\/semana-la-inclusion-2023-lienzo-13-1536x864.jpeg 1536w, https:\/\/colegiomontessori.cl\/wp2\/wp-content\/uploads\/2023\/12\/semana-la-inclusion-2023-lienzo-13.jpeg 1600w\" sizes=\"auto, (max-width: 1024px) 100vw, 1024px\" \/><\/a><\/figure>\n<\/figure>\n\n\n\n<div style=\"height:10px\" aria-hidden=\"true\" class=\"wp-block-spacer\"><\/div>\n\n\n\n<figure class=\"wp-block-gallery has-nested-images columns-default is-cropped wp-block-gallery-4 is-layout-flex wp-block-gallery-is-layout-flex\">\n<figure class=\"wp-block-image size-large\"><img loading=\"lazy\" decoding=\"async\" width=\"900\" height=\"600\" data-id=\"20727\" src=\"https:\/\/colegiomontessori.cl\/wp2\/wp-content\/uploads\/2023\/12\/semana-la-inclusion-2023-7.jpg\" alt=\"\" class=\"wp-image-20727\" srcset=\"https:\/\/colegiomontessori.cl\/wp2\/wp-content\/uploads\/2023\/12\/semana-la-inclusion-2023-7.jpg 900w, https:\/\/colegiomontessori.cl\/wp2\/wp-content\/uploads\/2023\/12\/semana-la-inclusion-2023-7-300x200.jpg 300w, https:\/\/colegiomontessori.cl\/wp2\/wp-content\/uploads\/2023\/12\/semana-la-inclusion-2023-7-768x512.jpg 768w\" sizes=\"auto, (max-width: 900px) 100vw, 900px\" \/><\/figure>\n\n\n\n<figure class=\"wp-block-image size-large\"><img loading=\"lazy\" decoding=\"async\" width=\"1024\" height=\"768\" data-id=\"20726\" src=\"https:\/\/colegiomontessori.cl\/wp2\/wp-content\/uploads\/2023\/12\/semana-la-inclusion-2023-lienzo-15-1024x768.jpeg\" alt=\"\" class=\"wp-image-20726\" srcset=\"https:\/\/colegiomontessori.cl\/wp2\/wp-content\/uploads\/2023\/12\/semana-la-inclusion-2023-lienzo-15-1024x768.jpeg 1024w, https:\/\/colegiomontessori.cl\/wp2\/wp-content\/uploads\/2023\/12\/semana-la-inclusion-2023-lienzo-15-300x225.jpeg 300w, https:\/\/colegiomontessori.cl\/wp2\/wp-content\/uploads\/2023\/12\/semana-la-inclusion-2023-lienzo-15-768x576.jpeg 768w, https:\/\/colegiomontessori.cl\/wp2\/wp-content\/uploads\/2023\/12\/semana-la-inclusion-2023-lienzo-15-1536x1152.jpeg 1536w, https:\/\/colegiomontessori.cl\/wp2\/wp-content\/uploads\/2023\/12\/semana-la-inclusion-2023-lienzo-15.jpeg 1600w\" sizes=\"auto, (max-width: 1024px) 100vw, 1024px\" \/><\/figure>\n\n\n\n<figure class=\"wp-block-image size-large\"><img loading=\"lazy\" decoding=\"async\" width=\"1024\" height=\"768\" data-id=\"20729\" src=\"https:\/\/colegiomontessori.cl\/wp2\/wp-content\/uploads\/2023\/12\/semana-la-inclusion-2023-lienzo-16-1024x768.jpeg\" alt=\"\" class=\"wp-image-20729\" srcset=\"https:\/\/colegiomontessori.cl\/wp2\/wp-content\/uploads\/2023\/12\/semana-la-inclusion-2023-lienzo-16-1024x768.jpeg 1024w, https:\/\/colegiomontessori.cl\/wp2\/wp-content\/uploads\/2023\/12\/semana-la-inclusion-2023-lienzo-16-300x225.jpeg 300w, https:\/\/colegiomontessori.cl\/wp2\/wp-content\/uploads\/2023\/12\/semana-la-inclusion-2023-lienzo-16-768x576.jpeg 768w, https:\/\/colegiomontessori.cl\/wp2\/wp-content\/uploads\/2023\/12\/semana-la-inclusion-2023-lienzo-16-1536x1152.jpeg 1536w, https:\/\/colegiomontessori.cl\/wp2\/wp-content\/uploads\/2023\/12\/semana-la-inclusion-2023-lienzo-16.jpeg 1600w\" sizes=\"auto, (max-width: 1024px) 100vw, 1024px\" \/><\/figure>\n<\/figure>\n\n\n\n<p>\u00a1A nombre del equipo PIE muchas gracias a todos y todas por su entusiasta participaci\u00f3n y compromiso con las actividades realizadas!<\/p>\n\n\n\n<figure class=\"wp-block-gallery has-nested-images columns-default is-cropped wp-block-gallery-5 is-layout-flex wp-block-gallery-is-layout-flex\">\n<figure class=\"wp-block-image size-large\"><a href=\"https:\/\/colegiomontessori.cl\/wp2\/wp-content\/uploads\/2023\/11\/semana-inclusion-2023-slogan-2.png\"><img loading=\"lazy\" decoding=\"async\" width=\"1024\" height=\"424\" data-id=\"20554\" src=\"https:\/\/colegiomontessori.cl\/wp2\/wp-content\/uploads\/2023\/11\/semana-inclusion-2023-slogan-2-1024x424.png\" alt=\"\" class=\"wp-image-20554\" srcset=\"https:\/\/colegiomontessori.cl\/wp2\/wp-content\/uploads\/2023\/11\/semana-inclusion-2023-slogan-2-1024x424.png 1024w, https:\/\/colegiomontessori.cl\/wp2\/wp-content\/uploads\/2023\/11\/semana-inclusion-2023-slogan-2-300x124.png 300w, https:\/\/colegiomontessori.cl\/wp2\/wp-content\/uploads\/2023\/11\/semana-inclusion-2023-slogan-2-768x318.png 768w, https:\/\/colegiomontessori.cl\/wp2\/wp-content\/uploads\/2023\/11\/semana-inclusion-2023-slogan-2-1536x636.png 1536w, https:\/\/colegiomontessori.cl\/wp2\/wp-content\/uploads\/2023\/11\/semana-inclusion-2023-slogan-2-2048x848.png 2048w\" sizes=\"auto, (max-width: 1024px) 100vw, 1024px\" \/><\/a><\/figure>\n<\/figure>\n\n\n\n<div style=\"height:10px\" aria-hidden=\"true\" class=\"wp-block-spacer\"><\/div>\n\n\n\n<figure class=\"wp-block-gallery has-nested-images columns-4 is-cropped wp-block-gallery-6 is-layout-flex wp-block-gallery-is-layout-flex\">\n<figure class=\"wp-block-image size-large\"><a href=\"https:\/\/colegiomontessori.cl\/wp2\/wp-content\/uploads\/2023\/11\/afiche-certamen-cocina-pie.png\"><img loading=\"lazy\" decoding=\"async\" width=\"1024\" height=\"1024\" data-id=\"20542\" src=\"https:\/\/colegiomontessori.cl\/wp2\/wp-content\/uploads\/2023\/11\/afiche-certamen-cocina-pie-1024x1024.png\" alt=\"\" class=\"wp-image-20542\" srcset=\"https:\/\/colegiomontessori.cl\/wp2\/wp-content\/uploads\/2023\/11\/afiche-certamen-cocina-pie-1024x1024.png 1024w, https:\/\/colegiomontessori.cl\/wp2\/wp-content\/uploads\/2023\/11\/afiche-certamen-cocina-pie-300x300.png 300w, https:\/\/colegiomontessori.cl\/wp2\/wp-content\/uploads\/2023\/11\/afiche-certamen-cocina-pie-150x150.png 150w, https:\/\/colegiomontessori.cl\/wp2\/wp-content\/uploads\/2023\/11\/afiche-certamen-cocina-pie-768x768.png 768w, https:\/\/colegiomontessori.cl\/wp2\/wp-content\/uploads\/2023\/11\/afiche-certamen-cocina-pie-250x250.png 250w, https:\/\/colegiomontessori.cl\/wp2\/wp-content\/uploads\/2023\/11\/afiche-certamen-cocina-pie.png 1080w\" sizes=\"auto, (max-width: 1024px) 100vw, 1024px\" \/><\/a><\/figure>\n\n\n\n<figure class=\"wp-block-image size-large\"><a href=\"https:\/\/colegiomontessori.cl\/wp2\/wp-content\/uploads\/2023\/12\/afiche-poleras-personalizadas.png\"><img loading=\"lazy\" decoding=\"async\" width=\"1024\" height=\"1024\" data-id=\"20706\" src=\"https:\/\/colegiomontessori.cl\/wp2\/wp-content\/uploads\/2023\/12\/afiche-poleras-personalizadas-1024x1024.png\" alt=\"\" class=\"wp-image-20706\" srcset=\"https:\/\/colegiomontessori.cl\/wp2\/wp-content\/uploads\/2023\/12\/afiche-poleras-personalizadas-1024x1024.png 1024w, https:\/\/colegiomontessori.cl\/wp2\/wp-content\/uploads\/2023\/12\/afiche-poleras-personalizadas-300x300.png 300w, https:\/\/colegiomontessori.cl\/wp2\/wp-content\/uploads\/2023\/12\/afiche-poleras-personalizadas-150x150.png 150w, https:\/\/colegiomontessori.cl\/wp2\/wp-content\/uploads\/2023\/12\/afiche-poleras-personalizadas-768x768.png 768w, https:\/\/colegiomontessori.cl\/wp2\/wp-content\/uploads\/2023\/12\/afiche-poleras-personalizadas-1536x1536.png 1536w, https:\/\/colegiomontessori.cl\/wp2\/wp-content\/uploads\/2023\/12\/afiche-poleras-personalizadas-250x250.png 250w, https:\/\/colegiomontessori.cl\/wp2\/wp-content\/uploads\/2023\/12\/afiche-poleras-personalizadas.png 1641w\" sizes=\"auto, (max-width: 1024px) 100vw, 1024px\" \/><\/a><\/figure>\n\n\n\n<figure class=\"wp-block-image size-large\"><a href=\"https:\/\/colegiomontessori.cl\/wp2\/wp-content\/uploads\/2023\/11\/afiche-tiktok-pie.png\"><img loading=\"lazy\" decoding=\"async\" width=\"1024\" height=\"1024\" data-id=\"20606\" src=\"https:\/\/colegiomontessori.cl\/wp2\/wp-content\/uploads\/2023\/11\/afiche-tiktok-pie-1024x1024.png\" alt=\"\" class=\"wp-image-20606\" srcset=\"https:\/\/colegiomontessori.cl\/wp2\/wp-content\/uploads\/2023\/11\/afiche-tiktok-pie-1024x1024.png 1024w, https:\/\/colegiomontessori.cl\/wp2\/wp-content\/uploads\/2023\/11\/afiche-tiktok-pie-300x300.png 300w, https:\/\/colegiomontessori.cl\/wp2\/wp-content\/uploads\/2023\/11\/afiche-tiktok-pie-150x150.png 150w, https:\/\/colegiomontessori.cl\/wp2\/wp-content\/uploads\/2023\/11\/afiche-tiktok-pie-768x768.png 768w, https:\/\/colegiomontessori.cl\/wp2\/wp-content\/uploads\/2023\/11\/afiche-tiktok-pie-250x250.png 250w, https:\/\/colegiomontessori.cl\/wp2\/wp-content\/uploads\/2023\/11\/afiche-tiktok-pie.png 1080w\" sizes=\"auto, (max-width: 1024px) 100vw, 1024px\" \/><\/a><\/figure>\n\n\n\n<figure class=\"wp-block-image size-large\"><a href=\"https:\/\/colegiomontessori.cl\/wp2\/wp-content\/uploads\/2023\/11\/Concurso-Familiar-Slogan-de-la-Inclusion.png\"><img loading=\"lazy\" decoding=\"async\" width=\"1024\" height=\"1024\" data-id=\"20465\" src=\"https:\/\/colegiomontessori.cl\/wp2\/wp-content\/uploads\/2023\/11\/Concurso-Familiar-Slogan-de-la-Inclusion-1024x1024.png\" alt=\"\" class=\"wp-image-20465\" srcset=\"https:\/\/colegiomontessori.cl\/wp2\/wp-content\/uploads\/2023\/11\/Concurso-Familiar-Slogan-de-la-Inclusion-1024x1024.png 1024w, https:\/\/colegiomontessori.cl\/wp2\/wp-content\/uploads\/2023\/11\/Concurso-Familiar-Slogan-de-la-Inclusion-300x300.png 300w, https:\/\/colegiomontessori.cl\/wp2\/wp-content\/uploads\/2023\/11\/Concurso-Familiar-Slogan-de-la-Inclusion-150x150.png 150w, https:\/\/colegiomontessori.cl\/wp2\/wp-content\/uploads\/2023\/11\/Concurso-Familiar-Slogan-de-la-Inclusion-768x768.png 768w, https:\/\/colegiomontessori.cl\/wp2\/wp-content\/uploads\/2023\/11\/Concurso-Familiar-Slogan-de-la-Inclusion-250x250.png 250w, https:\/\/colegiomontessori.cl\/wp2\/wp-content\/uploads\/2023\/11\/Concurso-Familiar-Slogan-de-la-Inclusion.png 1080w\" sizes=\"auto, (max-width: 1024px) 100vw, 1024px\" \/><\/a><\/figure>\n<\/figure>\n\n\n\n<p><strong>Visita Secretar\u00eda Regional de Educaci\u00f3n Especial<\/strong><\/p>\n\n\n\n<p>El lunes 27 de noviembre, en el marco de la Semana de Inclusi\u00f3n y la Diversidad el Programa de Integraci\u00f3n&nbsp;Escolar gestion\u00f3 la&nbsp;visita de la&nbsp;Coordinadora Regional de Educaci\u00f3n Especial, Srta. Roxana Dur\u00e1n Hern\u00e1ndez, al consejo t\u00e9cnico de profesores. La profesional de apoyo&nbsp;de la Seremi de Educaci\u00f3n de La Araucan\u00eda relev\u00f3 aspectos referidos al Decreto N\u00b083&nbsp;y funcionamiento de los programas de integraci\u00f3n al interior de las unidades educativas, aspectos normativos, pedag\u00f3gicos y orientaciones curriculares de acuerdo a las necesidades educativas presentes en el aula escolar.<\/p>\n\n\n\n<figure class=\"wp-block-gallery has-nested-images columns-default is-cropped wp-block-gallery-7 is-layout-flex wp-block-gallery-is-layout-flex\">\n<figure class=\"wp-block-image size-large\"><img loading=\"lazy\" decoding=\"async\" width=\"918\" height=\"638\" data-id=\"20708\" src=\"https:\/\/colegiomontessori.cl\/wp2\/wp-content\/uploads\/2023\/12\/semana-inclusion-visita-ministerial.jpeg\" alt=\"\" class=\"wp-image-20708\" srcset=\"https:\/\/colegiomontessori.cl\/wp2\/wp-content\/uploads\/2023\/12\/semana-inclusion-visita-ministerial.jpeg 918w, https:\/\/colegiomontessori.cl\/wp2\/wp-content\/uploads\/2023\/12\/semana-inclusion-visita-ministerial-300x208.jpeg 300w, https:\/\/colegiomontessori.cl\/wp2\/wp-content\/uploads\/2023\/12\/semana-inclusion-visita-ministerial-768x534.jpeg 768w\" sizes=\"auto, (max-width: 918px) 100vw, 918px\" \/><\/figure>\n<\/figure>\n\n\n\n<p><\/p>\n\n\n\n<p><strong>Otras noticias de la Semana de la Inclusi\u00f3n 2023:<\/strong><\/p>\n\n\n\n<figure class=\"wp-block-embed is-type-wp-embed is-provider-colegio-montessori-temuco wp-block-embed-colegio-montessori-temuco\"><div class=\"wp-block-embed__wrapper\">\n<blockquote class=\"wp-embedded-content\" data-secret=\"Qohh2pBIZ8\"><a href=\"https:\/\/colegiomontessori.cl\/wp2\/2023\/11\/30\/ganadores-el-sabor-de-la-inclusion\/\">Ganadores \u201cEl Sabor de la Inclusi\u00f3n\u201d<\/a><\/blockquote><iframe loading=\"lazy\" class=\"wp-embedded-content\" sandbox=\"allow-scripts\" security=\"restricted\" style=\"position: absolute; clip: rect(1px, 1px, 1px, 1px);\" title=\"\u00abGanadores \u201cEl Sabor de la Inclusi\u00f3n\u201d\u00bb \u2014 Colegio Montessori Temuco\" src=\"https:\/\/colegiomontessori.cl\/wp2\/2023\/11\/30\/ganadores-el-sabor-de-la-inclusion\/embed\/#?secret=GIPJSdnkLb#?secret=Qohh2pBIZ8\" data-secret=\"Qohh2pBIZ8\" width=\"500\" height=\"282\" frameborder=\"0\" marginwidth=\"0\" marginheight=\"0\" scrolling=\"no\"><\/iframe>\n<\/div><\/figure>\n\n\n\n<figure class=\"wp-block-embed is-type-wp-embed is-provider-colegio-montessori-temuco wp-block-embed-colegio-montessori-temuco\"><div class=\"wp-block-embed__wrapper\">\n<blockquote class=\"wp-embedded-content\" data-secret=\"771eWOJpsy\"><a href=\"https:\/\/colegiomontessori.cl\/wp2\/2023\/11\/28\/semana-de-la-inclusion-tik-tok-challenge-familia-inclusiva-y-diversa\/\">Semana de la Inclusi\u00f3n: Tik Tok Challenge \u00abFamilia Inclusiva y Diversa\u00bb<\/a><\/blockquote><iframe loading=\"lazy\" class=\"wp-embedded-content\" sandbox=\"allow-scripts\" security=\"restricted\" style=\"position: absolute; clip: rect(1px, 1px, 1px, 1px);\" title=\"\u00abSemana de la Inclusi\u00f3n: Tik Tok Challenge \u00abFamilia Inclusiva y Diversa\u00bb\u00bb \u2014 Colegio Montessori Temuco\" src=\"https:\/\/colegiomontessori.cl\/wp2\/2023\/11\/28\/semana-de-la-inclusion-tik-tok-challenge-familia-inclusiva-y-diversa\/embed\/#?secret=REX3XBurIM#?secret=771eWOJpsy\" data-secret=\"771eWOJpsy\" width=\"500\" height=\"282\" frameborder=\"0\" marginwidth=\"0\" marginheight=\"0\" scrolling=\"no\"><\/iframe>\n<\/div><\/figure>\n\n\n\n<figure class=\"wp-block-embed is-type-wp-embed is-provider-colegio-montessori-temuco wp-block-embed-colegio-montessori-temuco\"><div class=\"wp-block-embed__wrapper\">\n<blockquote class=\"wp-embedded-content\" data-secret=\"3D9PphGzC1\"><a href=\"https:\/\/colegiomontessori.cl\/wp2\/2023\/11\/28\/asi-iniciamos-la-semana-de-la-inclusion-y-la-diversidad-2023\/\">As\u00ed iniciamos la Semana de la Inclusi\u00f3n 2023<\/a><\/blockquote><iframe loading=\"lazy\" class=\"wp-embedded-content\" sandbox=\"allow-scripts\" security=\"restricted\" style=\"position: absolute; clip: rect(1px, 1px, 1px, 1px);\" title=\"\u00abAs\u00ed iniciamos la Semana de la Inclusi\u00f3n 2023\u00bb \u2014 Colegio Montessori Temuco\" src=\"https:\/\/colegiomontessori.cl\/wp2\/2023\/11\/28\/asi-iniciamos-la-semana-de-la-inclusion-y-la-diversidad-2023\/embed\/#?secret=VPg6CpnVv6#?secret=3D9PphGzC1\" data-secret=\"3D9PphGzC1\" width=\"500\" height=\"282\" frameborder=\"0\" marginwidth=\"0\" marginheight=\"0\" scrolling=\"no\"><\/iframe>\n<\/div><\/figure>\n\n\n\n<figure class=\"wp-block-embed is-type-wp-embed is-provider-colegio-montessori-temuco wp-block-embed-colegio-montessori-temuco\"><div class=\"wp-block-embed__wrapper\">\n<blockquote class=\"wp-embedded-content\" data-secret=\"YUBIjhHuCT\"><a href=\"https:\/\/colegiomontessori.cl\/wp2\/2023\/11\/27\/27-de-noviembre-al-01-diciembre-semana-de-la-inclusion-y-la-diversidad-2023\/\">27 de Noviembre al 01 Diciembre: Semana de la Inclusi\u00f3n y la Diversidad 2023<\/a><\/blockquote><iframe loading=\"lazy\" class=\"wp-embedded-content\" sandbox=\"allow-scripts\" security=\"restricted\" style=\"position: absolute; clip: rect(1px, 1px, 1px, 1px);\" title=\"\u00ab27 de Noviembre al 01 Diciembre: Semana de la Inclusi\u00f3n y la Diversidad 2023\u00bb \u2014 Colegio Montessori Temuco\" src=\"https:\/\/colegiomontessori.cl\/wp2\/2023\/11\/27\/27-de-noviembre-al-01-diciembre-semana-de-la-inclusion-y-la-diversidad-2023\/embed\/#?secret=tjbM7qvopA#?secret=YUBIjhHuCT\" data-secret=\"YUBIjhHuCT\" width=\"500\" height=\"282\" frameborder=\"0\" marginwidth=\"0\" marginheight=\"0\" scrolling=\"no\"><\/iframe>\n<\/div><\/figure>\n","protected":false},"excerpt":{"rendered":"<p>Estudiantes de k\u00ednder a 3\u00b0 medio, familias y funcionarios protagonizaron las m\u00faltiples actividades de car\u00e1cter inclusivo dirigidas a la comunidad educativa a cargo del equipo PIE. Con un variado programa de actividades para los estudiantes y sus familias, adem\u00e1s de profesores y asistentes de la educaci\u00f3n, se desarroll\u00f3 la Semana de la Inclusi\u00f3n y la &hellip;<\/p>\n<p class=\"read-more\"> <a class=\"\" href=\"https:\/\/colegiomontessori.cl\/wp2\/2023\/12\/04\/semana-de-la-inclusion-2023-inclusivamente-asi-es-mejor-tu-mente\/\"> <span class=\"screen-reader-text\">Semana de la Inclusi\u00f3n 2023: Inclusiva\u00bbmente\u00bb, as\u00ed es mejor tu mente<\/span> Leer m\u00e1s &raquo;<\/a><\/p>\n","protected":false},"author":2,"featured_media":20716,"comment_status":"closed","ping_status":"open","sticky":false,"template":"","format":"standard","meta":{"footnotes":""},"categories":[29],"tags":[],"class_list":["post-20704","post","type-post","status-publish","format-standard","has-post-thumbnail","hentry","category-inclusion"],"_links":{"self":[{"href":"https:\/\/colegiomontessori.cl\/wp2\/wp-json\/wp\/v2\/posts\/20704","targetHints":{"allow":["GET"]}}],"collection":[{"href":"https:\/\/colegiomontessori.cl\/wp2\/wp-json\/wp\/v2\/posts"}],"about":[{"href":"https:\/\/colegiomontessori.cl\/wp2\/wp-json\/wp\/v2\/types\/post"}],"author":[{"embeddable":true,"href":"https:\/\/colegiomontessori.cl\/wp2\/wp-json\/wp\/v2\/users\/2"}],"replies":[{"embeddable":true,"href":"https:\/\/colegiomontessori.cl\/wp2\/wp-json\/wp\/v2\/comments?post=20704"}],"version-history":[{"count":6,"href":"https:\/\/colegiomontessori.cl\/wp2\/wp-json\/wp\/v2\/posts\/20704\/revisions"}],"predecessor-version":[{"id":20735,"href":"https:\/\/colegiomontessori.cl\/wp2\/wp-json\/wp\/v2\/posts\/20704\/revisions\/20735"}],"wp:featuredmedia":[{"embeddable":true,"href":"https:\/\/colegiomontessori.cl\/wp2\/wp-json\/wp\/v2\/media\/20716"}],"wp:attachment":[{"href":"https:\/\/colegiomontessori.cl\/wp2\/wp-json\/wp\/v2\/media?parent=20704"}],"wp:term":[{"taxonomy":"category","embeddable":true,"href":"https:\/\/colegiomontessori.cl\/wp2\/wp-json\/wp\/v2\/categories?post=20704"},{"taxonomy":"post_tag","embeddable":true,"href":"https:\/\/colegiomontessori.cl\/wp2\/wp-json\/wp\/v2\/tags?post=20704"}],"curies":[{"name":"wp","href":"https:\/\/api.w.org\/{rel}","templated":true}]}}