{"id":22042,"date":"2024-04-15T12:22:00","date_gmt":"2024-04-15T16:22:00","guid":{"rendered":"https:\/\/colegiomontessori.cl\/wp2\/?p=22042"},"modified":"2024-04-15T20:31:05","modified_gmt":"2024-04-16T00:31:05","slug":"brigada-escolar-integral-se-reactiva-para-el-ano-2024","status":"publish","type":"post","link":"https:\/\/colegiomontessori.cl\/wp2\/2024\/04\/15\/brigada-escolar-integral-se-reactiva-para-el-ano-2024\/","title":{"rendered":"Brigada Escolar Integral se reactiva para el a\u00f1o 2024"},"content":{"rendered":"\n<p> A partir de esta semana encontramos durante los recreos, en los patios y pasillos de nuestro colegio, a los nuevos integrantes de la Brigada Escolar Integral 2024.<\/p>\n\n\n\n<figure class=\"wp-block-gallery has-nested-images columns-2 is-cropped wp-block-gallery-1 is-layout-flex wp-block-gallery-is-layout-flex\">\n<figure class=\"wp-block-image size-large\"><a href=\"https:\/\/colegiomontessori.cl\/wp2\/wp-content\/uploads\/2024\/04\/brigada-escolar-8.jpg\"><img loading=\"lazy\" decoding=\"async\" width=\"1024\" height=\"683\" data-id=\"22051\" src=\"https:\/\/colegiomontessori.cl\/wp2\/wp-content\/uploads\/2024\/04\/brigada-escolar-8-1024x683.jpg\" alt=\"\" class=\"wp-image-22051\" srcset=\"https:\/\/colegiomontessori.cl\/wp2\/wp-content\/uploads\/2024\/04\/brigada-escolar-8-1024x683.jpg 1024w, https:\/\/colegiomontessori.cl\/wp2\/wp-content\/uploads\/2024\/04\/brigada-escolar-8-300x200.jpg 300w, https:\/\/colegiomontessori.cl\/wp2\/wp-content\/uploads\/2024\/04\/brigada-escolar-8-768x512.jpg 768w, https:\/\/colegiomontessori.cl\/wp2\/wp-content\/uploads\/2024\/04\/brigada-escolar-8-1536x1024.jpg 1536w, https:\/\/colegiomontessori.cl\/wp2\/wp-content\/uploads\/2024\/04\/brigada-escolar-8.jpg 2048w\" sizes=\"auto, (max-width: 1024px) 100vw, 1024px\" \/><\/a><\/figure>\n\n\n\n<figure class=\"wp-block-image size-large\"><a href=\"https:\/\/colegiomontessori.cl\/wp2\/wp-content\/uploads\/2024\/04\/brigada-escolar-4.jpg\"><img loading=\"lazy\" decoding=\"async\" width=\"1024\" height=\"683\" data-id=\"22047\" src=\"https:\/\/colegiomontessori.cl\/wp2\/wp-content\/uploads\/2024\/04\/brigada-escolar-4-1024x683.jpg\" alt=\"\" class=\"wp-image-22047\" srcset=\"https:\/\/colegiomontessori.cl\/wp2\/wp-content\/uploads\/2024\/04\/brigada-escolar-4-1024x683.jpg 1024w, https:\/\/colegiomontessori.cl\/wp2\/wp-content\/uploads\/2024\/04\/brigada-escolar-4-300x200.jpg 300w, https:\/\/colegiomontessori.cl\/wp2\/wp-content\/uploads\/2024\/04\/brigada-escolar-4-768x512.jpg 768w, https:\/\/colegiomontessori.cl\/wp2\/wp-content\/uploads\/2024\/04\/brigada-escolar-4-1536x1024.jpg 1536w, https:\/\/colegiomontessori.cl\/wp2\/wp-content\/uploads\/2024\/04\/brigada-escolar-4.jpg 2048w\" sizes=\"auto, (max-width: 1024px) 100vw, 1024px\" \/><\/a><\/figure>\n\n\n\n<figure class=\"wp-block-image size-large\"><a href=\"https:\/\/colegiomontessori.cl\/wp2\/wp-content\/uploads\/2024\/04\/brigada-escolar-1.jpg\"><img loading=\"lazy\" decoding=\"async\" width=\"1024\" height=\"683\" data-id=\"22044\" src=\"https:\/\/colegiomontessori.cl\/wp2\/wp-content\/uploads\/2024\/04\/brigada-escolar-1-1024x683.jpg\" alt=\"\" class=\"wp-image-22044\" srcset=\"https:\/\/colegiomontessori.cl\/wp2\/wp-content\/uploads\/2024\/04\/brigada-escolar-1-1024x683.jpg 1024w, https:\/\/colegiomontessori.cl\/wp2\/wp-content\/uploads\/2024\/04\/brigada-escolar-1-300x200.jpg 300w, https:\/\/colegiomontessori.cl\/wp2\/wp-content\/uploads\/2024\/04\/brigada-escolar-1-768x512.jpg 768w, https:\/\/colegiomontessori.cl\/wp2\/wp-content\/uploads\/2024\/04\/brigada-escolar-1-1536x1024.jpg 1536w, https:\/\/colegiomontessori.cl\/wp2\/wp-content\/uploads\/2024\/04\/brigada-escolar-1.jpg 2048w\" sizes=\"auto, (max-width: 1024px) 100vw, 1024px\" \/><\/a><\/figure>\n<\/figure>\n\n\n\n<p>Este grupo de alumnos(as) de 5\u00b0 y 6\u00b0 B\u00e1sico supervisados por Inspector\u00eda General y Coordinaci\u00f3n Acad\u00e9mica, funciona al alero de Carabineros de Chile, instituci\u00f3n promotora de esta iniciativa en nuestro pa\u00eds y que en nuestro colegio se reactiva tras realizar su instrucci\u00f3n inicial, la cual estuvo a <a><\/a>cargo del cabo primero Sr. Hern\u00e1n Garrido.<\/p>\n\n\n\n<p>\u00a1Mucho \u00e9xito y todo nuestro apoyo para la nueva Brigada Escolar!<\/p>\n\n\n\n<figure class=\"wp-block-gallery has-nested-images columns-2 is-cropped wp-block-gallery-2 is-layout-flex wp-block-gallery-is-layout-flex\">\n<figure class=\"wp-block-image size-large\"><a href=\"https:\/\/colegiomontessori.cl\/wp2\/wp-content\/uploads\/2024\/04\/brigada-escolar-5.jpg\"><img loading=\"lazy\" decoding=\"async\" width=\"1024\" height=\"683\" data-id=\"22048\" src=\"https:\/\/colegiomontessori.cl\/wp2\/wp-content\/uploads\/2024\/04\/brigada-escolar-5-1024x683.jpg\" alt=\"\" class=\"wp-image-22048\" srcset=\"https:\/\/colegiomontessori.cl\/wp2\/wp-content\/uploads\/2024\/04\/brigada-escolar-5-1024x683.jpg 1024w, https:\/\/colegiomontessori.cl\/wp2\/wp-content\/uploads\/2024\/04\/brigada-escolar-5-300x200.jpg 300w, https:\/\/colegiomontessori.cl\/wp2\/wp-content\/uploads\/2024\/04\/brigada-escolar-5-768x512.jpg 768w, https:\/\/colegiomontessori.cl\/wp2\/wp-content\/uploads\/2024\/04\/brigada-escolar-5-1536x1024.jpg 1536w, https:\/\/colegiomontessori.cl\/wp2\/wp-content\/uploads\/2024\/04\/brigada-escolar-5.jpg 2048w\" sizes=\"auto, (max-width: 1024px) 100vw, 1024px\" \/><\/a><\/figure>\n\n\n\n<figure class=\"wp-block-image size-large\"><a href=\"https:\/\/colegiomontessori.cl\/wp2\/wp-content\/uploads\/2024\/04\/brigada-escolar-7.jpg\"><img loading=\"lazy\" decoding=\"async\" width=\"1024\" height=\"683\" data-id=\"22050\" src=\"https:\/\/colegiomontessori.cl\/wp2\/wp-content\/uploads\/2024\/04\/brigada-escolar-7-1024x683.jpg\" alt=\"\" class=\"wp-image-22050\" srcset=\"https:\/\/colegiomontessori.cl\/wp2\/wp-content\/uploads\/2024\/04\/brigada-escolar-7-1024x683.jpg 1024w, https:\/\/colegiomontessori.cl\/wp2\/wp-content\/uploads\/2024\/04\/brigada-escolar-7-300x200.jpg 300w, https:\/\/colegiomontessori.cl\/wp2\/wp-content\/uploads\/2024\/04\/brigada-escolar-7-768x512.jpg 768w, https:\/\/colegiomontessori.cl\/wp2\/wp-content\/uploads\/2024\/04\/brigada-escolar-7-1536x1024.jpg 1536w, https:\/\/colegiomontessori.cl\/wp2\/wp-content\/uploads\/2024\/04\/brigada-escolar-7.jpg 2048w\" sizes=\"auto, (max-width: 1024px) 100vw, 1024px\" \/><\/a><\/figure>\n\n\n\n<figure class=\"wp-block-image size-large\"><a href=\"https:\/\/colegiomontessori.cl\/wp2\/wp-content\/uploads\/2024\/04\/brigada-escolar-2.jpg\"><img loading=\"lazy\" decoding=\"async\" width=\"1024\" height=\"683\" data-id=\"22045\" src=\"https:\/\/colegiomontessori.cl\/wp2\/wp-content\/uploads\/2024\/04\/brigada-escolar-2-1024x683.jpg\" alt=\"\" class=\"wp-image-22045\" srcset=\"https:\/\/colegiomontessori.cl\/wp2\/wp-content\/uploads\/2024\/04\/brigada-escolar-2-1024x683.jpg 1024w, https:\/\/colegiomontessori.cl\/wp2\/wp-content\/uploads\/2024\/04\/brigada-escolar-2-300x200.jpg 300w, https:\/\/colegiomontessori.cl\/wp2\/wp-content\/uploads\/2024\/04\/brigada-escolar-2-768x512.jpg 768w, https:\/\/colegiomontessori.cl\/wp2\/wp-content\/uploads\/2024\/04\/brigada-escolar-2-1536x1024.jpg 1536w, https:\/\/colegiomontessori.cl\/wp2\/wp-content\/uploads\/2024\/04\/brigada-escolar-2.jpg 2048w\" sizes=\"auto, (max-width: 1024px) 100vw, 1024px\" \/><\/a><\/figure>\n<\/figure>\n","protected":false},"excerpt":{"rendered":"<p>A partir de esta semana encontramos durante los recreos, en los patios y pasillos de nuestro colegio, a los nuevos integrantes de la Brigada Escolar Integral 2024. Este grupo de alumnos(as) de 5\u00b0 y 6\u00b0 B\u00e1sico supervisados por Inspector\u00eda General y Coordinaci\u00f3n Acad\u00e9mica, funciona al alero de Carabineros de Chile, instituci\u00f3n promotora de esta iniciativa &hellip;<\/p>\n<p class=\"read-more\"> <a class=\"\" href=\"https:\/\/colegiomontessori.cl\/wp2\/2024\/04\/15\/brigada-escolar-integral-se-reactiva-para-el-ano-2024\/\"> <span class=\"screen-reader-text\">Brigada Escolar Integral se reactiva para el a\u00f1o 2024<\/span> Leer m\u00e1s &raquo;<\/a><\/p>\n","protected":false},"author":2,"featured_media":22046,"comment_status":"closed","ping_status":"open","sticky":false,"template":"","format":"standard","meta":{"footnotes":""},"categories":[21,39],"tags":[],"class_list":["post-22042","post","type-post","status-publish","format-standard","has-post-thumbnail","hentry","category-area-academica","category-inspectoria"],"_links":{"self":[{"href":"https:\/\/colegiomontessori.cl\/wp2\/wp-json\/wp\/v2\/posts\/22042","targetHints":{"allow":["GET"]}}],"collection":[{"href":"https:\/\/colegiomontessori.cl\/wp2\/wp-json\/wp\/v2\/posts"}],"about":[{"href":"https:\/\/colegiomontessori.cl\/wp2\/wp-json\/wp\/v2\/types\/post"}],"author":[{"embeddable":true,"href":"https:\/\/colegiomontessori.cl\/wp2\/wp-json\/wp\/v2\/users\/2"}],"replies":[{"embeddable":true,"href":"https:\/\/colegiomontessori.cl\/wp2\/wp-json\/wp\/v2\/comments?post=22042"}],"version-history":[{"count":2,"href":"https:\/\/colegiomontessori.cl\/wp2\/wp-json\/wp\/v2\/posts\/22042\/revisions"}],"predecessor-version":[{"id":22052,"href":"https:\/\/colegiomontessori.cl\/wp2\/wp-json\/wp\/v2\/posts\/22042\/revisions\/22052"}],"wp:featuredmedia":[{"embeddable":true,"href":"https:\/\/colegiomontessori.cl\/wp2\/wp-json\/wp\/v2\/media\/22046"}],"wp:attachment":[{"href":"https:\/\/colegiomontessori.cl\/wp2\/wp-json\/wp\/v2\/media?parent=22042"}],"wp:term":[{"taxonomy":"category","embeddable":true,"href":"https:\/\/colegiomontessori.cl\/wp2\/wp-json\/wp\/v2\/categories?post=22042"},{"taxonomy":"post_tag","embeddable":true,"href":"https:\/\/colegiomontessori.cl\/wp2\/wp-json\/wp\/v2\/tags?post=22042"}],"curies":[{"name":"wp","href":"https:\/\/api.w.org\/{rel}","templated":true}]}}