{"id":22441,"date":"2024-05-09T17:11:07","date_gmt":"2024-05-09T21:11:07","guid":{"rendered":"https:\/\/colegiomontessori.cl\/wp2\/?p=22441"},"modified":"2024-05-09T17:20:02","modified_gmt":"2024-05-09T21:20:02","slug":"programa-educativo-de-coordinacion-academica-convoca-a-jovenes-lideres-de-ensenanza-media","status":"publish","type":"post","link":"https:\/\/colegiomontessori.cl\/wp2\/2024\/05\/09\/programa-educativo-de-coordinacion-academica-convoca-a-jovenes-lideres-de-ensenanza-media\/","title":{"rendered":"Programa educativo de Coordinaci\u00f3n Acad\u00e9mica convoca a j\u00f3venes l\u00edderes de Ense\u00f1anza Media"},"content":{"rendered":"\n<p>Un total de 15 sesiones desde mayo a noviembre es la duraci\u00f3n del Programa de L\u00edderes Educativos que se encuentra desarrollando Coordinaci\u00f3n Acad\u00e9mica Jornada Ma\u00f1ana a cargo de la profesora Marcela Gonz\u00e1lez, dirigido a estudiantes de las directivas de curso de 7\u00b0 b\u00e1sico a 4\u00b0 medio, junto a representantes del nuevo Centro de Alumnos.<\/p>\n\n\n\n<figure class=\"wp-block-gallery has-nested-images columns-default is-cropped wp-block-gallery-1 is-layout-flex wp-block-gallery-is-layout-flex\">\n<figure class=\"wp-block-image size-large\"><a href=\"https:\/\/colegiomontessori.cl\/wp2\/wp-content\/uploads\/2024\/05\/DSC00563-copia-scaled.jpg\"><img loading=\"lazy\" decoding=\"async\" width=\"1024\" height=\"683\" data-id=\"22452\" src=\"https:\/\/colegiomontessori.cl\/wp2\/wp-content\/uploads\/2024\/05\/DSC00563-copia-1024x683.jpg\" alt=\"\" class=\"wp-image-22452\" srcset=\"https:\/\/colegiomontessori.cl\/wp2\/wp-content\/uploads\/2024\/05\/DSC00563-copia-1024x683.jpg 1024w, https:\/\/colegiomontessori.cl\/wp2\/wp-content\/uploads\/2024\/05\/DSC00563-copia-300x200.jpg 300w, https:\/\/colegiomontessori.cl\/wp2\/wp-content\/uploads\/2024\/05\/DSC00563-copia-768x512.jpg 768w, https:\/\/colegiomontessori.cl\/wp2\/wp-content\/uploads\/2024\/05\/DSC00563-copia-1536x1024.jpg 1536w, https:\/\/colegiomontessori.cl\/wp2\/wp-content\/uploads\/2024\/05\/DSC00563-copia-2048x1365.jpg 2048w\" sizes=\"auto, (max-width: 1024px) 100vw, 1024px\" \/><\/a><\/figure>\n<\/figure>\n\n\n\n<figure class=\"wp-block-audio\"><audio controls src=\"https:\/\/colegiomontessori.cl\/wp2\/wp-content\/uploads\/2024\/05\/audio-marcela-gonzalez.mp3\"><\/audio><\/figure>\n\n\n\n<p><em>Audio. Profesora Marcela Gonz\u00e1lez, Coordinadora Acad\u00e9mica Jornada Ma\u00f1ana.<\/em><\/p>\n\n\n\n<p>Las reuniones se realizan cada 15 d\u00edas y en esta segunda sesi\u00f3n el tema abordado por la Coordinadora Acad\u00e9mica fue la Comunicaci\u00f3n Efectiva, con sus caracter\u00edsticas y beneficios, con la participaci\u00f3n de los estudiantes Lukas Rivas (2\u00b0A) Presidente CCAA, Ang\u00e9lica Padilla (8\u00b0A) y Josefina Quezada (1\u00b0B).<\/p>\n\n\n\n<p>La jornada cont\u00f3 con dos invitados, los profesores Ren\u00e9 Castillo y Carlos Vel\u00e1squez, quienes compartieron su experiencia con los j\u00f3venes y las herramientas de vida adquiridas en su trayectoria como docentes.<\/p>\n\n\n\n<figure class=\"wp-block-gallery has-nested-images columns-2 is-cropped wp-block-gallery-2 is-layout-flex wp-block-gallery-is-layout-flex\">\n<figure class=\"wp-block-image size-large\"><a href=\"https:\/\/colegiomontessori.cl\/wp2\/wp-content\/uploads\/2024\/05\/DSC00550-copia-scaled.jpg\"><img loading=\"lazy\" decoding=\"async\" width=\"1024\" height=\"683\" data-id=\"22450\" src=\"https:\/\/colegiomontessori.cl\/wp2\/wp-content\/uploads\/2024\/05\/DSC00550-copia-1024x683.jpg\" alt=\"\" class=\"wp-image-22450\" srcset=\"https:\/\/colegiomontessori.cl\/wp2\/wp-content\/uploads\/2024\/05\/DSC00550-copia-1024x683.jpg 1024w, https:\/\/colegiomontessori.cl\/wp2\/wp-content\/uploads\/2024\/05\/DSC00550-copia-300x200.jpg 300w, https:\/\/colegiomontessori.cl\/wp2\/wp-content\/uploads\/2024\/05\/DSC00550-copia-768x512.jpg 768w, https:\/\/colegiomontessori.cl\/wp2\/wp-content\/uploads\/2024\/05\/DSC00550-copia-1536x1024.jpg 1536w, https:\/\/colegiomontessori.cl\/wp2\/wp-content\/uploads\/2024\/05\/DSC00550-copia-2048x1365.jpg 2048w\" sizes=\"auto, (max-width: 1024px) 100vw, 1024px\" \/><\/a><\/figure>\n\n\n\n<figure class=\"wp-block-image size-large\"><a href=\"https:\/\/colegiomontessori.cl\/wp2\/wp-content\/uploads\/2024\/05\/DSC00520-copia-scaled.jpg\"><img loading=\"lazy\" decoding=\"async\" width=\"1024\" height=\"683\" data-id=\"22449\" src=\"https:\/\/colegiomontessori.cl\/wp2\/wp-content\/uploads\/2024\/05\/DSC00520-copia-1024x683.jpg\" alt=\"\" class=\"wp-image-22449\" srcset=\"https:\/\/colegiomontessori.cl\/wp2\/wp-content\/uploads\/2024\/05\/DSC00520-copia-1024x683.jpg 1024w, https:\/\/colegiomontessori.cl\/wp2\/wp-content\/uploads\/2024\/05\/DSC00520-copia-300x200.jpg 300w, https:\/\/colegiomontessori.cl\/wp2\/wp-content\/uploads\/2024\/05\/DSC00520-copia-768x512.jpg 768w, https:\/\/colegiomontessori.cl\/wp2\/wp-content\/uploads\/2024\/05\/DSC00520-copia-1536x1024.jpg 1536w, https:\/\/colegiomontessori.cl\/wp2\/wp-content\/uploads\/2024\/05\/DSC00520-copia-2048x1365.jpg 2048w\" sizes=\"auto, (max-width: 1024px) 100vw, 1024px\" \/><\/a><\/figure>\n\n\n\n<figure class=\"wp-block-image size-large\"><a href=\"https:\/\/colegiomontessori.cl\/wp2\/wp-content\/uploads\/2024\/05\/DSC00562-copia-scaled.jpg\"><img loading=\"lazy\" decoding=\"async\" width=\"1024\" height=\"683\" data-id=\"22451\" src=\"https:\/\/colegiomontessori.cl\/wp2\/wp-content\/uploads\/2024\/05\/DSC00562-copia-1024x683.jpg\" alt=\"\" class=\"wp-image-22451\" srcset=\"https:\/\/colegiomontessori.cl\/wp2\/wp-content\/uploads\/2024\/05\/DSC00562-copia-1024x683.jpg 1024w, https:\/\/colegiomontessori.cl\/wp2\/wp-content\/uploads\/2024\/05\/DSC00562-copia-300x200.jpg 300w, https:\/\/colegiomontessori.cl\/wp2\/wp-content\/uploads\/2024\/05\/DSC00562-copia-768x512.jpg 768w, https:\/\/colegiomontessori.cl\/wp2\/wp-content\/uploads\/2024\/05\/DSC00562-copia-1536x1024.jpg 1536w, https:\/\/colegiomontessori.cl\/wp2\/wp-content\/uploads\/2024\/05\/DSC00562-copia-2048x1365.jpg 2048w\" sizes=\"auto, (max-width: 1024px) 100vw, 1024px\" \/><\/a><\/figure>\n\n\n\n<figure class=\"wp-block-image size-large\"><a href=\"https:\/\/colegiomontessori.cl\/wp2\/wp-content\/uploads\/2024\/05\/DSC00513-copia-scaled.jpg\"><img loading=\"lazy\" decoding=\"async\" width=\"1024\" height=\"683\" data-id=\"22448\" src=\"https:\/\/colegiomontessori.cl\/wp2\/wp-content\/uploads\/2024\/05\/DSC00513-copia-1024x683.jpg\" alt=\"\" class=\"wp-image-22448\" srcset=\"https:\/\/colegiomontessori.cl\/wp2\/wp-content\/uploads\/2024\/05\/DSC00513-copia-1024x683.jpg 1024w, https:\/\/colegiomontessori.cl\/wp2\/wp-content\/uploads\/2024\/05\/DSC00513-copia-300x200.jpg 300w, https:\/\/colegiomontessori.cl\/wp2\/wp-content\/uploads\/2024\/05\/DSC00513-copia-768x512.jpg 768w, https:\/\/colegiomontessori.cl\/wp2\/wp-content\/uploads\/2024\/05\/DSC00513-copia-1536x1024.jpg 1536w, https:\/\/colegiomontessori.cl\/wp2\/wp-content\/uploads\/2024\/05\/DSC00513-copia-2048x1365.jpg 2048w\" sizes=\"auto, (max-width: 1024px) 100vw, 1024px\" \/><\/a><\/figure>\n\n\n\n<figure class=\"wp-block-image size-large\"><a href=\"https:\/\/colegiomontessori.cl\/wp2\/wp-content\/uploads\/2024\/05\/DSC09814-copia-scaled.jpg\"><img loading=\"lazy\" decoding=\"async\" width=\"1024\" height=\"683\" data-id=\"22445\" src=\"https:\/\/colegiomontessori.cl\/wp2\/wp-content\/uploads\/2024\/05\/DSC09814-copia-1024x683.jpg\" alt=\"\" class=\"wp-image-22445\" srcset=\"https:\/\/colegiomontessori.cl\/wp2\/wp-content\/uploads\/2024\/05\/DSC09814-copia-1024x683.jpg 1024w, https:\/\/colegiomontessori.cl\/wp2\/wp-content\/uploads\/2024\/05\/DSC09814-copia-300x200.jpg 300w, https:\/\/colegiomontessori.cl\/wp2\/wp-content\/uploads\/2024\/05\/DSC09814-copia-768x512.jpg 768w, https:\/\/colegiomontessori.cl\/wp2\/wp-content\/uploads\/2024\/05\/DSC09814-copia-1536x1024.jpg 1536w, https:\/\/colegiomontessori.cl\/wp2\/wp-content\/uploads\/2024\/05\/DSC09814-copia-2048x1365.jpg 2048w\" sizes=\"auto, (max-width: 1024px) 100vw, 1024px\" \/><\/a><\/figure>\n\n\n\n<figure class=\"wp-block-image size-large\"><a href=\"https:\/\/colegiomontessori.cl\/wp2\/wp-content\/uploads\/2024\/05\/DSC09817-copia-scaled.jpg\"><img loading=\"lazy\" decoding=\"async\" width=\"1024\" height=\"683\" data-id=\"22446\" src=\"https:\/\/colegiomontessori.cl\/wp2\/wp-content\/uploads\/2024\/05\/DSC09817-copia-1024x683.jpg\" alt=\"\" class=\"wp-image-22446\" srcset=\"https:\/\/colegiomontessori.cl\/wp2\/wp-content\/uploads\/2024\/05\/DSC09817-copia-1024x683.jpg 1024w, https:\/\/colegiomontessori.cl\/wp2\/wp-content\/uploads\/2024\/05\/DSC09817-copia-300x200.jpg 300w, https:\/\/colegiomontessori.cl\/wp2\/wp-content\/uploads\/2024\/05\/DSC09817-copia-768x512.jpg 768w, https:\/\/colegiomontessori.cl\/wp2\/wp-content\/uploads\/2024\/05\/DSC09817-copia-1536x1024.jpg 1536w, https:\/\/colegiomontessori.cl\/wp2\/wp-content\/uploads\/2024\/05\/DSC09817-copia-2048x1365.jpg 2048w\" sizes=\"auto, (max-width: 1024px) 100vw, 1024px\" \/><\/a><\/figure>\n\n\n\n<figure class=\"wp-block-image size-large\"><a href=\"https:\/\/colegiomontessori.cl\/wp2\/wp-content\/uploads\/2024\/05\/DSC09799-copia-scaled.jpg\"><img loading=\"lazy\" decoding=\"async\" width=\"1024\" height=\"683\" data-id=\"22444\" src=\"https:\/\/colegiomontessori.cl\/wp2\/wp-content\/uploads\/2024\/05\/DSC09799-copia-1024x683.jpg\" alt=\"\" class=\"wp-image-22444\" srcset=\"https:\/\/colegiomontessori.cl\/wp2\/wp-content\/uploads\/2024\/05\/DSC09799-copia-1024x683.jpg 1024w, https:\/\/colegiomontessori.cl\/wp2\/wp-content\/uploads\/2024\/05\/DSC09799-copia-300x200.jpg 300w, https:\/\/colegiomontessori.cl\/wp2\/wp-content\/uploads\/2024\/05\/DSC09799-copia-768x512.jpg 768w, https:\/\/colegiomontessori.cl\/wp2\/wp-content\/uploads\/2024\/05\/DSC09799-copia-1536x1024.jpg 1536w, https:\/\/colegiomontessori.cl\/wp2\/wp-content\/uploads\/2024\/05\/DSC09799-copia-2048x1365.jpg 2048w\" sizes=\"auto, (max-width: 1024px) 100vw, 1024px\" \/><\/a><\/figure>\n<\/figure>\n\n\n\n<p><\/p>\n","protected":false},"excerpt":{"rendered":"<p>Un total de 15 sesiones desde mayo a noviembre es la duraci\u00f3n del Programa de L\u00edderes Educativos que se encuentra desarrollando Coordinaci\u00f3n Acad\u00e9mica Jornada Ma\u00f1ana a cargo de la profesora Marcela Gonz\u00e1lez, dirigido a estudiantes de las directivas de curso de 7\u00b0 b\u00e1sico a 4\u00b0 medio, junto a representantes del nuevo Centro de Alumnos. Audio. &hellip;<\/p>\n<p class=\"read-more\"> <a class=\"\" href=\"https:\/\/colegiomontessori.cl\/wp2\/2024\/05\/09\/programa-educativo-de-coordinacion-academica-convoca-a-jovenes-lideres-de-ensenanza-media\/\"> <span class=\"screen-reader-text\">Programa educativo de Coordinaci\u00f3n Acad\u00e9mica convoca a j\u00f3venes l\u00edderes de Ense\u00f1anza Media<\/span> Leer m\u00e1s &raquo;<\/a><\/p>\n","protected":false},"author":2,"featured_media":22447,"comment_status":"closed","ping_status":"open","sticky":false,"template":"","format":"standard","meta":{"footnotes":""},"categories":[21,1],"tags":[],"class_list":["post-22441","post","type-post","status-publish","format-standard","has-post-thumbnail","hentry","category-area-academica","category-uncategorized"],"_links":{"self":[{"href":"https:\/\/colegiomontessori.cl\/wp2\/wp-json\/wp\/v2\/posts\/22441","targetHints":{"allow":["GET"]}}],"collection":[{"href":"https:\/\/colegiomontessori.cl\/wp2\/wp-json\/wp\/v2\/posts"}],"about":[{"href":"https:\/\/colegiomontessori.cl\/wp2\/wp-json\/wp\/v2\/types\/post"}],"author":[{"embeddable":true,"href":"https:\/\/colegiomontessori.cl\/wp2\/wp-json\/wp\/v2\/users\/2"}],"replies":[{"embeddable":true,"href":"https:\/\/colegiomontessori.cl\/wp2\/wp-json\/wp\/v2\/comments?post=22441"}],"version-history":[{"count":5,"href":"https:\/\/colegiomontessori.cl\/wp2\/wp-json\/wp\/v2\/posts\/22441\/revisions"}],"predecessor-version":[{"id":22456,"href":"https:\/\/colegiomontessori.cl\/wp2\/wp-json\/wp\/v2\/posts\/22441\/revisions\/22456"}],"wp:featuredmedia":[{"embeddable":true,"href":"https:\/\/colegiomontessori.cl\/wp2\/wp-json\/wp\/v2\/media\/22447"}],"wp:attachment":[{"href":"https:\/\/colegiomontessori.cl\/wp2\/wp-json\/wp\/v2\/media?parent=22441"}],"wp:term":[{"taxonomy":"category","embeddable":true,"href":"https:\/\/colegiomontessori.cl\/wp2\/wp-json\/wp\/v2\/categories?post=22441"},{"taxonomy":"post_tag","embeddable":true,"href":"https:\/\/colegiomontessori.cl\/wp2\/wp-json\/wp\/v2\/tags?post=22441"}],"curies":[{"name":"wp","href":"https:\/\/api.w.org\/{rel}","templated":true}]}}