{"id":24453,"date":"2024-09-12T10:47:09","date_gmt":"2024-09-12T13:47:09","guid":{"rendered":"https:\/\/colegiomontessori.cl\/wp2\/?p=24453"},"modified":"2024-09-12T10:49:17","modified_gmt":"2024-09-12T13:49:17","slug":"prevencion-del-suicidio-junto-a-convivencia-escolar-y-nuestros-apoderados","status":"publish","type":"post","link":"https:\/\/colegiomontessori.cl\/wp2\/2024\/09\/12\/prevencion-del-suicidio-junto-a-convivencia-escolar-y-nuestros-apoderados\/","title":{"rendered":"Conmemorando el D\u00eda para la Prevenci\u00f3n del Suicidio junto a Convivencia Escolar y nuestros Apoderados"},"content":{"rendered":"\n<p>El d\u00eda martes de esta semana vivimos una hermosa y significativa jornada a cargo del equipo de Convivencia Escolar en el marco del D\u00eda Mundial para la Prevenci\u00f3n del Suicidio (10 de Septiembre).<\/p>\n\n\n\n<figure class=\"wp-block-gallery has-nested-images columns-2 is-cropped wp-block-gallery-1 is-layout-flex wp-block-gallery-is-layout-flex\">\n<figure class=\"wp-block-image size-full\"><a href=\"https:\/\/colegiomontessori.cl\/wp2\/wp-content\/uploads\/2024\/09\/prevencion-suicidio-12.jpeg\"><img loading=\"lazy\" decoding=\"async\" width=\"1080\" height=\"1234\" data-id=\"24466\" src=\"https:\/\/colegiomontessori.cl\/wp2\/wp-content\/uploads\/2024\/09\/prevencion-suicidio-12.jpeg\" alt=\"\" class=\"wp-image-24466\" srcset=\"https:\/\/colegiomontessori.cl\/wp2\/wp-content\/uploads\/2024\/09\/prevencion-suicidio-12.jpeg 1080w, https:\/\/colegiomontessori.cl\/wp2\/wp-content\/uploads\/2024\/09\/prevencion-suicidio-12-263x300.jpeg 263w, https:\/\/colegiomontessori.cl\/wp2\/wp-content\/uploads\/2024\/09\/prevencion-suicidio-12-896x1024.jpeg 896w, https:\/\/colegiomontessori.cl\/wp2\/wp-content\/uploads\/2024\/09\/prevencion-suicidio-12-768x878.jpeg 768w\" sizes=\"auto, (max-width: 1080px) 100vw, 1080px\" \/><\/a><\/figure>\n\n\n\n<figure class=\"wp-block-image size-full\"><a href=\"https:\/\/colegiomontessori.cl\/wp2\/wp-content\/uploads\/2024\/09\/prevencion-suicidio-4-scaled.jpg\"><img loading=\"lazy\" decoding=\"async\" width=\"2560\" height=\"1707\" data-id=\"24457\" src=\"https:\/\/colegiomontessori.cl\/wp2\/wp-content\/uploads\/2024\/09\/prevencion-suicidio-4-scaled.jpg\" alt=\"\" class=\"wp-image-24457\" srcset=\"https:\/\/colegiomontessori.cl\/wp2\/wp-content\/uploads\/2024\/09\/prevencion-suicidio-4-scaled.jpg 2560w, https:\/\/colegiomontessori.cl\/wp2\/wp-content\/uploads\/2024\/09\/prevencion-suicidio-4-300x200.jpg 300w, https:\/\/colegiomontessori.cl\/wp2\/wp-content\/uploads\/2024\/09\/prevencion-suicidio-4-1024x683.jpg 1024w, https:\/\/colegiomontessori.cl\/wp2\/wp-content\/uploads\/2024\/09\/prevencion-suicidio-4-768x512.jpg 768w, https:\/\/colegiomontessori.cl\/wp2\/wp-content\/uploads\/2024\/09\/prevencion-suicidio-4-1536x1024.jpg 1536w, https:\/\/colegiomontessori.cl\/wp2\/wp-content\/uploads\/2024\/09\/prevencion-suicidio-4-2048x1365.jpg 2048w\" sizes=\"auto, (max-width: 2560px) 100vw, 2560px\" \/><\/a><\/figure>\n\n\n\n<figure class=\"wp-block-image size-full\"><a href=\"https:\/\/colegiomontessori.cl\/wp2\/wp-content\/uploads\/2024\/09\/prevencion-suicidio-11.jpeg\"><img loading=\"lazy\" decoding=\"async\" width=\"960\" height=\"1097\" data-id=\"24467\" src=\"https:\/\/colegiomontessori.cl\/wp2\/wp-content\/uploads\/2024\/09\/prevencion-suicidio-11.jpeg\" alt=\"\" class=\"wp-image-24467\" srcset=\"https:\/\/colegiomontessori.cl\/wp2\/wp-content\/uploads\/2024\/09\/prevencion-suicidio-11.jpeg 960w, https:\/\/colegiomontessori.cl\/wp2\/wp-content\/uploads\/2024\/09\/prevencion-suicidio-11-263x300.jpeg 263w, https:\/\/colegiomontessori.cl\/wp2\/wp-content\/uploads\/2024\/09\/prevencion-suicidio-11-896x1024.jpeg 896w, https:\/\/colegiomontessori.cl\/wp2\/wp-content\/uploads\/2024\/09\/prevencion-suicidio-11-768x878.jpeg 768w\" sizes=\"auto, (max-width: 960px) 100vw, 960px\" \/><\/a><\/figure>\n<\/figure>\n\n\n\n<p>En un ambiente de reflexi\u00f3n, apoderados y estudiantes se sumaron a la conmemoraci\u00f3n de esta efem\u00e9ride internacional con pancartas y abrazos junto a mensajes de amor y autocuidado para la comunidad educativa, con el fin de abordar esta tem\u00e1tica que nos afecta como sociedad, espec\u00edficamente a nuestros j\u00f3venes.<\/p>\n\n\n\n<figure class=\"wp-block-gallery has-nested-images columns-2 is-cropped wp-block-gallery-2 is-layout-flex wp-block-gallery-is-layout-flex\">\n<figure class=\"wp-block-image size-full\"><a href=\"https:\/\/colegiomontessori.cl\/wp2\/wp-content\/uploads\/2024\/09\/prevencion-suicidio-2-scaled.jpg\"><img loading=\"lazy\" decoding=\"async\" width=\"2560\" height=\"1707\" data-id=\"24455\" src=\"https:\/\/colegiomontessori.cl\/wp2\/wp-content\/uploads\/2024\/09\/prevencion-suicidio-2-scaled.jpg\" alt=\"\" class=\"wp-image-24455\" srcset=\"https:\/\/colegiomontessori.cl\/wp2\/wp-content\/uploads\/2024\/09\/prevencion-suicidio-2-scaled.jpg 2560w, https:\/\/colegiomontessori.cl\/wp2\/wp-content\/uploads\/2024\/09\/prevencion-suicidio-2-300x200.jpg 300w, https:\/\/colegiomontessori.cl\/wp2\/wp-content\/uploads\/2024\/09\/prevencion-suicidio-2-1024x683.jpg 1024w, https:\/\/colegiomontessori.cl\/wp2\/wp-content\/uploads\/2024\/09\/prevencion-suicidio-2-768x512.jpg 768w, https:\/\/colegiomontessori.cl\/wp2\/wp-content\/uploads\/2024\/09\/prevencion-suicidio-2-1536x1024.jpg 1536w, https:\/\/colegiomontessori.cl\/wp2\/wp-content\/uploads\/2024\/09\/prevencion-suicidio-2-2048x1365.jpg 2048w\" sizes=\"auto, (max-width: 2560px) 100vw, 2560px\" \/><\/a><\/figure>\n\n\n\n<figure class=\"wp-block-image size-full\"><a href=\"https:\/\/colegiomontessori.cl\/wp2\/wp-content\/uploads\/2024\/09\/prevencion-suicidio-7-scaled.jpg\"><img loading=\"lazy\" decoding=\"async\" width=\"2560\" height=\"1707\" data-id=\"24460\" src=\"https:\/\/colegiomontessori.cl\/wp2\/wp-content\/uploads\/2024\/09\/prevencion-suicidio-7-scaled.jpg\" alt=\"\" class=\"wp-image-24460\" srcset=\"https:\/\/colegiomontessori.cl\/wp2\/wp-content\/uploads\/2024\/09\/prevencion-suicidio-7-scaled.jpg 2560w, https:\/\/colegiomontessori.cl\/wp2\/wp-content\/uploads\/2024\/09\/prevencion-suicidio-7-300x200.jpg 300w, https:\/\/colegiomontessori.cl\/wp2\/wp-content\/uploads\/2024\/09\/prevencion-suicidio-7-1024x683.jpg 1024w, https:\/\/colegiomontessori.cl\/wp2\/wp-content\/uploads\/2024\/09\/prevencion-suicidio-7-768x512.jpg 768w, https:\/\/colegiomontessori.cl\/wp2\/wp-content\/uploads\/2024\/09\/prevencion-suicidio-7-1536x1024.jpg 1536w, https:\/\/colegiomontessori.cl\/wp2\/wp-content\/uploads\/2024\/09\/prevencion-suicidio-7-2048x1365.jpg 2048w\" sizes=\"auto, (max-width: 2560px) 100vw, 2560px\" \/><\/a><\/figure>\n\n\n\n<figure class=\"wp-block-image size-full\"><a href=\"https:\/\/colegiomontessori.cl\/wp2\/wp-content\/uploads\/2024\/09\/prevencion-suicidio-9-scaled.jpg\"><img loading=\"lazy\" decoding=\"async\" width=\"2560\" height=\"1707\" data-id=\"24462\" src=\"https:\/\/colegiomontessori.cl\/wp2\/wp-content\/uploads\/2024\/09\/prevencion-suicidio-9-scaled.jpg\" alt=\"\" class=\"wp-image-24462\" srcset=\"https:\/\/colegiomontessori.cl\/wp2\/wp-content\/uploads\/2024\/09\/prevencion-suicidio-9-scaled.jpg 2560w, https:\/\/colegiomontessori.cl\/wp2\/wp-content\/uploads\/2024\/09\/prevencion-suicidio-9-300x200.jpg 300w, https:\/\/colegiomontessori.cl\/wp2\/wp-content\/uploads\/2024\/09\/prevencion-suicidio-9-1024x683.jpg 1024w, https:\/\/colegiomontessori.cl\/wp2\/wp-content\/uploads\/2024\/09\/prevencion-suicidio-9-768x512.jpg 768w, https:\/\/colegiomontessori.cl\/wp2\/wp-content\/uploads\/2024\/09\/prevencion-suicidio-9-1536x1024.jpg 1536w, https:\/\/colegiomontessori.cl\/wp2\/wp-content\/uploads\/2024\/09\/prevencion-suicidio-9-2048x1365.jpg 2048w\" sizes=\"auto, (max-width: 2560px) 100vw, 2560px\" \/><\/a><\/figure>\n\n\n\n<figure class=\"wp-block-image size-full\"><a href=\"https:\/\/colegiomontessori.cl\/wp2\/wp-content\/uploads\/2024\/09\/prevencion-suicidio-5-scaled.jpg\"><img loading=\"lazy\" decoding=\"async\" width=\"2560\" height=\"1707\" data-id=\"24458\" src=\"https:\/\/colegiomontessori.cl\/wp2\/wp-content\/uploads\/2024\/09\/prevencion-suicidio-5-scaled.jpg\" alt=\"\" class=\"wp-image-24458\" srcset=\"https:\/\/colegiomontessori.cl\/wp2\/wp-content\/uploads\/2024\/09\/prevencion-suicidio-5-scaled.jpg 2560w, https:\/\/colegiomontessori.cl\/wp2\/wp-content\/uploads\/2024\/09\/prevencion-suicidio-5-300x200.jpg 300w, https:\/\/colegiomontessori.cl\/wp2\/wp-content\/uploads\/2024\/09\/prevencion-suicidio-5-1024x683.jpg 1024w, https:\/\/colegiomontessori.cl\/wp2\/wp-content\/uploads\/2024\/09\/prevencion-suicidio-5-768x512.jpg 768w, https:\/\/colegiomontessori.cl\/wp2\/wp-content\/uploads\/2024\/09\/prevencion-suicidio-5-1536x1024.jpg 1536w, https:\/\/colegiomontessori.cl\/wp2\/wp-content\/uploads\/2024\/09\/prevencion-suicidio-5-2048x1365.jpg 2048w\" sizes=\"auto, (max-width: 2560px) 100vw, 2560px\" \/><\/a><\/figure>\n\n\n\n<figure class=\"wp-block-image size-full\"><a href=\"https:\/\/colegiomontessori.cl\/wp2\/wp-content\/uploads\/2024\/09\/prevencion-suicidio-6-scaled.jpg\"><img loading=\"lazy\" decoding=\"async\" width=\"2560\" height=\"1707\" data-id=\"24459\" src=\"https:\/\/colegiomontessori.cl\/wp2\/wp-content\/uploads\/2024\/09\/prevencion-suicidio-6-scaled.jpg\" alt=\"\" class=\"wp-image-24459\" srcset=\"https:\/\/colegiomontessori.cl\/wp2\/wp-content\/uploads\/2024\/09\/prevencion-suicidio-6-scaled.jpg 2560w, https:\/\/colegiomontessori.cl\/wp2\/wp-content\/uploads\/2024\/09\/prevencion-suicidio-6-300x200.jpg 300w, https:\/\/colegiomontessori.cl\/wp2\/wp-content\/uploads\/2024\/09\/prevencion-suicidio-6-1024x683.jpg 1024w, https:\/\/colegiomontessori.cl\/wp2\/wp-content\/uploads\/2024\/09\/prevencion-suicidio-6-768x512.jpg 768w, https:\/\/colegiomontessori.cl\/wp2\/wp-content\/uploads\/2024\/09\/prevencion-suicidio-6-1536x1024.jpg 1536w, https:\/\/colegiomontessori.cl\/wp2\/wp-content\/uploads\/2024\/09\/prevencion-suicidio-6-2048x1365.jpg 2048w\" sizes=\"auto, (max-width: 2560px) 100vw, 2560px\" \/><\/a><\/figure>\n\n\n\n<figure class=\"wp-block-image size-full\"><a href=\"https:\/\/colegiomontessori.cl\/wp2\/wp-content\/uploads\/2024\/09\/prevencion-suicidio-8-scaled.jpg\"><img loading=\"lazy\" decoding=\"async\" width=\"2560\" height=\"1707\" data-id=\"24461\" src=\"https:\/\/colegiomontessori.cl\/wp2\/wp-content\/uploads\/2024\/09\/prevencion-suicidio-8-scaled.jpg\" alt=\"\" class=\"wp-image-24461\" srcset=\"https:\/\/colegiomontessori.cl\/wp2\/wp-content\/uploads\/2024\/09\/prevencion-suicidio-8-scaled.jpg 2560w, https:\/\/colegiomontessori.cl\/wp2\/wp-content\/uploads\/2024\/09\/prevencion-suicidio-8-300x200.jpg 300w, https:\/\/colegiomontessori.cl\/wp2\/wp-content\/uploads\/2024\/09\/prevencion-suicidio-8-1024x683.jpg 1024w, https:\/\/colegiomontessori.cl\/wp2\/wp-content\/uploads\/2024\/09\/prevencion-suicidio-8-768x512.jpg 768w, https:\/\/colegiomontessori.cl\/wp2\/wp-content\/uploads\/2024\/09\/prevencion-suicidio-8-1536x1024.jpg 1536w, https:\/\/colegiomontessori.cl\/wp2\/wp-content\/uploads\/2024\/09\/prevencion-suicidio-8-2048x1365.jpg 2048w\" sizes=\"auto, (max-width: 2560px) 100vw, 2560px\" \/><\/a><\/figure>\n<\/figure>\n\n\n\n<p><strong>El rol de los Padres<\/strong><\/p>\n\n\n\n<p>Los padres jugamos un papel fundamental en la prevenci\u00f3n del suicidio. Mantener una comunicaci\u00f3n abierta y sincera con nuestros hijos, mostrarles nuestro apoyo incondicional y estar atentos a cualquier cambio en su comportamiento, son medidas preventivas claves.<\/p>\n\n\n\n<p>No siempre es f\u00e1cil detectar cuando alguien est\u00e1 pensando en hacerse da\u00f1o, pero hay se\u00f1ales que pueden alertarnos, como por ejemplo:<\/p>\n\n\n\n<ul class=\"wp-block-list\">\n<li>Aislamiento social.<\/li>\n\n\n\n<li>Cambios en el apetito y el sue\u00f1o.<\/li>\n\n\n\n<li>P\u00e9rdida de inter\u00e9s en actividades que antes disfrutaba.<\/li>\n\n\n\n<li>Hablar de muerte o suicidio.<\/li>\n\n\n\n<li>Autolesiones.<\/li>\n\n\n\n<li>Cambios en el comportamiento, como mayor irritabilidad o impulsividad.<\/li>\n<\/ul>\n\n\n\n<p>Si t\u00fa o alguien que conoces necesita ayuda, no dudes en buscarla, juntos podemos crear un entorno m\u00e1s seguro y saludable para todos.<\/p>\n\n\n\n<figure class=\"wp-block-gallery has-nested-images columns-default is-cropped wp-block-gallery-3 is-layout-flex wp-block-gallery-is-layout-flex\">\n<figure class=\"wp-block-image size-large\"><img loading=\"lazy\" decoding=\"async\" width=\"1024\" height=\"683\" data-id=\"24456\" src=\"https:\/\/colegiomontessori.cl\/wp2\/wp-content\/uploads\/2024\/09\/prevencion-suicidio-3-1024x683.jpg\" alt=\"\" class=\"wp-image-24456\" srcset=\"https:\/\/colegiomontessori.cl\/wp2\/wp-content\/uploads\/2024\/09\/prevencion-suicidio-3-1024x683.jpg 1024w, https:\/\/colegiomontessori.cl\/wp2\/wp-content\/uploads\/2024\/09\/prevencion-suicidio-3-300x200.jpg 300w, https:\/\/colegiomontessori.cl\/wp2\/wp-content\/uploads\/2024\/09\/prevencion-suicidio-3-768x512.jpg 768w, https:\/\/colegiomontessori.cl\/wp2\/wp-content\/uploads\/2024\/09\/prevencion-suicidio-3-1536x1024.jpg 1536w, https:\/\/colegiomontessori.cl\/wp2\/wp-content\/uploads\/2024\/09\/prevencion-suicidio-3-2048x1365.jpg 2048w\" sizes=\"auto, (max-width: 1024px) 100vw, 1024px\" \/><\/figure>\n<\/figure>\n","protected":false},"excerpt":{"rendered":"<p>El d\u00eda martes de esta semana vivimos una hermosa y significativa jornada a cargo del equipo de Convivencia Escolar en el marco del D\u00eda Mundial para la Prevenci\u00f3n del Suicidio (10 de Septiembre). En un ambiente de reflexi\u00f3n, apoderados y estudiantes se sumaron a la conmemoraci\u00f3n de esta efem\u00e9ride internacional con pancartas y abrazos junto &hellip;<\/p>\n<p class=\"read-more\"> <a class=\"\" href=\"https:\/\/colegiomontessori.cl\/wp2\/2024\/09\/12\/prevencion-del-suicidio-junto-a-convivencia-escolar-y-nuestros-apoderados\/\"> <span class=\"screen-reader-text\">Conmemorando el D\u00eda para la Prevenci\u00f3n del Suicidio junto a Convivencia Escolar y nuestros Apoderados<\/span> Leer m\u00e1s &raquo;<\/a><\/p>\n","protected":false},"author":2,"featured_media":24454,"comment_status":"open","ping_status":"open","sticky":false,"template":"","format":"standard","meta":{"footnotes":""},"categories":[25,22],"tags":[],"class_list":["post-24453","post","type-post","status-publish","format-standard","has-post-thumbnail","hentry","category-apoderados","category-convivencia-escolar"],"_links":{"self":[{"href":"https:\/\/colegiomontessori.cl\/wp2\/wp-json\/wp\/v2\/posts\/24453","targetHints":{"allow":["GET"]}}],"collection":[{"href":"https:\/\/colegiomontessori.cl\/wp2\/wp-json\/wp\/v2\/posts"}],"about":[{"href":"https:\/\/colegiomontessori.cl\/wp2\/wp-json\/wp\/v2\/types\/post"}],"author":[{"embeddable":true,"href":"https:\/\/colegiomontessori.cl\/wp2\/wp-json\/wp\/v2\/users\/2"}],"replies":[{"embeddable":true,"href":"https:\/\/colegiomontessori.cl\/wp2\/wp-json\/wp\/v2\/comments?post=24453"}],"version-history":[{"count":4,"href":"https:\/\/colegiomontessori.cl\/wp2\/wp-json\/wp\/v2\/posts\/24453\/revisions"}],"predecessor-version":[{"id":24471,"href":"https:\/\/colegiomontessori.cl\/wp2\/wp-json\/wp\/v2\/posts\/24453\/revisions\/24471"}],"wp:featuredmedia":[{"embeddable":true,"href":"https:\/\/colegiomontessori.cl\/wp2\/wp-json\/wp\/v2\/media\/24454"}],"wp:attachment":[{"href":"https:\/\/colegiomontessori.cl\/wp2\/wp-json\/wp\/v2\/media?parent=24453"}],"wp:term":[{"taxonomy":"category","embeddable":true,"href":"https:\/\/colegiomontessori.cl\/wp2\/wp-json\/wp\/v2\/categories?post=24453"},{"taxonomy":"post_tag","embeddable":true,"href":"https:\/\/colegiomontessori.cl\/wp2\/wp-json\/wp\/v2\/tags?post=24453"}],"curies":[{"name":"wp","href":"https:\/\/api.w.org\/{rel}","templated":true}]}}