{"id":26285,"date":"2025-03-11T11:12:21","date_gmt":"2025-03-11T14:12:21","guid":{"rendered":"https:\/\/colegiomontessori.cl\/wp2\/?p=26285"},"modified":"2025-03-17T10:34:07","modified_gmt":"2025-03-17T13:34:07","slug":"autoridades-ambientales-invitan-a-participar-de-la-corrida-del-agua-2025","status":"publish","type":"post","link":"https:\/\/colegiomontessori.cl\/wp2\/2025\/03\/11\/autoridades-ambientales-invitan-a-participar-de-la-corrida-del-agua-2025\/","title":{"rendered":"Autoridades ambientales invitan a participar de la Corrida por el Agua 2025"},"content":{"rendered":"\n<p>Invitados por Convivencia Escolar y Medio Ambiente recibimos la visita de autoridades regionales medioambientales, quienes llegaron hasta nuestro colegio para promover la participaci\u00f3n de los estudiantes de ense\u00f1anza media en la Corrida por el Agua 2025, evento deportivo organizado por la Comisi\u00f3n Nacional de Riego (CNR) del Ministerio de Agricultura en el marco de una nueva celebraci\u00f3n del D\u00eda Mundial del Agua.<\/p>\n\n\n\n<figure class=\"wp-block-image size-full\"><img loading=\"lazy\" decoding=\"async\" width=\"1978\" height=\"2560\" src=\"https:\/\/colegiomontessori.cl\/wp2\/wp-content\/uploads\/2025\/03\/Afiche-corre-por-el-agua-2025-nuevo-scaled.jpg\" alt=\"\" class=\"wp-image-26302\" srcset=\"https:\/\/colegiomontessori.cl\/wp2\/wp-content\/uploads\/2025\/03\/Afiche-corre-por-el-agua-2025-nuevo-scaled.jpg 1978w, https:\/\/colegiomontessori.cl\/wp2\/wp-content\/uploads\/2025\/03\/Afiche-corre-por-el-agua-2025-nuevo-232x300.jpg 232w, https:\/\/colegiomontessori.cl\/wp2\/wp-content\/uploads\/2025\/03\/Afiche-corre-por-el-agua-2025-nuevo-791x1024.jpg 791w, https:\/\/colegiomontessori.cl\/wp2\/wp-content\/uploads\/2025\/03\/Afiche-corre-por-el-agua-2025-nuevo-768x994.jpg 768w, https:\/\/colegiomontessori.cl\/wp2\/wp-content\/uploads\/2025\/03\/Afiche-corre-por-el-agua-2025-nuevo-1187x1536.jpg 1187w, https:\/\/colegiomontessori.cl\/wp2\/wp-content\/uploads\/2025\/03\/Afiche-corre-por-el-agua-2025-nuevo-1583x2048.jpg 1583w\" sizes=\"auto, (max-width: 1978px) 100vw, 1978px\" \/><\/figure>\n\n\n\n<p>Durante su visita Karina L\u00f3pez, Directora Regional CNR; Felix Contreras, Seremi de Medio Ambiente; y Roger Ancamil, Seremi de Deportes, destacaron la activa participaci\u00f3n de nuestro establecimiento en versiones anteriores de la carrera, reiterando la invitaci\u00f3n a todos los estudiantes de 5\u00b0 b\u00e1sico a IV\u00b0 Medio a unirse a esta acci\u00f3n.<\/p>\n\n\n\n<p>La instancia busca promover el cuidado y la protecci\u00f3n del Recurso H\u00eddrico, a trav\u00e9s de una corrida por las calles c\u00e9ntricas de Temuco sensibilizando con ellos a la ciudadan\u00eda de la importancia de conservar y hacer buen uso de este recurso.&nbsp;Pueden participar alumnos en la corrida y tambi\u00e9n alumnos&nbsp;exhibiendo carteles alusivos al D\u00eda Mundial del Agua, en el contexto de la importancia de la conservaci\u00f3n de los glaciares.<\/p>\n\n\n\n<p><em>El lema del D\u00eda Mundial del Agua 2025 es \u00ab<\/em><strong><em>Conservaci\u00f3n de los glaciares<\/em><\/strong><em>\u00ab.<\/em><\/p>\n\n\n\n<p><em>Los glaciares son esenciales para la vida: su agua de deshielo es vital para disponer de agua potable y para usos agr\u00edcolas, industriales y de producci\u00f3n de energ\u00eda limpia, adem\u00e1s de ser esencial para la salud de los ecosistemas. En este D\u00eda Mundial del Agua, debemos trabajar juntos para que la conservaci\u00f3n de los glaciares se convierta en uno de los ejes de nuestros planes para hacer frente al cambio clim\u00e1tico y a la crisis mundial del agua.<\/em><\/p>\n\n\n\n<p><strong>La Corrida por el Agua 2025 se realizar\u00e1 el d\u00eda viernes 21 de marzo a las 09:30 horas y el punto de encuentro ser\u00e1 el Anfiteatro del Parque Isla Caut\u00edn de Temuco.<\/strong><\/p>\n\n\n\n<figure class=\"wp-block-gallery has-nested-images columns-1 is-cropped wp-block-gallery-1 is-layout-flex wp-block-gallery-is-layout-flex\">\n<figure class=\"wp-block-image size-full\"><img loading=\"lazy\" decoding=\"async\" width=\"1024\" height=\"1041\" data-id=\"26303\" src=\"https:\/\/colegiomontessori.cl\/wp2\/wp-content\/uploads\/2025\/03\/INSCRIPCION-CORRIDA.jpg\" alt=\"\" class=\"wp-image-26303\" srcset=\"https:\/\/colegiomontessori.cl\/wp2\/wp-content\/uploads\/2025\/03\/INSCRIPCION-CORRIDA.jpg 1024w, https:\/\/colegiomontessori.cl\/wp2\/wp-content\/uploads\/2025\/03\/INSCRIPCION-CORRIDA-295x300.jpg 295w, https:\/\/colegiomontessori.cl\/wp2\/wp-content\/uploads\/2025\/03\/INSCRIPCION-CORRIDA-1007x1024.jpg 1007w, https:\/\/colegiomontessori.cl\/wp2\/wp-content\/uploads\/2025\/03\/INSCRIPCION-CORRIDA-768x781.jpg 768w\" sizes=\"auto, (max-width: 1024px) 100vw, 1024px\" \/><\/figure>\n<\/figure>\n\n\n\n<div data-wp-interactive=\"core\/file\" class=\"wp-block-file\"><object data-wp-bind--hidden=\"!state.hasPdfPreview\" hidden class=\"wp-block-file__embed\" data=\"https:\/\/colegiomontessori.cl\/wp2\/wp-content\/uploads\/2025\/03\/Bases-Corrida-por-el-Agua-Marzo-2025-v3.pdf\" type=\"application\/pdf\" style=\"width:100%;height:600px\" aria-label=\"Incrustado de Bases Corrida por el Agua - Marzo 2025 (v3).\"><\/object><a id=\"wp-block-file--media-1cad22f8-431f-414b-a01b-0d1a52d8e639\" href=\"https:\/\/colegiomontessori.cl\/wp2\/wp-content\/uploads\/2025\/03\/Bases-Corrida-por-el-Agua-Marzo-2025-v3.pdf\">Bases Corrida por el Agua &#8211; Marzo 2025 (v3)<\/a><a href=\"https:\/\/colegiomontessori.cl\/wp2\/wp-content\/uploads\/2025\/03\/Bases-Corrida-por-el-Agua-Marzo-2025-v3.pdf\" class=\"wp-block-file__button wp-element-button\" download aria-describedby=\"wp-block-file--media-1cad22f8-431f-414b-a01b-0d1a52d8e639\">Descarga<\/a><\/div>\n","protected":false},"excerpt":{"rendered":"<p>Invitados por Convivencia Escolar y Medio Ambiente recibimos la visita de autoridades regionales medioambientales, quienes llegaron hasta nuestro colegio para promover la participaci\u00f3n de los estudiantes de ense\u00f1anza media en la Corrida por el Agua 2025, evento deportivo organizado por la Comisi\u00f3n Nacional de Riego (CNR) del Ministerio de Agricultura en el marco de una &hellip;<\/p>\n<p class=\"read-more\"> <a class=\"\" href=\"https:\/\/colegiomontessori.cl\/wp2\/2025\/03\/11\/autoridades-ambientales-invitan-a-participar-de-la-corrida-del-agua-2025\/\"> <span class=\"screen-reader-text\">Autoridades ambientales invitan a participar de la Corrida por el Agua 2025<\/span> Leer m\u00e1s &raquo;<\/a><\/p>\n","protected":false},"author":2,"featured_media":26286,"comment_status":"open","ping_status":"open","sticky":false,"template":"","format":"standard","meta":{"footnotes":""},"categories":[22,47],"tags":[],"class_list":["post-26285","post","type-post","status-publish","format-standard","has-post-thumbnail","hentry","category-convivencia-escolar","category-medio-ambiente"],"_links":{"self":[{"href":"https:\/\/colegiomontessori.cl\/wp2\/wp-json\/wp\/v2\/posts\/26285","targetHints":{"allow":["GET"]}}],"collection":[{"href":"https:\/\/colegiomontessori.cl\/wp2\/wp-json\/wp\/v2\/posts"}],"about":[{"href":"https:\/\/colegiomontessori.cl\/wp2\/wp-json\/wp\/v2\/types\/post"}],"author":[{"embeddable":true,"href":"https:\/\/colegiomontessori.cl\/wp2\/wp-json\/wp\/v2\/users\/2"}],"replies":[{"embeddable":true,"href":"https:\/\/colegiomontessori.cl\/wp2\/wp-json\/wp\/v2\/comments?post=26285"}],"version-history":[{"count":6,"href":"https:\/\/colegiomontessori.cl\/wp2\/wp-json\/wp\/v2\/posts\/26285\/revisions"}],"predecessor-version":[{"id":26307,"href":"https:\/\/colegiomontessori.cl\/wp2\/wp-json\/wp\/v2\/posts\/26285\/revisions\/26307"}],"wp:featuredmedia":[{"embeddable":true,"href":"https:\/\/colegiomontessori.cl\/wp2\/wp-json\/wp\/v2\/media\/26286"}],"wp:attachment":[{"href":"https:\/\/colegiomontessori.cl\/wp2\/wp-json\/wp\/v2\/media?parent=26285"}],"wp:term":[{"taxonomy":"category","embeddable":true,"href":"https:\/\/colegiomontessori.cl\/wp2\/wp-json\/wp\/v2\/categories?post=26285"},{"taxonomy":"post_tag","embeddable":true,"href":"https:\/\/colegiomontessori.cl\/wp2\/wp-json\/wp\/v2\/tags?post=26285"}],"curies":[{"name":"wp","href":"https:\/\/api.w.org\/{rel}","templated":true}]}}