{"id":26316,"date":"2025-03-18T10:11:44","date_gmt":"2025-03-18T13:11:44","guid":{"rendered":"https:\/\/colegiomontessori.cl\/wp2\/?p=26316"},"modified":"2025-03-18T10:11:45","modified_gmt":"2025-03-18T13:11:45","slug":"dia-de-la-mujer-en-el-hogar-de-adultos-mayores-elisa-luna-de-mora","status":"publish","type":"post","link":"https:\/\/colegiomontessori.cl\/wp2\/2025\/03\/18\/dia-de-la-mujer-en-el-hogar-de-adultos-mayores-elisa-luna-de-mora\/","title":{"rendered":"D\u00eda de la Mujer en el Hogar de Adultos Mayores Elisa Luna de Mora"},"content":{"rendered":"\n<p>Con motivo de la conmemoraci\u00f3n del D\u00eda Internacional de la Mujer recibimos una invitaci\u00f3n de la Oficina de Integraci\u00f3n Comunitaria de la 2\u00b0 Comisar\u00eda de Carabineros, para acompa\u00f1ar y brindar un momento de alegr\u00eda y entretenci\u00f3n, a las abuelitas del Hogar Elisa Luna de Mora de Temuco.<\/p>\n\n\n\n<figure class=\"wp-block-gallery has-nested-images columns-default is-cropped wp-block-gallery-1 is-layout-flex wp-block-gallery-is-layout-flex\">\n<figure class=\"wp-block-image size-large\"><img loading=\"lazy\" decoding=\"async\" width=\"1024\" height=\"683\" data-id=\"26318\" src=\"https:\/\/colegiomontessori.cl\/wp2\/wp-content\/uploads\/2025\/03\/dia-mujer-2025-2-1024x683.jpg\" alt=\"\" class=\"wp-image-26318\" srcset=\"https:\/\/colegiomontessori.cl\/wp2\/wp-content\/uploads\/2025\/03\/dia-mujer-2025-2-1024x683.jpg 1024w, https:\/\/colegiomontessori.cl\/wp2\/wp-content\/uploads\/2025\/03\/dia-mujer-2025-2-300x200.jpg 300w, https:\/\/colegiomontessori.cl\/wp2\/wp-content\/uploads\/2025\/03\/dia-mujer-2025-2-768x512.jpg 768w, https:\/\/colegiomontessori.cl\/wp2\/wp-content\/uploads\/2025\/03\/dia-mujer-2025-2-1536x1024.jpg 1536w, https:\/\/colegiomontessori.cl\/wp2\/wp-content\/uploads\/2025\/03\/dia-mujer-2025-2-2048x1365.jpg 2048w\" sizes=\"auto, (max-width: 1024px) 100vw, 1024px\" \/><\/figure>\n\n\n\n<figure class=\"wp-block-image size-large\"><img loading=\"lazy\" decoding=\"async\" width=\"1024\" height=\"683\" data-id=\"26320\" src=\"https:\/\/colegiomontessori.cl\/wp2\/wp-content\/uploads\/2025\/03\/dia-mujer-2025-4-1024x683.jpg\" alt=\"\" class=\"wp-image-26320\" srcset=\"https:\/\/colegiomontessori.cl\/wp2\/wp-content\/uploads\/2025\/03\/dia-mujer-2025-4-1024x683.jpg 1024w, https:\/\/colegiomontessori.cl\/wp2\/wp-content\/uploads\/2025\/03\/dia-mujer-2025-4-300x200.jpg 300w, https:\/\/colegiomontessori.cl\/wp2\/wp-content\/uploads\/2025\/03\/dia-mujer-2025-4-768x512.jpg 768w, https:\/\/colegiomontessori.cl\/wp2\/wp-content\/uploads\/2025\/03\/dia-mujer-2025-4-1536x1024.jpg 1536w, https:\/\/colegiomontessori.cl\/wp2\/wp-content\/uploads\/2025\/03\/dia-mujer-2025-4-2048x1365.jpg 2048w\" sizes=\"auto, (max-width: 1024px) 100vw, 1024px\" \/><\/figure>\n<\/figure>\n\n\n\n<p>En representaci\u00f3n de nuestra instituci\u00f3n, asistieron nuestra Coordinadora Acad\u00e9mica de la Jornada Tarde, Profesora Paola Pinilla, junto a la estudiante de 6\u00b0A, Josefa Guti\u00e9rrez, quienes dieron una sorpresa musical a las adultos mayores de este centro de acogida.<\/p>\n\n\n\n<figure class=\"wp-block-gallery has-nested-images columns-default is-cropped wp-block-gallery-2 is-layout-flex wp-block-gallery-is-layout-flex\">\n<figure class=\"wp-block-image size-full\"><img loading=\"lazy\" decoding=\"async\" width=\"2560\" height=\"1706\" data-id=\"26317\" src=\"https:\/\/colegiomontessori.cl\/wp2\/wp-content\/uploads\/2025\/03\/dia-mujer-2025-1-scaled.jpg\" alt=\"\" class=\"wp-image-26317\" srcset=\"https:\/\/colegiomontessori.cl\/wp2\/wp-content\/uploads\/2025\/03\/dia-mujer-2025-1-scaled.jpg 2560w, https:\/\/colegiomontessori.cl\/wp2\/wp-content\/uploads\/2025\/03\/dia-mujer-2025-1-300x200.jpg 300w, https:\/\/colegiomontessori.cl\/wp2\/wp-content\/uploads\/2025\/03\/dia-mujer-2025-1-1024x682.jpg 1024w, https:\/\/colegiomontessori.cl\/wp2\/wp-content\/uploads\/2025\/03\/dia-mujer-2025-1-768x512.jpg 768w, https:\/\/colegiomontessori.cl\/wp2\/wp-content\/uploads\/2025\/03\/dia-mujer-2025-1-1536x1024.jpg 1536w, https:\/\/colegiomontessori.cl\/wp2\/wp-content\/uploads\/2025\/03\/dia-mujer-2025-1-2048x1365.jpg 2048w\" sizes=\"auto, (max-width: 2560px) 100vw, 2560px\" \/><\/figure>\n<\/figure>\n","protected":false},"excerpt":{"rendered":"<p>Con motivo de la conmemoraci\u00f3n del D\u00eda Internacional de la Mujer recibimos una invitaci\u00f3n de la Oficina de Integraci\u00f3n Comunitaria de la 2\u00b0 Comisar\u00eda de Carabineros, para acompa\u00f1ar y brindar un momento de alegr\u00eda y entretenci\u00f3n, a las abuelitas del Hogar Elisa Luna de Mora de Temuco. En representaci\u00f3n de nuestra instituci\u00f3n, asistieron nuestra Coordinadora &hellip;<\/p>\n<p class=\"read-more\"> <a class=\"\" href=\"https:\/\/colegiomontessori.cl\/wp2\/2025\/03\/18\/dia-de-la-mujer-en-el-hogar-de-adultos-mayores-elisa-luna-de-mora\/\"> <span class=\"screen-reader-text\">D\u00eda de la Mujer en el Hogar de Adultos Mayores Elisa Luna de Mora<\/span> Leer m\u00e1s &raquo;<\/a><\/p>\n","protected":false},"author":2,"featured_media":26319,"comment_status":"open","ping_status":"open","sticky":false,"template":"","format":"standard","meta":{"footnotes":""},"categories":[21],"tags":[],"class_list":["post-26316","post","type-post","status-publish","format-standard","has-post-thumbnail","hentry","category-area-academica"],"_links":{"self":[{"href":"https:\/\/colegiomontessori.cl\/wp2\/wp-json\/wp\/v2\/posts\/26316","targetHints":{"allow":["GET"]}}],"collection":[{"href":"https:\/\/colegiomontessori.cl\/wp2\/wp-json\/wp\/v2\/posts"}],"about":[{"href":"https:\/\/colegiomontessori.cl\/wp2\/wp-json\/wp\/v2\/types\/post"}],"author":[{"embeddable":true,"href":"https:\/\/colegiomontessori.cl\/wp2\/wp-json\/wp\/v2\/users\/2"}],"replies":[{"embeddable":true,"href":"https:\/\/colegiomontessori.cl\/wp2\/wp-json\/wp\/v2\/comments?post=26316"}],"version-history":[{"count":1,"href":"https:\/\/colegiomontessori.cl\/wp2\/wp-json\/wp\/v2\/posts\/26316\/revisions"}],"predecessor-version":[{"id":26321,"href":"https:\/\/colegiomontessori.cl\/wp2\/wp-json\/wp\/v2\/posts\/26316\/revisions\/26321"}],"wp:featuredmedia":[{"embeddable":true,"href":"https:\/\/colegiomontessori.cl\/wp2\/wp-json\/wp\/v2\/media\/26319"}],"wp:attachment":[{"href":"https:\/\/colegiomontessori.cl\/wp2\/wp-json\/wp\/v2\/media?parent=26316"}],"wp:term":[{"taxonomy":"category","embeddable":true,"href":"https:\/\/colegiomontessori.cl\/wp2\/wp-json\/wp\/v2\/categories?post=26316"},{"taxonomy":"post_tag","embeddable":true,"href":"https:\/\/colegiomontessori.cl\/wp2\/wp-json\/wp\/v2\/tags?post=26316"}],"curies":[{"name":"wp","href":"https:\/\/api.w.org\/{rel}","templated":true}]}}