{"id":26371,"date":"2025-03-20T19:58:08","date_gmt":"2025-03-20T22:58:08","guid":{"rendered":"https:\/\/colegiomontessori.cl\/wp2\/?p=26371"},"modified":"2025-03-20T19:58:09","modified_gmt":"2025-03-20T22:58:09","slug":"convivencia-escolar-reflexion-del-dia-contra-el-ciberacoso","status":"publish","type":"post","link":"https:\/\/colegiomontessori.cl\/wp2\/2025\/03\/20\/convivencia-escolar-reflexion-del-dia-contra-el-ciberacoso\/","title":{"rendered":"Convivencia Escolar: Reflexi\u00f3n del D\u00eda contra el Ciberacoso"},"content":{"rendered":"\n<p>El viernes 14 de marzo conmemoramos el D\u00eda Nacional contra el Ciberacoso, efem\u00e9ride del calendario escolar del Ministerio de Educaci\u00f3n y que en nuestro colegio estuvo a cargo del \u00e1rea de Convivencia Escolar.<\/p>\n\n\n\n<figure class=\"wp-block-gallery has-nested-images columns-default is-cropped wp-block-gallery-1 is-layout-flex wp-block-gallery-is-layout-flex\">\n<figure class=\"wp-block-image size-full\"><img loading=\"lazy\" decoding=\"async\" width=\"2560\" height=\"1707\" data-id=\"26374\" src=\"https:\/\/colegiomontessori.cl\/wp2\/wp-content\/uploads\/2025\/03\/reflexion-ciberacoso-2025-3-scaled.jpg\" alt=\"\" class=\"wp-image-26374\" srcset=\"https:\/\/colegiomontessori.cl\/wp2\/wp-content\/uploads\/2025\/03\/reflexion-ciberacoso-2025-3-scaled.jpg 2560w, https:\/\/colegiomontessori.cl\/wp2\/wp-content\/uploads\/2025\/03\/reflexion-ciberacoso-2025-3-300x200.jpg 300w, https:\/\/colegiomontessori.cl\/wp2\/wp-content\/uploads\/2025\/03\/reflexion-ciberacoso-2025-3-1024x683.jpg 1024w, https:\/\/colegiomontessori.cl\/wp2\/wp-content\/uploads\/2025\/03\/reflexion-ciberacoso-2025-3-768x512.jpg 768w, https:\/\/colegiomontessori.cl\/wp2\/wp-content\/uploads\/2025\/03\/reflexion-ciberacoso-2025-3-1536x1024.jpg 1536w, https:\/\/colegiomontessori.cl\/wp2\/wp-content\/uploads\/2025\/03\/reflexion-ciberacoso-2025-3-2048x1365.jpg 2048w\" sizes=\"auto, (max-width: 2560px) 100vw, 2560px\" \/><\/figure>\n\n\n\n<figure class=\"wp-block-image size-full\"><img loading=\"lazy\" decoding=\"async\" width=\"2560\" height=\"1707\" data-id=\"26373\" src=\"https:\/\/colegiomontessori.cl\/wp2\/wp-content\/uploads\/2025\/03\/reflexion-ciberacoso-2025-2-scaled.jpg\" alt=\"\" class=\"wp-image-26373\" srcset=\"https:\/\/colegiomontessori.cl\/wp2\/wp-content\/uploads\/2025\/03\/reflexion-ciberacoso-2025-2-scaled.jpg 2560w, https:\/\/colegiomontessori.cl\/wp2\/wp-content\/uploads\/2025\/03\/reflexion-ciberacoso-2025-2-300x200.jpg 300w, https:\/\/colegiomontessori.cl\/wp2\/wp-content\/uploads\/2025\/03\/reflexion-ciberacoso-2025-2-1024x683.jpg 1024w, https:\/\/colegiomontessori.cl\/wp2\/wp-content\/uploads\/2025\/03\/reflexion-ciberacoso-2025-2-768x512.jpg 768w, https:\/\/colegiomontessori.cl\/wp2\/wp-content\/uploads\/2025\/03\/reflexion-ciberacoso-2025-2-1536x1024.jpg 1536w, https:\/\/colegiomontessori.cl\/wp2\/wp-content\/uploads\/2025\/03\/reflexion-ciberacoso-2025-2-2048x1365.jpg 2048w\" sizes=\"auto, (max-width: 2560px) 100vw, 2560px\" \/><\/figure>\n<\/figure>\n\n\n\n<p>En forma de reflexi\u00f3n realizada por profesores jefes y de asignatura en ambas jornadas, el objetivo de la actividad fue promover el buen trato en las interacciones digitales entre los estudiantes, sensibilizando sobre los riesgos e impacto que implican las acciones de ciberacoso mediante actividades experienciales y material audiovisual.<\/p>\n\n\n\n<p>Asimismo, se busca psicoeducar sobre el uso adecuado de las TIC ense\u00f1\u00e1ndoles estrategias para detectar y resguardarse frente al ciberacoso, desarrollando un ambiente de sana convivencia integrando el uso consciente de las redes sociales estableciendo acuerdos y normas de convivencia.<\/p>\n\n\n\n<figure class=\"wp-block-gallery has-nested-images columns-2 is-cropped wp-block-gallery-2 is-layout-flex wp-block-gallery-is-layout-flex\">\n<figure class=\"wp-block-image size-full\"><img loading=\"lazy\" decoding=\"async\" width=\"2560\" height=\"1707\" data-id=\"26377\" src=\"https:\/\/colegiomontessori.cl\/wp2\/wp-content\/uploads\/2025\/03\/reflexion-ciberacoso-2025-6-scaled.jpg\" alt=\"\" class=\"wp-image-26377\" srcset=\"https:\/\/colegiomontessori.cl\/wp2\/wp-content\/uploads\/2025\/03\/reflexion-ciberacoso-2025-6-scaled.jpg 2560w, https:\/\/colegiomontessori.cl\/wp2\/wp-content\/uploads\/2025\/03\/reflexion-ciberacoso-2025-6-300x200.jpg 300w, https:\/\/colegiomontessori.cl\/wp2\/wp-content\/uploads\/2025\/03\/reflexion-ciberacoso-2025-6-1024x683.jpg 1024w, https:\/\/colegiomontessori.cl\/wp2\/wp-content\/uploads\/2025\/03\/reflexion-ciberacoso-2025-6-768x512.jpg 768w, https:\/\/colegiomontessori.cl\/wp2\/wp-content\/uploads\/2025\/03\/reflexion-ciberacoso-2025-6-1536x1024.jpg 1536w, https:\/\/colegiomontessori.cl\/wp2\/wp-content\/uploads\/2025\/03\/reflexion-ciberacoso-2025-6-2048x1365.jpg 2048w\" sizes=\"auto, (max-width: 2560px) 100vw, 2560px\" \/><\/figure>\n\n\n\n<figure class=\"wp-block-image size-full\"><img loading=\"lazy\" decoding=\"async\" width=\"2560\" height=\"1707\" data-id=\"26376\" src=\"https:\/\/colegiomontessori.cl\/wp2\/wp-content\/uploads\/2025\/03\/reflexion-ciberacoso-2025-5-scaled.jpg\" alt=\"\" class=\"wp-image-26376\" srcset=\"https:\/\/colegiomontessori.cl\/wp2\/wp-content\/uploads\/2025\/03\/reflexion-ciberacoso-2025-5-scaled.jpg 2560w, https:\/\/colegiomontessori.cl\/wp2\/wp-content\/uploads\/2025\/03\/reflexion-ciberacoso-2025-5-300x200.jpg 300w, https:\/\/colegiomontessori.cl\/wp2\/wp-content\/uploads\/2025\/03\/reflexion-ciberacoso-2025-5-1024x683.jpg 1024w, https:\/\/colegiomontessori.cl\/wp2\/wp-content\/uploads\/2025\/03\/reflexion-ciberacoso-2025-5-768x512.jpg 768w, https:\/\/colegiomontessori.cl\/wp2\/wp-content\/uploads\/2025\/03\/reflexion-ciberacoso-2025-5-1536x1024.jpg 1536w, https:\/\/colegiomontessori.cl\/wp2\/wp-content\/uploads\/2025\/03\/reflexion-ciberacoso-2025-5-2048x1365.jpg 2048w\" sizes=\"auto, (max-width: 2560px) 100vw, 2560px\" \/><\/figure>\n\n\n\n<figure class=\"wp-block-image size-full\"><img loading=\"lazy\" decoding=\"async\" width=\"2560\" height=\"1707\" data-id=\"26375\" src=\"https:\/\/colegiomontessori.cl\/wp2\/wp-content\/uploads\/2025\/03\/reflexion-ciberacoso-2025-4-scaled.jpg\" alt=\"\" class=\"wp-image-26375\" srcset=\"https:\/\/colegiomontessori.cl\/wp2\/wp-content\/uploads\/2025\/03\/reflexion-ciberacoso-2025-4-scaled.jpg 2560w, https:\/\/colegiomontessori.cl\/wp2\/wp-content\/uploads\/2025\/03\/reflexion-ciberacoso-2025-4-300x200.jpg 300w, https:\/\/colegiomontessori.cl\/wp2\/wp-content\/uploads\/2025\/03\/reflexion-ciberacoso-2025-4-1024x683.jpg 1024w, https:\/\/colegiomontessori.cl\/wp2\/wp-content\/uploads\/2025\/03\/reflexion-ciberacoso-2025-4-768x512.jpg 768w, https:\/\/colegiomontessori.cl\/wp2\/wp-content\/uploads\/2025\/03\/reflexion-ciberacoso-2025-4-1536x1024.jpg 1536w, https:\/\/colegiomontessori.cl\/wp2\/wp-content\/uploads\/2025\/03\/reflexion-ciberacoso-2025-4-2048x1365.jpg 2048w\" sizes=\"auto, (max-width: 2560px) 100vw, 2560px\" \/><\/figure>\n<\/figure>\n","protected":false},"excerpt":{"rendered":"<p>El viernes 14 de marzo conmemoramos el D\u00eda Nacional contra el Ciberacoso, efem\u00e9ride del calendario escolar del Ministerio de Educaci\u00f3n y que en nuestro colegio estuvo a cargo del \u00e1rea de Convivencia Escolar. En forma de reflexi\u00f3n realizada por profesores jefes y de asignatura en ambas jornadas, el objetivo de la actividad fue promover el &hellip;<\/p>\n<p class=\"read-more\"> <a class=\"\" href=\"https:\/\/colegiomontessori.cl\/wp2\/2025\/03\/20\/convivencia-escolar-reflexion-del-dia-contra-el-ciberacoso\/\"> <span class=\"screen-reader-text\">Convivencia Escolar: Reflexi\u00f3n del D\u00eda contra el Ciberacoso<\/span> Leer m\u00e1s &raquo;<\/a><\/p>\n","protected":false},"author":2,"featured_media":26372,"comment_status":"open","ping_status":"open","sticky":false,"template":"","format":"standard","meta":{"footnotes":""},"categories":[22],"tags":[],"class_list":["post-26371","post","type-post","status-publish","format-standard","has-post-thumbnail","hentry","category-convivencia-escolar"],"_links":{"self":[{"href":"https:\/\/colegiomontessori.cl\/wp2\/wp-json\/wp\/v2\/posts\/26371","targetHints":{"allow":["GET"]}}],"collection":[{"href":"https:\/\/colegiomontessori.cl\/wp2\/wp-json\/wp\/v2\/posts"}],"about":[{"href":"https:\/\/colegiomontessori.cl\/wp2\/wp-json\/wp\/v2\/types\/post"}],"author":[{"embeddable":true,"href":"https:\/\/colegiomontessori.cl\/wp2\/wp-json\/wp\/v2\/users\/2"}],"replies":[{"embeddable":true,"href":"https:\/\/colegiomontessori.cl\/wp2\/wp-json\/wp\/v2\/comments?post=26371"}],"version-history":[{"count":1,"href":"https:\/\/colegiomontessori.cl\/wp2\/wp-json\/wp\/v2\/posts\/26371\/revisions"}],"predecessor-version":[{"id":26378,"href":"https:\/\/colegiomontessori.cl\/wp2\/wp-json\/wp\/v2\/posts\/26371\/revisions\/26378"}],"wp:featuredmedia":[{"embeddable":true,"href":"https:\/\/colegiomontessori.cl\/wp2\/wp-json\/wp\/v2\/media\/26372"}],"wp:attachment":[{"href":"https:\/\/colegiomontessori.cl\/wp2\/wp-json\/wp\/v2\/media?parent=26371"}],"wp:term":[{"taxonomy":"category","embeddable":true,"href":"https:\/\/colegiomontessori.cl\/wp2\/wp-json\/wp\/v2\/categories?post=26371"},{"taxonomy":"post_tag","embeddable":true,"href":"https:\/\/colegiomontessori.cl\/wp2\/wp-json\/wp\/v2\/tags?post=26371"}],"curies":[{"name":"wp","href":"https:\/\/api.w.org\/{rel}","templated":true}]}}