{"id":26380,"date":"2025-03-21T09:17:58","date_gmt":"2025-03-21T12:17:58","guid":{"rendered":"https:\/\/colegiomontessori.cl\/wp2\/?p=26380"},"modified":"2025-03-21T09:19:11","modified_gmt":"2025-03-21T12:19:11","slug":"mico-el-microfono-dia-del-sindrome-de-down","status":"publish","type":"post","link":"https:\/\/colegiomontessori.cl\/wp2\/2025\/03\/21\/mico-el-microfono-dia-del-sindrome-de-down\/","title":{"rendered":"Mico el Micr\u00f3fono visita nuestro colegio en el D\u00eda del S\u00edndrome de Down"},"content":{"rendered":"\n<p>Hoy 21 de marzo nos sumamos a la conmemoraci\u00f3n del D\u00eda Mundial del S\u00edndrome de Down.<\/p>\n\n\n\n<p>En este contexto, el personaje infantil de la serie de televisi\u00f3n 31 Minutos, Mico el Micr\u00f3fono visit\u00f3 nuestro colegio invitado por el Programa de Integraci\u00f3n Escolar, para entrevistar a los miembros de la comunidad educativa y conocer su opini\u00f3n en torno a este tema.<\/p>\n\n\n\n<p>Y t\u00fa, \u00bfqu\u00e9 sabes sobre el S\u00edndrome de Down?<\/p>\n\n\n\n<figure class=\"wp-block-embed is-type-video is-provider-youtube wp-block-embed-youtube wp-embed-aspect-16-9 wp-has-aspect-ratio\"><div class=\"wp-block-embed__wrapper\">\n<div class=\"ast-oembed-container\"><iframe loading=\"lazy\" title=\"Montessori TV - Mico el Micr\u00f3fono visita el Colegio Montessori en el D\u00eda del S\u00edndrome de Down\" width=\"500\" height=\"281\" src=\"https:\/\/www.youtube.com\/embed\/7nTn9TQYZXw?feature=oembed\" frameborder=\"0\" allow=\"accelerometer; autoplay; clipboard-write; encrypted-media; gyroscope; picture-in-picture; web-share\" referrerpolicy=\"strict-origin-when-cross-origin\" allowfullscreen><\/iframe><\/div>\n<\/div><\/figure>\n","protected":false},"excerpt":{"rendered":"<p>Hoy 21 de marzo nos sumamos a la conmemoraci\u00f3n del D\u00eda Mundial del S\u00edndrome de Down. En este contexto, el personaje infantil de la serie de televisi\u00f3n 31 Minutos, Mico el Micr\u00f3fono visit\u00f3 nuestro colegio invitado por el Programa de Integraci\u00f3n Escolar, para entrevistar a los miembros de la comunidad educativa y conocer su opini\u00f3n &hellip;<\/p>\n<p class=\"read-more\"> <a class=\"\" href=\"https:\/\/colegiomontessori.cl\/wp2\/2025\/03\/21\/mico-el-microfono-dia-del-sindrome-de-down\/\"> <span class=\"screen-reader-text\">Mico el Micr\u00f3fono visita nuestro colegio en el D\u00eda del S\u00edndrome de Down<\/span> Leer m\u00e1s &raquo;<\/a><\/p>\n","protected":false},"author":2,"featured_media":26381,"comment_status":"open","ping_status":"open","sticky":false,"template":"","format":"standard","meta":{"footnotes":""},"categories":[29],"tags":[],"class_list":["post-26380","post","type-post","status-publish","format-standard","has-post-thumbnail","hentry","category-inclusion"],"_links":{"self":[{"href":"https:\/\/colegiomontessori.cl\/wp2\/wp-json\/wp\/v2\/posts\/26380","targetHints":{"allow":["GET"]}}],"collection":[{"href":"https:\/\/colegiomontessori.cl\/wp2\/wp-json\/wp\/v2\/posts"}],"about":[{"href":"https:\/\/colegiomontessori.cl\/wp2\/wp-json\/wp\/v2\/types\/post"}],"author":[{"embeddable":true,"href":"https:\/\/colegiomontessori.cl\/wp2\/wp-json\/wp\/v2\/users\/2"}],"replies":[{"embeddable":true,"href":"https:\/\/colegiomontessori.cl\/wp2\/wp-json\/wp\/v2\/comments?post=26380"}],"version-history":[{"count":2,"href":"https:\/\/colegiomontessori.cl\/wp2\/wp-json\/wp\/v2\/posts\/26380\/revisions"}],"predecessor-version":[{"id":26383,"href":"https:\/\/colegiomontessori.cl\/wp2\/wp-json\/wp\/v2\/posts\/26380\/revisions\/26383"}],"wp:featuredmedia":[{"embeddable":true,"href":"https:\/\/colegiomontessori.cl\/wp2\/wp-json\/wp\/v2\/media\/26381"}],"wp:attachment":[{"href":"https:\/\/colegiomontessori.cl\/wp2\/wp-json\/wp\/v2\/media?parent=26380"}],"wp:term":[{"taxonomy":"category","embeddable":true,"href":"https:\/\/colegiomontessori.cl\/wp2\/wp-json\/wp\/v2\/categories?post=26380"},{"taxonomy":"post_tag","embeddable":true,"href":"https:\/\/colegiomontessori.cl\/wp2\/wp-json\/wp\/v2\/tags?post=26380"}],"curies":[{"name":"wp","href":"https:\/\/api.w.org\/{rel}","templated":true}]}}