{"id":26843,"date":"2025-04-22T10:29:15","date_gmt":"2025-04-22T14:29:15","guid":{"rendered":"https:\/\/colegiomontessori.cl\/wp2\/?p=26843"},"modified":"2025-04-22T10:29:16","modified_gmt":"2025-04-22T14:29:16","slug":"22-de-abril-dia-de-la-tierra-2","status":"publish","type":"post","link":"https:\/\/colegiomontessori.cl\/wp2\/2025\/04\/22\/22-de-abril-dia-de-la-tierra-2\/","title":{"rendered":"22 de Abril: D\u00eda de la Tierra"},"content":{"rendered":"\n<p>Cada 22 de abril el Calendario Ambiental nos recuerda esta importante celebraci\u00f3n, el D\u00eda de la Tierra, una fecha dedicada a generar conciencia global sobre la importancia de nuestro medio ambiente.<\/p>\n\n\n\n<p>Este d\u00eda nos recuerda la necesidad urgente de proteger nuestro planeta y promover pr\u00e1cticas sostenibles para garantizar un futuro saludable para todos.<\/p>\n\n\n\n<p>Como colegio nos sumamos a la conmemoraci\u00f3n esta efem\u00e9ride con la realizaci\u00f3n de distintas actividades a cargo del Departamento de Ciencias y Convivencia Escolar.<\/p>\n\n\n\n<figure class=\"wp-block-gallery has-nested-images columns-1 is-cropped wp-block-gallery-1 is-layout-flex wp-block-gallery-is-layout-flex\">\n<figure class=\"wp-block-image size-full\"><img loading=\"lazy\" decoding=\"async\" width=\"1080\" height=\"1350\" data-id=\"26851\" src=\"https:\/\/colegiomontessori.cl\/wp2\/wp-content\/uploads\/2025\/04\/dia-de-la-tierra-2025-2.png\" alt=\"\" class=\"wp-image-26851\" srcset=\"https:\/\/colegiomontessori.cl\/wp2\/wp-content\/uploads\/2025\/04\/dia-de-la-tierra-2025-2.png 1080w, https:\/\/colegiomontessori.cl\/wp2\/wp-content\/uploads\/2025\/04\/dia-de-la-tierra-2025-2-240x300.png 240w, https:\/\/colegiomontessori.cl\/wp2\/wp-content\/uploads\/2025\/04\/dia-de-la-tierra-2025-2-819x1024.png 819w, https:\/\/colegiomontessori.cl\/wp2\/wp-content\/uploads\/2025\/04\/dia-de-la-tierra-2025-2-768x960.png 768w\" sizes=\"auto, (max-width: 1080px) 100vw, 1080px\" \/><\/figure>\n\n\n\n<figure class=\"wp-block-image size-full\"><img loading=\"lazy\" decoding=\"async\" width=\"1080\" height=\"1350\" data-id=\"26852\" src=\"https:\/\/colegiomontessori.cl\/wp2\/wp-content\/uploads\/2025\/04\/dia-de-la-tierra-2025-3.png\" alt=\"\" class=\"wp-image-26852\" srcset=\"https:\/\/colegiomontessori.cl\/wp2\/wp-content\/uploads\/2025\/04\/dia-de-la-tierra-2025-3.png 1080w, https:\/\/colegiomontessori.cl\/wp2\/wp-content\/uploads\/2025\/04\/dia-de-la-tierra-2025-3-240x300.png 240w, https:\/\/colegiomontessori.cl\/wp2\/wp-content\/uploads\/2025\/04\/dia-de-la-tierra-2025-3-819x1024.png 819w, https:\/\/colegiomontessori.cl\/wp2\/wp-content\/uploads\/2025\/04\/dia-de-la-tierra-2025-3-768x960.png 768w\" sizes=\"auto, (max-width: 1080px) 100vw, 1080px\" \/><\/figure>\n\n\n\n<figure class=\"wp-block-image size-full\"><img loading=\"lazy\" decoding=\"async\" width=\"1080\" height=\"1350\" data-id=\"26853\" src=\"https:\/\/colegiomontessori.cl\/wp2\/wp-content\/uploads\/2025\/04\/dia-de-la-tierra-2025-4.png\" alt=\"\" class=\"wp-image-26853\" srcset=\"https:\/\/colegiomontessori.cl\/wp2\/wp-content\/uploads\/2025\/04\/dia-de-la-tierra-2025-4.png 1080w, https:\/\/colegiomontessori.cl\/wp2\/wp-content\/uploads\/2025\/04\/dia-de-la-tierra-2025-4-240x300.png 240w, https:\/\/colegiomontessori.cl\/wp2\/wp-content\/uploads\/2025\/04\/dia-de-la-tierra-2025-4-819x1024.png 819w, https:\/\/colegiomontessori.cl\/wp2\/wp-content\/uploads\/2025\/04\/dia-de-la-tierra-2025-4-768x960.png 768w\" sizes=\"auto, (max-width: 1080px) 100vw, 1080px\" \/><\/figure>\n\n\n\n<figure class=\"wp-block-image size-full\"><img loading=\"lazy\" decoding=\"async\" width=\"1080\" height=\"1350\" data-id=\"26854\" src=\"https:\/\/colegiomontessori.cl\/wp2\/wp-content\/uploads\/2025\/04\/dia-de-la-tierra-2025-5.png\" alt=\"\" class=\"wp-image-26854\" srcset=\"https:\/\/colegiomontessori.cl\/wp2\/wp-content\/uploads\/2025\/04\/dia-de-la-tierra-2025-5.png 1080w, https:\/\/colegiomontessori.cl\/wp2\/wp-content\/uploads\/2025\/04\/dia-de-la-tierra-2025-5-240x300.png 240w, https:\/\/colegiomontessori.cl\/wp2\/wp-content\/uploads\/2025\/04\/dia-de-la-tierra-2025-5-819x1024.png 819w, https:\/\/colegiomontessori.cl\/wp2\/wp-content\/uploads\/2025\/04\/dia-de-la-tierra-2025-5-768x960.png 768w\" sizes=\"auto, (max-width: 1080px) 100vw, 1080px\" \/><\/figure>\n\n\n\n<figure class=\"wp-block-image size-full\"><img loading=\"lazy\" decoding=\"async\" width=\"1080\" height=\"1350\" data-id=\"26855\" src=\"https:\/\/colegiomontessori.cl\/wp2\/wp-content\/uploads\/2025\/04\/dia-de-la-tierra-2025-6.png\" alt=\"\" class=\"wp-image-26855\" srcset=\"https:\/\/colegiomontessori.cl\/wp2\/wp-content\/uploads\/2025\/04\/dia-de-la-tierra-2025-6.png 1080w, https:\/\/colegiomontessori.cl\/wp2\/wp-content\/uploads\/2025\/04\/dia-de-la-tierra-2025-6-240x300.png 240w, https:\/\/colegiomontessori.cl\/wp2\/wp-content\/uploads\/2025\/04\/dia-de-la-tierra-2025-6-819x1024.png 819w, https:\/\/colegiomontessori.cl\/wp2\/wp-content\/uploads\/2025\/04\/dia-de-la-tierra-2025-6-768x960.png 768w\" sizes=\"auto, (max-width: 1080px) 100vw, 1080px\" \/><\/figure>\n\n\n\n<figure class=\"wp-block-image size-full\"><img loading=\"lazy\" decoding=\"async\" width=\"1080\" height=\"1350\" data-id=\"26856\" src=\"https:\/\/colegiomontessori.cl\/wp2\/wp-content\/uploads\/2025\/04\/dia-de-la-tierra-2025-7.png\" alt=\"\" class=\"wp-image-26856\" srcset=\"https:\/\/colegiomontessori.cl\/wp2\/wp-content\/uploads\/2025\/04\/dia-de-la-tierra-2025-7.png 1080w, https:\/\/colegiomontessori.cl\/wp2\/wp-content\/uploads\/2025\/04\/dia-de-la-tierra-2025-7-240x300.png 240w, https:\/\/colegiomontessori.cl\/wp2\/wp-content\/uploads\/2025\/04\/dia-de-la-tierra-2025-7-819x1024.png 819w, https:\/\/colegiomontessori.cl\/wp2\/wp-content\/uploads\/2025\/04\/dia-de-la-tierra-2025-7-768x960.png 768w\" sizes=\"auto, (max-width: 1080px) 100vw, 1080px\" \/><\/figure>\n<\/figure>\n","protected":false},"excerpt":{"rendered":"<p>Cada 22 de abril el Calendario Ambiental nos recuerda esta importante celebraci\u00f3n, el D\u00eda de la Tierra, una fecha dedicada a generar conciencia global sobre la importancia de nuestro medio ambiente. Este d\u00eda nos recuerda la necesidad urgente de proteger nuestro planeta y promover pr\u00e1cticas sostenibles para garantizar un futuro saludable para todos. Como colegio &hellip;<\/p>\n<p class=\"read-more\"> <a class=\"\" href=\"https:\/\/colegiomontessori.cl\/wp2\/2025\/04\/22\/22-de-abril-dia-de-la-tierra-2\/\"> <span class=\"screen-reader-text\">22 de Abril: D\u00eda de la Tierra<\/span> Leer m\u00e1s &raquo;<\/a><\/p>\n","protected":false},"author":2,"featured_media":26850,"comment_status":"open","ping_status":"open","sticky":false,"template":"","format":"standard","meta":{"footnotes":""},"categories":[20,22,47],"tags":[],"class_list":["post-26843","post","type-post","status-publish","format-standard","has-post-thumbnail","hentry","category-ciencias","category-convivencia-escolar","category-medio-ambiente"],"_links":{"self":[{"href":"https:\/\/colegiomontessori.cl\/wp2\/wp-json\/wp\/v2\/posts\/26843","targetHints":{"allow":["GET"]}}],"collection":[{"href":"https:\/\/colegiomontessori.cl\/wp2\/wp-json\/wp\/v2\/posts"}],"about":[{"href":"https:\/\/colegiomontessori.cl\/wp2\/wp-json\/wp\/v2\/types\/post"}],"author":[{"embeddable":true,"href":"https:\/\/colegiomontessori.cl\/wp2\/wp-json\/wp\/v2\/users\/2"}],"replies":[{"embeddable":true,"href":"https:\/\/colegiomontessori.cl\/wp2\/wp-json\/wp\/v2\/comments?post=26843"}],"version-history":[{"count":1,"href":"https:\/\/colegiomontessori.cl\/wp2\/wp-json\/wp\/v2\/posts\/26843\/revisions"}],"predecessor-version":[{"id":26857,"href":"https:\/\/colegiomontessori.cl\/wp2\/wp-json\/wp\/v2\/posts\/26843\/revisions\/26857"}],"wp:featuredmedia":[{"embeddable":true,"href":"https:\/\/colegiomontessori.cl\/wp2\/wp-json\/wp\/v2\/media\/26850"}],"wp:attachment":[{"href":"https:\/\/colegiomontessori.cl\/wp2\/wp-json\/wp\/v2\/media?parent=26843"}],"wp:term":[{"taxonomy":"category","embeddable":true,"href":"https:\/\/colegiomontessori.cl\/wp2\/wp-json\/wp\/v2\/categories?post=26843"},{"taxonomy":"post_tag","embeddable":true,"href":"https:\/\/colegiomontessori.cl\/wp2\/wp-json\/wp\/v2\/tags?post=26843"}],"curies":[{"name":"wp","href":"https:\/\/api.w.org\/{rel}","templated":true}]}}