{"id":27084,"date":"2025-05-07T12:56:54","date_gmt":"2025-05-07T16:56:54","guid":{"rendered":"https:\/\/colegiomontessori.cl\/wp2\/?p=27084"},"modified":"2025-05-07T13:08:23","modified_gmt":"2025-05-07T17:08:23","slug":"colegio-montessori-colabora-con-ufro-y-ucl-para-el-co-diseno-de-herramientas-inclusivas-en-educacion","status":"publish","type":"post","link":"https:\/\/colegiomontessori.cl\/wp2\/2025\/05\/07\/colegio-montessori-colabora-con-ufro-y-ucl-para-el-co-diseno-de-herramientas-inclusivas-en-educacion\/","title":{"rendered":"Colegio Montessori colabora con UFRO y UCL para el co-dise\u00f1o de herramientas inclusivas en Educaci\u00f3n"},"content":{"rendered":"\n<p>El d\u00eda martes 29 de abril se realiz\u00f3 un conversatorio entre profesionales de la Universidad de La Frontera y Rosanne Esposito, profesora asociada del Centro de Educaci\u00f3n Inclusiva de la University College London (UCL), quien se encuentra en Chile desarrollando un proyecto enfocado en el co-dise\u00f1o de herramientas pedag\u00f3gicas inclusivas para docentes de Am\u00e9rica Latina.<\/p>\n\n\n\n<p>La instancia reuni\u00f3 a docentes universitarios, profesionales del \u00e1mbito de la educaci\u00f3n diferencial y representantes de distintas facultades, quienes compartieron experiencias sobre los desaf\u00edos cotidianos que se enfrentan en el aula, tanto a nivel escolar como en la educaci\u00f3n superior.<\/p>\n\n\n\n<figure class=\"wp-block-gallery has-nested-images columns-default is-cropped wp-block-gallery-1 is-layout-flex wp-block-gallery-is-layout-flex\">\n<figure class=\"wp-block-image size-full\"><img loading=\"lazy\" decoding=\"async\" width=\"2560\" height=\"1711\" data-id=\"27088\" src=\"https:\/\/colegiomontessori.cl\/wp2\/wp-content\/uploads\/2025\/05\/pie-inclusion-ufro-3.jpg\" alt=\"\" class=\"wp-image-27088\" srcset=\"https:\/\/colegiomontessori.cl\/wp2\/wp-content\/uploads\/2025\/05\/pie-inclusion-ufro-3.jpg 2560w, https:\/\/colegiomontessori.cl\/wp2\/wp-content\/uploads\/2025\/05\/pie-inclusion-ufro-3-300x201.jpg 300w, https:\/\/colegiomontessori.cl\/wp2\/wp-content\/uploads\/2025\/05\/pie-inclusion-ufro-3-1024x684.jpg 1024w, https:\/\/colegiomontessori.cl\/wp2\/wp-content\/uploads\/2025\/05\/pie-inclusion-ufro-3-768x513.jpg 768w, https:\/\/colegiomontessori.cl\/wp2\/wp-content\/uploads\/2025\/05\/pie-inclusion-ufro-3-1536x1027.jpg 1536w, https:\/\/colegiomontessori.cl\/wp2\/wp-content\/uploads\/2025\/05\/pie-inclusion-ufro-3-2048x1369.jpg 2048w\" sizes=\"auto, (max-width: 2560px) 100vw, 2560px\" \/><\/figure>\n<\/figure>\n\n\n\n<p>\u201cHe hablado con docentes y hecho observaciones en el aula, y he visto que tienen mucha pasi\u00f3n y compromiso con pr\u00e1cticas inclusivas, pero el problema es que no siempre cuentan con las herramientas necesarias. Me han dicho que eso es lo que m\u00e1s falta\u201d, se\u00f1al\u00f3 Rosanne Esposito. Sobre los principales desaf\u00edos identificados, agreg\u00f3: \u201cUna de las brechas est\u00e1 en las oportunidades de aprendizaje durante su propia formaci\u00f3n profesional\u201d.<\/p>\n\n\n\n<p>Desde la UFRO, Stephanie Armstrong, investigadora del Instituto de Inform\u00e1tica Educativa y colaboradora internacional del proyecto, valor\u00f3 el enfoque colaborativo: \u201cLa universidad como instituci\u00f3n est\u00e1 avanzando en temas de inclusi\u00f3n para hacerse cargo de las necesidades de los estudiantes y desde el Instituto tambi\u00e9n podemos aportar en esta l\u00ednea. Es interesante poder reunir distintas miradas, no solo de profesionales en Chile, sino tambi\u00e9n de otros pa\u00edses de Latinoam\u00e9rica, porque eso nos permite aprender mutuamente y buscar buenas pr\u00e1cticas en materia de inclusi\u00f3n\u201d.<\/p>\n\n\n\n<figure class=\"wp-block-gallery has-nested-images columns-2 is-cropped wp-block-gallery-2 is-layout-flex wp-block-gallery-is-layout-flex\">\n<figure class=\"wp-block-image size-full\"><img loading=\"lazy\" decoding=\"async\" width=\"2560\" height=\"1711\" data-id=\"27087\" src=\"https:\/\/colegiomontessori.cl\/wp2\/wp-content\/uploads\/2025\/05\/pie-inclusion-ufro-2.jpg\" alt=\"\" class=\"wp-image-27087\" srcset=\"https:\/\/colegiomontessori.cl\/wp2\/wp-content\/uploads\/2025\/05\/pie-inclusion-ufro-2.jpg 2560w, https:\/\/colegiomontessori.cl\/wp2\/wp-content\/uploads\/2025\/05\/pie-inclusion-ufro-2-300x201.jpg 300w, https:\/\/colegiomontessori.cl\/wp2\/wp-content\/uploads\/2025\/05\/pie-inclusion-ufro-2-1024x684.jpg 1024w, https:\/\/colegiomontessori.cl\/wp2\/wp-content\/uploads\/2025\/05\/pie-inclusion-ufro-2-768x513.jpg 768w, https:\/\/colegiomontessori.cl\/wp2\/wp-content\/uploads\/2025\/05\/pie-inclusion-ufro-2-1536x1027.jpg 1536w, https:\/\/colegiomontessori.cl\/wp2\/wp-content\/uploads\/2025\/05\/pie-inclusion-ufro-2-2048x1369.jpg 2048w\" sizes=\"auto, (max-width: 2560px) 100vw, 2560px\" \/><\/figure>\n<\/figure>\n\n\n\n<p>Uno de los puntos destacados fue la falta de formaci\u00f3n inclusiva en carreras que no est\u00e1n ligadas directamente a la educaci\u00f3n. \u201cA nivel universitario no tenemos formaci\u00f3n transversal en inclusi\u00f3n. Hay especialistas en educaci\u00f3n diferencial, pero en otras carreras como ingenier\u00eda, administraci\u00f3n o salud, no se entrega esa preparaci\u00f3n y estos futuros profesionales tambi\u00e9n se encontrar\u00e1n con estudiantes con necesidades diversas, y esa es una gran barrera\u201d, indic\u00f3 Armstrong.<\/p>\n\n\n\n<p>La jornada concluy\u00f3 en el Colegio Montessori de Temuco, establecimiento que hace algunos a\u00f1os comenz\u00f3 a implementar la Ley 20.845 de Inclusi\u00f3n Escolar. Ah\u00ed se realiz\u00f3 una reuni\u00f3n con el equipo del Programa de Integraci\u00f3n Escolar liderado por la Coordinadora PIE, Sra. Betzab\u00e9 Ulloa, en que se compartieron experiencias pr\u00e1cticas en el aula y se reflexion\u00f3 sobre los desaf\u00edos que implica llevar la inclusi\u00f3n a la realidad diaria.<\/p>\n\n\n\n<figure class=\"wp-block-gallery has-nested-images columns-default is-cropped wp-block-gallery-3 is-layout-flex wp-block-gallery-is-layout-flex\">\n<figure class=\"wp-block-image size-full\"><img loading=\"lazy\" decoding=\"async\" width=\"2560\" height=\"1711\" data-id=\"27089\" src=\"https:\/\/colegiomontessori.cl\/wp2\/wp-content\/uploads\/2025\/05\/pie-inclusion-ufro-4.jpg\" alt=\"\" class=\"wp-image-27089\" srcset=\"https:\/\/colegiomontessori.cl\/wp2\/wp-content\/uploads\/2025\/05\/pie-inclusion-ufro-4.jpg 2560w, https:\/\/colegiomontessori.cl\/wp2\/wp-content\/uploads\/2025\/05\/pie-inclusion-ufro-4-300x201.jpg 300w, https:\/\/colegiomontessori.cl\/wp2\/wp-content\/uploads\/2025\/05\/pie-inclusion-ufro-4-1024x684.jpg 1024w, https:\/\/colegiomontessori.cl\/wp2\/wp-content\/uploads\/2025\/05\/pie-inclusion-ufro-4-768x513.jpg 768w, https:\/\/colegiomontessori.cl\/wp2\/wp-content\/uploads\/2025\/05\/pie-inclusion-ufro-4-1536x1027.jpg 1536w, https:\/\/colegiomontessori.cl\/wp2\/wp-content\/uploads\/2025\/05\/pie-inclusion-ufro-4-2048x1369.jpg 2048w\" sizes=\"auto, (max-width: 2560px) 100vw, 2560px\" \/><\/figure>\n<\/figure>\n\n\n\n<p>Este conversatorio forma parte del proyecto \u201cEstablishing a collaboration to co-design an inclusive pedagogy toolkit for teachers in Latin America\u201d. La iniciativa busca generar una red de colaboraci\u00f3n entre universidades de Chile, Ecuador y Argentina, con el prop\u00f3sito de desarrollar una \u00abcaja de herramientas\u00bb contextualizada que apoye a docentes en la implementaci\u00f3n de pr\u00e1cticas inclusivas basadas en evidencia, con un impacto sostenible en los aprendizajes y trayectorias de ni\u00f1as, ni\u00f1os y j\u00f3venes (NNA) en la regi\u00f3n. Se espera trabajar con m\u00e1s pa\u00edses durante los pr\u00f3ximos a\u00f1os.<\/p>\n\n\n\n<p>Fuente: www.iie.cl<\/p>\n\n\n\n<figure class=\"wp-block-gallery has-nested-images columns-default is-cropped wp-block-gallery-4 is-layout-flex wp-block-gallery-is-layout-flex\">\n<figure class=\"wp-block-image size-full\"><img loading=\"lazy\" decoding=\"async\" width=\"2560\" height=\"1711\" data-id=\"27090\" src=\"https:\/\/colegiomontessori.cl\/wp2\/wp-content\/uploads\/2025\/05\/pie-inclusion-ufro-5.jpg\" alt=\"\" class=\"wp-image-27090\" srcset=\"https:\/\/colegiomontessori.cl\/wp2\/wp-content\/uploads\/2025\/05\/pie-inclusion-ufro-5.jpg 2560w, https:\/\/colegiomontessori.cl\/wp2\/wp-content\/uploads\/2025\/05\/pie-inclusion-ufro-5-300x201.jpg 300w, https:\/\/colegiomontessori.cl\/wp2\/wp-content\/uploads\/2025\/05\/pie-inclusion-ufro-5-1024x684.jpg 1024w, https:\/\/colegiomontessori.cl\/wp2\/wp-content\/uploads\/2025\/05\/pie-inclusion-ufro-5-768x513.jpg 768w, https:\/\/colegiomontessori.cl\/wp2\/wp-content\/uploads\/2025\/05\/pie-inclusion-ufro-5-1536x1027.jpg 1536w, https:\/\/colegiomontessori.cl\/wp2\/wp-content\/uploads\/2025\/05\/pie-inclusion-ufro-5-2048x1369.jpg 2048w\" sizes=\"auto, (max-width: 2560px) 100vw, 2560px\" \/><\/figure>\n<\/figure>\n","protected":false},"excerpt":{"rendered":"<p>El d\u00eda martes 29 de abril se realiz\u00f3 un conversatorio entre profesionales de la Universidad de La Frontera y Rosanne Esposito, profesora asociada del Centro de Educaci\u00f3n Inclusiva de la University College London (UCL), quien se encuentra en Chile desarrollando un proyecto enfocado en el co-dise\u00f1o de herramientas pedag\u00f3gicas inclusivas para docentes de Am\u00e9rica Latina. &hellip;<\/p>\n<p class=\"read-more\"> <a class=\"\" href=\"https:\/\/colegiomontessori.cl\/wp2\/2025\/05\/07\/colegio-montessori-colabora-con-ufro-y-ucl-para-el-co-diseno-de-herramientas-inclusivas-en-educacion\/\"> <span class=\"screen-reader-text\">Colegio Montessori colabora con UFRO y UCL para el co-dise\u00f1o de herramientas inclusivas en Educaci\u00f3n<\/span> Leer m\u00e1s &raquo;<\/a><\/p>\n","protected":false},"author":2,"featured_media":27086,"comment_status":"open","ping_status":"open","sticky":false,"template":"","format":"standard","meta":{"footnotes":""},"categories":[29],"tags":[],"class_list":["post-27084","post","type-post","status-publish","format-standard","has-post-thumbnail","hentry","category-inclusion"],"_links":{"self":[{"href":"https:\/\/colegiomontessori.cl\/wp2\/wp-json\/wp\/v2\/posts\/27084","targetHints":{"allow":["GET"]}}],"collection":[{"href":"https:\/\/colegiomontessori.cl\/wp2\/wp-json\/wp\/v2\/posts"}],"about":[{"href":"https:\/\/colegiomontessori.cl\/wp2\/wp-json\/wp\/v2\/types\/post"}],"author":[{"embeddable":true,"href":"https:\/\/colegiomontessori.cl\/wp2\/wp-json\/wp\/v2\/users\/2"}],"replies":[{"embeddable":true,"href":"https:\/\/colegiomontessori.cl\/wp2\/wp-json\/wp\/v2\/comments?post=27084"}],"version-history":[{"count":2,"href":"https:\/\/colegiomontessori.cl\/wp2\/wp-json\/wp\/v2\/posts\/27084\/revisions"}],"predecessor-version":[{"id":27093,"href":"https:\/\/colegiomontessori.cl\/wp2\/wp-json\/wp\/v2\/posts\/27084\/revisions\/27093"}],"wp:featuredmedia":[{"embeddable":true,"href":"https:\/\/colegiomontessori.cl\/wp2\/wp-json\/wp\/v2\/media\/27086"}],"wp:attachment":[{"href":"https:\/\/colegiomontessori.cl\/wp2\/wp-json\/wp\/v2\/media?parent=27084"}],"wp:term":[{"taxonomy":"category","embeddable":true,"href":"https:\/\/colegiomontessori.cl\/wp2\/wp-json\/wp\/v2\/categories?post=27084"},{"taxonomy":"post_tag","embeddable":true,"href":"https:\/\/colegiomontessori.cl\/wp2\/wp-json\/wp\/v2\/tags?post=27084"}],"curies":[{"name":"wp","href":"https:\/\/api.w.org\/{rel}","templated":true}]}}