{"id":27640,"date":"2025-06-06T14:24:03","date_gmt":"2025-06-06T18:24:03","guid":{"rendered":"https:\/\/colegiomontessori.cl\/wp2\/?p=27640"},"modified":"2025-06-06T14:24:05","modified_gmt":"2025-06-06T18:24:05","slug":"alianza-familia-escuela-apoyando-el-proceso-de-lectoescritura","status":"publish","type":"post","link":"https:\/\/colegiomontessori.cl\/wp2\/2025\/06\/06\/alianza-familia-escuela-apoyando-el-proceso-de-lectoescritura\/","title":{"rendered":"Alianza Familia-Escuela: Apoyando el proceso de Lectoescritura"},"content":{"rendered":"\n<p>Porque la colaboraci\u00f3n entre la familia y la escuela es fundamental para el \u00e9xito de los estudiantes, padres y apoderados de primeros a\u00f1os b\u00e1sicos participaron de un taller sobre estrategias para apoyar en casa el proceso de lectura y escritura de sus hijos, iniciativa impulsada desde Coordinaci\u00f3n Acad\u00e9mica e impartida por la profesora de Lenguaje de primer ciclo, Marisela Godoy.<\/p>\n\n\n\n<figure class=\"wp-block-gallery has-nested-images columns-2 is-cropped wp-block-gallery-1 is-layout-flex wp-block-gallery-is-layout-flex\">\n<figure class=\"wp-block-image size-full\"><img loading=\"lazy\" decoding=\"async\" width=\"2560\" height=\"1444\" data-id=\"27644\" src=\"https:\/\/colegiomontessori.cl\/wp2\/wp-content\/uploads\/2025\/06\/taller-lectoescritura-4-scaled.jpg\" alt=\"\" class=\"wp-image-27644\" srcset=\"https:\/\/colegiomontessori.cl\/wp2\/wp-content\/uploads\/2025\/06\/taller-lectoescritura-4-scaled.jpg 2560w, https:\/\/colegiomontessori.cl\/wp2\/wp-content\/uploads\/2025\/06\/taller-lectoescritura-4-300x169.jpg 300w, https:\/\/colegiomontessori.cl\/wp2\/wp-content\/uploads\/2025\/06\/taller-lectoescritura-4-1024x578.jpg 1024w, https:\/\/colegiomontessori.cl\/wp2\/wp-content\/uploads\/2025\/06\/taller-lectoescritura-4-768x433.jpg 768w, https:\/\/colegiomontessori.cl\/wp2\/wp-content\/uploads\/2025\/06\/taller-lectoescritura-4-1536x866.jpg 1536w, https:\/\/colegiomontessori.cl\/wp2\/wp-content\/uploads\/2025\/06\/taller-lectoescritura-4-2048x1155.jpg 2048w\" sizes=\"auto, (max-width: 2560px) 100vw, 2560px\" \/><\/figure>\n\n\n\n<figure class=\"wp-block-image size-full\"><img loading=\"lazy\" decoding=\"async\" width=\"2560\" height=\"1444\" data-id=\"27645\" src=\"https:\/\/colegiomontessori.cl\/wp2\/wp-content\/uploads\/2025\/06\/taller-lectoescritura-5-scaled.jpg\" alt=\"\" class=\"wp-image-27645\" srcset=\"https:\/\/colegiomontessori.cl\/wp2\/wp-content\/uploads\/2025\/06\/taller-lectoescritura-5-scaled.jpg 2560w, https:\/\/colegiomontessori.cl\/wp2\/wp-content\/uploads\/2025\/06\/taller-lectoescritura-5-300x169.jpg 300w, https:\/\/colegiomontessori.cl\/wp2\/wp-content\/uploads\/2025\/06\/taller-lectoescritura-5-1024x578.jpg 1024w, https:\/\/colegiomontessori.cl\/wp2\/wp-content\/uploads\/2025\/06\/taller-lectoescritura-5-768x433.jpg 768w, https:\/\/colegiomontessori.cl\/wp2\/wp-content\/uploads\/2025\/06\/taller-lectoescritura-5-1536x866.jpg 1536w, https:\/\/colegiomontessori.cl\/wp2\/wp-content\/uploads\/2025\/06\/taller-lectoescritura-5-2048x1155.jpg 2048w\" sizes=\"auto, (max-width: 2560px) 100vw, 2560px\" \/><\/figure>\n\n\n\n<figure class=\"wp-block-image size-full\"><img loading=\"lazy\" decoding=\"async\" width=\"2560\" height=\"1444\" data-id=\"27641\" src=\"https:\/\/colegiomontessori.cl\/wp2\/wp-content\/uploads\/2025\/06\/taller-lectoescritura-1-scaled.jpg\" alt=\"\" class=\"wp-image-27641\" srcset=\"https:\/\/colegiomontessori.cl\/wp2\/wp-content\/uploads\/2025\/06\/taller-lectoescritura-1-scaled.jpg 2560w, https:\/\/colegiomontessori.cl\/wp2\/wp-content\/uploads\/2025\/06\/taller-lectoescritura-1-300x169.jpg 300w, https:\/\/colegiomontessori.cl\/wp2\/wp-content\/uploads\/2025\/06\/taller-lectoescritura-1-1024x577.jpg 1024w, https:\/\/colegiomontessori.cl\/wp2\/wp-content\/uploads\/2025\/06\/taller-lectoescritura-1-768x433.jpg 768w, https:\/\/colegiomontessori.cl\/wp2\/wp-content\/uploads\/2025\/06\/taller-lectoescritura-1-1536x866.jpg 1536w, https:\/\/colegiomontessori.cl\/wp2\/wp-content\/uploads\/2025\/06\/taller-lectoescritura-1-2048x1155.jpg 2048w\" sizes=\"auto, (max-width: 2560px) 100vw, 2560px\" \/><\/figure>\n<\/figure>\n\n\n\n<p>De forma complementaria, las directivas de apoderados de microcentros de 1\u00b0A y 1\u00b0B participaron de una reuni\u00f3n de retroalimentaci\u00f3n sobre lectoescritura con nuestra Coordinadora Acad\u00e9mica de la Jornada Tarde, profesora Paola Pinilla, para alinear las directrices de trabajo conjunto para cada curso durante el resto del a\u00f1o, adem\u00e1s de presentar a los padres las estrategias institucionales implementadas y los avances logrados por sus hijos.<\/p>\n\n\n\n<figure class=\"wp-block-gallery has-nested-images columns-default is-cropped wp-block-gallery-2 is-layout-flex wp-block-gallery-is-layout-flex\">\n<figure class=\"wp-block-image size-full\"><img loading=\"lazy\" decoding=\"async\" width=\"2560\" height=\"1443\" data-id=\"27642\" src=\"https:\/\/colegiomontessori.cl\/wp2\/wp-content\/uploads\/2025\/06\/taller-lectoescritura-2-scaled.jpg\" alt=\"\" class=\"wp-image-27642\" srcset=\"https:\/\/colegiomontessori.cl\/wp2\/wp-content\/uploads\/2025\/06\/taller-lectoescritura-2-scaled.jpg 2560w, https:\/\/colegiomontessori.cl\/wp2\/wp-content\/uploads\/2025\/06\/taller-lectoescritura-2-300x169.jpg 300w, https:\/\/colegiomontessori.cl\/wp2\/wp-content\/uploads\/2025\/06\/taller-lectoescritura-2-1024x577.jpg 1024w, https:\/\/colegiomontessori.cl\/wp2\/wp-content\/uploads\/2025\/06\/taller-lectoescritura-2-768x433.jpg 768w, https:\/\/colegiomontessori.cl\/wp2\/wp-content\/uploads\/2025\/06\/taller-lectoescritura-2-1536x866.jpg 1536w, https:\/\/colegiomontessori.cl\/wp2\/wp-content\/uploads\/2025\/06\/taller-lectoescritura-2-2048x1155.jpg 2048w\" sizes=\"auto, (max-width: 2560px) 100vw, 2560px\" \/><\/figure>\n<\/figure>\n","protected":false},"excerpt":{"rendered":"<p>Porque la colaboraci\u00f3n entre la familia y la escuela es fundamental para el \u00e9xito de los estudiantes, padres y apoderados de primeros a\u00f1os b\u00e1sicos participaron de un taller sobre estrategias para apoyar en casa el proceso de lectura y escritura de sus hijos, iniciativa impulsada desde Coordinaci\u00f3n Acad\u00e9mica e impartida por la profesora de Lenguaje &hellip;<\/p>\n<p class=\"read-more\"> <a class=\"\" href=\"https:\/\/colegiomontessori.cl\/wp2\/2025\/06\/06\/alianza-familia-escuela-apoyando-el-proceso-de-lectoescritura\/\"> <span class=\"screen-reader-text\">Alianza Familia-Escuela: Apoyando el proceso de Lectoescritura<\/span> Leer m\u00e1s &raquo;<\/a><\/p>\n","protected":false},"author":2,"featured_media":27643,"comment_status":"open","ping_status":"open","sticky":false,"template":"","format":"standard","meta":{"footnotes":""},"categories":[21,32],"tags":[],"class_list":["post-27640","post","type-post","status-publish","format-standard","has-post-thumbnail","hentry","category-area-academica","category-lenguaje"],"_links":{"self":[{"href":"https:\/\/colegiomontessori.cl\/wp2\/wp-json\/wp\/v2\/posts\/27640","targetHints":{"allow":["GET"]}}],"collection":[{"href":"https:\/\/colegiomontessori.cl\/wp2\/wp-json\/wp\/v2\/posts"}],"about":[{"href":"https:\/\/colegiomontessori.cl\/wp2\/wp-json\/wp\/v2\/types\/post"}],"author":[{"embeddable":true,"href":"https:\/\/colegiomontessori.cl\/wp2\/wp-json\/wp\/v2\/users\/2"}],"replies":[{"embeddable":true,"href":"https:\/\/colegiomontessori.cl\/wp2\/wp-json\/wp\/v2\/comments?post=27640"}],"version-history":[{"count":1,"href":"https:\/\/colegiomontessori.cl\/wp2\/wp-json\/wp\/v2\/posts\/27640\/revisions"}],"predecessor-version":[{"id":27646,"href":"https:\/\/colegiomontessori.cl\/wp2\/wp-json\/wp\/v2\/posts\/27640\/revisions\/27646"}],"wp:featuredmedia":[{"embeddable":true,"href":"https:\/\/colegiomontessori.cl\/wp2\/wp-json\/wp\/v2\/media\/27643"}],"wp:attachment":[{"href":"https:\/\/colegiomontessori.cl\/wp2\/wp-json\/wp\/v2\/media?parent=27640"}],"wp:term":[{"taxonomy":"category","embeddable":true,"href":"https:\/\/colegiomontessori.cl\/wp2\/wp-json\/wp\/v2\/categories?post=27640"},{"taxonomy":"post_tag","embeddable":true,"href":"https:\/\/colegiomontessori.cl\/wp2\/wp-json\/wp\/v2\/tags?post=27640"}],"curies":[{"name":"wp","href":"https:\/\/api.w.org\/{rel}","templated":true}]}}