{"id":28002,"date":"2025-07-09T17:38:26","date_gmt":"2025-07-09T21:38:26","guid":{"rendered":"https:\/\/colegiomontessori.cl\/wp2\/?p=28002"},"modified":"2025-07-09T17:38:28","modified_gmt":"2025-07-09T21:38:28","slug":"ajedrez-1-lugar-regional-y-sudamericano-escolar-impar-temuco-2025","status":"publish","type":"post","link":"https:\/\/colegiomontessori.cl\/wp2\/2025\/07\/09\/ajedrez-1-lugar-regional-y-sudamericano-escolar-impar-temuco-2025\/","title":{"rendered":"Ajedrez: 1\u00b0 Lugar Regional y Sudamericano Escolar Impar Temuco 2025"},"content":{"rendered":"\n<p>En la comuna de Victoria se desarroll\u00f3 la Final Regional de Ajedrez de los Juegos Deportivos Escolares 2025 del IND, instancia en la que nuestro establecimiento coron\u00f3 con el 1\u00b0 Lugar Juvenil Damas gracias a la destacada participaci\u00f3n de Amanda Mora (I\u00b0A).<\/p>\n\n\n\n<p>En representaci\u00f3n del Colegio Montessori tambi\u00e9n estuvo Pablo Huichicoy (IV\u00b0A), llegando a esta final como l\u00edder de la categor\u00eda Juvenil Varones.<\/p>\n\n\n\n<figure class=\"wp-block-gallery has-nested-images columns-2 is-cropped wp-block-gallery-1 is-layout-flex wp-block-gallery-is-layout-flex\">\n<figure class=\"wp-block-image size-full\"><img loading=\"lazy\" decoding=\"async\" width=\"2000\" height=\"1334\" data-id=\"28004\" src=\"https:\/\/colegiomontessori.cl\/wp2\/wp-content\/uploads\/2025\/07\/ajedrez-final-regional-2025-2.jpg\" alt=\"\" class=\"wp-image-28004\" srcset=\"https:\/\/colegiomontessori.cl\/wp2\/wp-content\/uploads\/2025\/07\/ajedrez-final-regional-2025-2.jpg 2000w, https:\/\/colegiomontessori.cl\/wp2\/wp-content\/uploads\/2025\/07\/ajedrez-final-regional-2025-2-300x200.jpg 300w, https:\/\/colegiomontessori.cl\/wp2\/wp-content\/uploads\/2025\/07\/ajedrez-final-regional-2025-2-1024x683.jpg 1024w, https:\/\/colegiomontessori.cl\/wp2\/wp-content\/uploads\/2025\/07\/ajedrez-final-regional-2025-2-768x512.jpg 768w, https:\/\/colegiomontessori.cl\/wp2\/wp-content\/uploads\/2025\/07\/ajedrez-final-regional-2025-2-1536x1025.jpg 1536w\" sizes=\"auto, (max-width: 2000px) 100vw, 2000px\" \/><\/figure>\n\n\n\n<figure class=\"wp-block-image size-full\"><img loading=\"lazy\" decoding=\"async\" width=\"2000\" height=\"1334\" data-id=\"28005\" src=\"https:\/\/colegiomontessori.cl\/wp2\/wp-content\/uploads\/2025\/07\/ajedrez-final-regional-2025-3.jpg\" alt=\"\" class=\"wp-image-28005\" srcset=\"https:\/\/colegiomontessori.cl\/wp2\/wp-content\/uploads\/2025\/07\/ajedrez-final-regional-2025-3.jpg 2000w, https:\/\/colegiomontessori.cl\/wp2\/wp-content\/uploads\/2025\/07\/ajedrez-final-regional-2025-3-300x200.jpg 300w, https:\/\/colegiomontessori.cl\/wp2\/wp-content\/uploads\/2025\/07\/ajedrez-final-regional-2025-3-1024x683.jpg 1024w, https:\/\/colegiomontessori.cl\/wp2\/wp-content\/uploads\/2025\/07\/ajedrez-final-regional-2025-3-768x512.jpg 768w, https:\/\/colegiomontessori.cl\/wp2\/wp-content\/uploads\/2025\/07\/ajedrez-final-regional-2025-3-1536x1025.jpg 1536w\" sizes=\"auto, (max-width: 2000px) 100vw, 2000px\" \/><\/figure>\n\n\n\n<figure class=\"wp-block-image size-full\"><img loading=\"lazy\" decoding=\"async\" width=\"1444\" height=\"2560\" data-id=\"28006\" src=\"https:\/\/colegiomontessori.cl\/wp2\/wp-content\/uploads\/2025\/07\/ajedrez-final-regional-2025-4-scaled.jpg\" alt=\"\" class=\"wp-image-28006\" srcset=\"https:\/\/colegiomontessori.cl\/wp2\/wp-content\/uploads\/2025\/07\/ajedrez-final-regional-2025-4-scaled.jpg 1444w, https:\/\/colegiomontessori.cl\/wp2\/wp-content\/uploads\/2025\/07\/ajedrez-final-regional-2025-4-169x300.jpg 169w, https:\/\/colegiomontessori.cl\/wp2\/wp-content\/uploads\/2025\/07\/ajedrez-final-regional-2025-4-578x1024.jpg 578w, https:\/\/colegiomontessori.cl\/wp2\/wp-content\/uploads\/2025\/07\/ajedrez-final-regional-2025-4-768x1362.jpg 768w, https:\/\/colegiomontessori.cl\/wp2\/wp-content\/uploads\/2025\/07\/ajedrez-final-regional-2025-4-866x1536.jpg 866w, https:\/\/colegiomontessori.cl\/wp2\/wp-content\/uploads\/2025\/07\/ajedrez-final-regional-2025-4-1155x2048.jpg 1155w\" sizes=\"auto, (max-width: 1444px) 100vw, 1444px\" \/><\/figure>\n<\/figure>\n\n\n\n<p>Como es tradici\u00f3n, los <a><\/a>ganadores de la categor\u00eda Sub 14 Damas y Varones representar\u00e1n a La Araucan\u00eda en la Final Nacional de los Juegos Deportivos Escolares 2025, honor que tuvo Amanda Mora en 2024, su \u00faltimo a\u00f1o y gran logro en esa categor\u00eda.<\/p>\n\n\n\n<p><strong>Sudamericano Escolar <\/strong><\/p>\n\n\n\n<p>A esta dupla de ajedrecistas se sum\u00f3 otra joven promesa del deporte ciencia, la alumna Carolina N\u00fa\u00f1ez (2\u00b0 B\u00e1sico A), campeona nacional Sub-8, para representar a nuestro colegio en el Sudamericano Escolar de Ajedrez Impar Temuco 2025.<\/p>\n\n\n\n<figure class=\"wp-block-gallery has-nested-images columns-2 is-cropped wp-block-gallery-2 is-layout-flex wp-block-gallery-is-layout-flex\">\n<figure class=\"wp-block-image size-full\"><img loading=\"lazy\" decoding=\"async\" width=\"1776\" height=\"1184\" data-id=\"28008\" src=\"https:\/\/colegiomontessori.cl\/wp2\/wp-content\/uploads\/2025\/07\/ajedrez-sudamericano-2025-2.jpg\" alt=\"\" class=\"wp-image-28008\" srcset=\"https:\/\/colegiomontessori.cl\/wp2\/wp-content\/uploads\/2025\/07\/ajedrez-sudamericano-2025-2.jpg 1776w, https:\/\/colegiomontessori.cl\/wp2\/wp-content\/uploads\/2025\/07\/ajedrez-sudamericano-2025-2-300x200.jpg 300w, https:\/\/colegiomontessori.cl\/wp2\/wp-content\/uploads\/2025\/07\/ajedrez-sudamericano-2025-2-1024x683.jpg 1024w, https:\/\/colegiomontessori.cl\/wp2\/wp-content\/uploads\/2025\/07\/ajedrez-sudamericano-2025-2-768x512.jpg 768w, https:\/\/colegiomontessori.cl\/wp2\/wp-content\/uploads\/2025\/07\/ajedrez-sudamericano-2025-2-1536x1024.jpg 1536w\" sizes=\"auto, (max-width: 1776px) 100vw, 1776px\" \/><\/figure>\n\n\n\n<figure class=\"wp-block-image size-full\"><img loading=\"lazy\" decoding=\"async\" width=\"1776\" height=\"1184\" data-id=\"28009\" src=\"https:\/\/colegiomontessori.cl\/wp2\/wp-content\/uploads\/2025\/07\/ajedrez-sudamericano-2025-3.jpg\" alt=\"\" class=\"wp-image-28009\" srcset=\"https:\/\/colegiomontessori.cl\/wp2\/wp-content\/uploads\/2025\/07\/ajedrez-sudamericano-2025-3.jpg 1776w, https:\/\/colegiomontessori.cl\/wp2\/wp-content\/uploads\/2025\/07\/ajedrez-sudamericano-2025-3-300x200.jpg 300w, https:\/\/colegiomontessori.cl\/wp2\/wp-content\/uploads\/2025\/07\/ajedrez-sudamericano-2025-3-1024x683.jpg 1024w, https:\/\/colegiomontessori.cl\/wp2\/wp-content\/uploads\/2025\/07\/ajedrez-sudamericano-2025-3-768x512.jpg 768w, https:\/\/colegiomontessori.cl\/wp2\/wp-content\/uploads\/2025\/07\/ajedrez-sudamericano-2025-3-1536x1024.jpg 1536w\" sizes=\"auto, (max-width: 1776px) 100vw, 1776px\" \/><\/figure>\n\n\n\n<figure class=\"wp-block-image size-full\"><img loading=\"lazy\" decoding=\"async\" width=\"1776\" height=\"1184\" data-id=\"28011\" src=\"https:\/\/colegiomontessori.cl\/wp2\/wp-content\/uploads\/2025\/07\/ajedrez-sudamericano-2025-5.jpg\" alt=\"\" class=\"wp-image-28011\" srcset=\"https:\/\/colegiomontessori.cl\/wp2\/wp-content\/uploads\/2025\/07\/ajedrez-sudamericano-2025-5.jpg 1776w, https:\/\/colegiomontessori.cl\/wp2\/wp-content\/uploads\/2025\/07\/ajedrez-sudamericano-2025-5-300x200.jpg 300w, https:\/\/colegiomontessori.cl\/wp2\/wp-content\/uploads\/2025\/07\/ajedrez-sudamericano-2025-5-1024x683.jpg 1024w, https:\/\/colegiomontessori.cl\/wp2\/wp-content\/uploads\/2025\/07\/ajedrez-sudamericano-2025-5-768x512.jpg 768w, https:\/\/colegiomontessori.cl\/wp2\/wp-content\/uploads\/2025\/07\/ajedrez-sudamericano-2025-5-1536x1024.jpg 1536w\" sizes=\"auto, (max-width: 1776px) 100vw, 1776px\" \/><\/figure>\n\n\n\n<figure class=\"wp-block-image size-full\"><img loading=\"lazy\" decoding=\"async\" width=\"1776\" height=\"1184\" data-id=\"28010\" src=\"https:\/\/colegiomontessori.cl\/wp2\/wp-content\/uploads\/2025\/07\/ajedrez-sudamericano-2025-4.jpg\" alt=\"\" class=\"wp-image-28010\" srcset=\"https:\/\/colegiomontessori.cl\/wp2\/wp-content\/uploads\/2025\/07\/ajedrez-sudamericano-2025-4.jpg 1776w, https:\/\/colegiomontessori.cl\/wp2\/wp-content\/uploads\/2025\/07\/ajedrez-sudamericano-2025-4-300x200.jpg 300w, https:\/\/colegiomontessori.cl\/wp2\/wp-content\/uploads\/2025\/07\/ajedrez-sudamericano-2025-4-1024x683.jpg 1024w, https:\/\/colegiomontessori.cl\/wp2\/wp-content\/uploads\/2025\/07\/ajedrez-sudamericano-2025-4-768x512.jpg 768w, https:\/\/colegiomontessori.cl\/wp2\/wp-content\/uploads\/2025\/07\/ajedrez-sudamericano-2025-4-1536x1024.jpg 1536w\" sizes=\"auto, (max-width: 1776px) 100vw, 1776px\" \/><\/figure>\n<\/figure>\n\n\n\n<p>Este magno evento organizado por la <a href=\"https:\/\/www.facebook.com\/ajefech.chile?__cft__[0]=AZXN34frpWuzrUUbv0nGkc1shRiX4YUPvZvKFT8_L-Adqx3OUqyYJsYdA1L_KdZCHDpuwq4rElUQLsMMAyphU0RtobxmpXLtRmGRflv7JvAD54c5HJaDQNF6N7cefDJIqEVwI53VFKEacAaQ-KYDqjUW&amp;__tn__=-]K-R\">Federaci\u00f3n de Ajedrez de Chile &#8211; AJEFECH<\/a>, se realiz\u00f3 desde el 30 de junio al 06 de julio en la capital regional, resultando una experiencia in\u00e9dita para los Montessorianos al tener la oportunidad de medir su juego en un ambiente de alta competitividad, contra jugadores de Chile, Per\u00fa, Bolivia y Colombia.<\/p>\n\n\n\n<p>Sin duda una instancia de crecimiento personal que implica mucho esfuerzo y disciplina \u00a1Felicitaciones!<\/p>\n\n\n\n<figure class=\"wp-block-gallery has-nested-images columns-default is-cropped wp-block-gallery-3 is-layout-flex wp-block-gallery-is-layout-flex\">\n<figure class=\"wp-block-image size-full\"><img loading=\"lazy\" decoding=\"async\" width=\"900\" height=\"1426\" data-id=\"28007\" src=\"https:\/\/colegiomontessori.cl\/wp2\/wp-content\/uploads\/2025\/07\/ajedrez-sudamericano-2025-1.jpg\" alt=\"\" class=\"wp-image-28007\" srcset=\"https:\/\/colegiomontessori.cl\/wp2\/wp-content\/uploads\/2025\/07\/ajedrez-sudamericano-2025-1.jpg 900w, https:\/\/colegiomontessori.cl\/wp2\/wp-content\/uploads\/2025\/07\/ajedrez-sudamericano-2025-1-189x300.jpg 189w, https:\/\/colegiomontessori.cl\/wp2\/wp-content\/uploads\/2025\/07\/ajedrez-sudamericano-2025-1-646x1024.jpg 646w, https:\/\/colegiomontessori.cl\/wp2\/wp-content\/uploads\/2025\/07\/ajedrez-sudamericano-2025-1-768x1217.jpg 768w\" sizes=\"auto, (max-width: 900px) 100vw, 900px\" \/><\/figure>\n<\/figure>\n","protected":false},"excerpt":{"rendered":"<p>En la comuna de Victoria se desarroll\u00f3 la Final Regional de Ajedrez de los Juegos Deportivos Escolares 2025 del IND, instancia en la que nuestro establecimiento coron\u00f3 con el 1\u00b0 Lugar Juvenil Damas gracias a la destacada participaci\u00f3n de Amanda Mora (I\u00b0A). En representaci\u00f3n del Colegio Montessori tambi\u00e9n estuvo Pablo Huichicoy (IV\u00b0A), llegando a esta &hellip;<\/p>\n<p class=\"read-more\"> <a class=\"\" href=\"https:\/\/colegiomontessori.cl\/wp2\/2025\/07\/09\/ajedrez-1-lugar-regional-y-sudamericano-escolar-impar-temuco-2025\/\"> <span class=\"screen-reader-text\">Ajedrez: 1\u00b0 Lugar Regional y Sudamericano Escolar Impar Temuco 2025<\/span> Leer m\u00e1s &raquo;<\/a><\/p>\n","protected":false},"author":2,"featured_media":28003,"comment_status":"open","ping_status":"open","sticky":false,"template":"","format":"standard","meta":{"footnotes":""},"categories":[53,19],"tags":[],"class_list":["post-28002","post","type-post","status-publish","format-standard","has-post-thumbnail","hentry","category-ajedrez","category-deportes"],"_links":{"self":[{"href":"https:\/\/colegiomontessori.cl\/wp2\/wp-json\/wp\/v2\/posts\/28002","targetHints":{"allow":["GET"]}}],"collection":[{"href":"https:\/\/colegiomontessori.cl\/wp2\/wp-json\/wp\/v2\/posts"}],"about":[{"href":"https:\/\/colegiomontessori.cl\/wp2\/wp-json\/wp\/v2\/types\/post"}],"author":[{"embeddable":true,"href":"https:\/\/colegiomontessori.cl\/wp2\/wp-json\/wp\/v2\/users\/2"}],"replies":[{"embeddable":true,"href":"https:\/\/colegiomontessori.cl\/wp2\/wp-json\/wp\/v2\/comments?post=28002"}],"version-history":[{"count":1,"href":"https:\/\/colegiomontessori.cl\/wp2\/wp-json\/wp\/v2\/posts\/28002\/revisions"}],"predecessor-version":[{"id":28012,"href":"https:\/\/colegiomontessori.cl\/wp2\/wp-json\/wp\/v2\/posts\/28002\/revisions\/28012"}],"wp:featuredmedia":[{"embeddable":true,"href":"https:\/\/colegiomontessori.cl\/wp2\/wp-json\/wp\/v2\/media\/28003"}],"wp:attachment":[{"href":"https:\/\/colegiomontessori.cl\/wp2\/wp-json\/wp\/v2\/media?parent=28002"}],"wp:term":[{"taxonomy":"category","embeddable":true,"href":"https:\/\/colegiomontessori.cl\/wp2\/wp-json\/wp\/v2\/categories?post=28002"},{"taxonomy":"post_tag","embeddable":true,"href":"https:\/\/colegiomontessori.cl\/wp2\/wp-json\/wp\/v2\/tags?post=28002"}],"curies":[{"name":"wp","href":"https:\/\/api.w.org\/{rel}","templated":true}]}}