{"id":28014,"date":"2025-07-10T12:30:37","date_gmt":"2025-07-10T16:30:37","guid":{"rendered":"https:\/\/colegiomontessori.cl\/wp2\/?p=28014"},"modified":"2025-07-10T12:30:39","modified_gmt":"2025-07-10T16:30:39","slug":"invitacion-reunion-de-encargados-academicos-jornada-tarde-martes-15-julio-1815-hrs","status":"publish","type":"post","link":"https:\/\/colegiomontessori.cl\/wp2\/2025\/07\/10\/invitacion-reunion-de-encargados-academicos-jornada-tarde-martes-15-julio-1815-hrs\/","title":{"rendered":"INVITACI\u00d3N | Reuni\u00f3n de Encargados Acad\u00e9micos (Jornada Tarde) &#8211; Martes 15 Julio \/ 18:15 Hrs."},"content":{"rendered":"\n<p>Estimados Padres y Apoderados,<\/p>\n\n\n\n<p>Junto con saludar informamos a Uds. que el pr\u00f3ximo&nbsp;<strong>martes 15 de julio, a las 18:15 horas<\/strong>, se realizar\u00e1 nuestra primera Reuni\u00f3n de Apoderados Encargados Acad\u00e9micos de la Jornada Tarde para este 2\u00b0 Semestre. En esta oportunidad haremos entrega del calendario de evaluaciones y otras informaciones sobre el desarrollo de la Unidad 3.<\/p>\n\n\n\n<p>Si Ud. como delegado(a) de \u00e1rea no puede asistir, agradeceremos contar con la presencia de un representante de la directiva.<\/p>\n\n\n\n<p>La reuni\u00f3n se realizar\u00e1 en la Sala de Lectura de nuestro establecimiento.<\/p>\n\n\n\n<p>Atentamente,<\/p>\n\n\n\n<p><strong>Coordinaci\u00f3n Acad\u00e9mica<\/strong><\/p>\n","protected":false},"excerpt":{"rendered":"<p>Estimados Padres y Apoderados, Junto con saludar informamos a Uds. que el pr\u00f3ximo&nbsp;martes 15 de julio, a las 18:15 horas, se realizar\u00e1 nuestra primera Reuni\u00f3n de Apoderados Encargados Acad\u00e9micos de la Jornada Tarde para este 2\u00b0 Semestre. En esta oportunidad haremos entrega del calendario de evaluaciones y otras informaciones sobre el desarrollo de la Unidad &hellip;<\/p>\n<p class=\"read-more\"> <a class=\"\" href=\"https:\/\/colegiomontessori.cl\/wp2\/2025\/07\/10\/invitacion-reunion-de-encargados-academicos-jornada-tarde-martes-15-julio-1815-hrs\/\"> <span class=\"screen-reader-text\">INVITACI\u00d3N | Reuni\u00f3n de Encargados Acad\u00e9micos (Jornada Tarde) &#8211; Martes 15 Julio \/ 18:15 Hrs.<\/span> Leer m\u00e1s &raquo;<\/a><\/p>\n","protected":false},"author":2,"featured_media":28015,"comment_status":"open","ping_status":"open","sticky":false,"template":"","format":"standard","meta":{"footnotes":""},"categories":[25,21],"tags":[],"class_list":["post-28014","post","type-post","status-publish","format-standard","has-post-thumbnail","hentry","category-apoderados","category-area-academica"],"_links":{"self":[{"href":"https:\/\/colegiomontessori.cl\/wp2\/wp-json\/wp\/v2\/posts\/28014","targetHints":{"allow":["GET"]}}],"collection":[{"href":"https:\/\/colegiomontessori.cl\/wp2\/wp-json\/wp\/v2\/posts"}],"about":[{"href":"https:\/\/colegiomontessori.cl\/wp2\/wp-json\/wp\/v2\/types\/post"}],"author":[{"embeddable":true,"href":"https:\/\/colegiomontessori.cl\/wp2\/wp-json\/wp\/v2\/users\/2"}],"replies":[{"embeddable":true,"href":"https:\/\/colegiomontessori.cl\/wp2\/wp-json\/wp\/v2\/comments?post=28014"}],"version-history":[{"count":1,"href":"https:\/\/colegiomontessori.cl\/wp2\/wp-json\/wp\/v2\/posts\/28014\/revisions"}],"predecessor-version":[{"id":28016,"href":"https:\/\/colegiomontessori.cl\/wp2\/wp-json\/wp\/v2\/posts\/28014\/revisions\/28016"}],"wp:featuredmedia":[{"embeddable":true,"href":"https:\/\/colegiomontessori.cl\/wp2\/wp-json\/wp\/v2\/media\/28015"}],"wp:attachment":[{"href":"https:\/\/colegiomontessori.cl\/wp2\/wp-json\/wp\/v2\/media?parent=28014"}],"wp:term":[{"taxonomy":"category","embeddable":true,"href":"https:\/\/colegiomontessori.cl\/wp2\/wp-json\/wp\/v2\/categories?post=28014"},{"taxonomy":"post_tag","embeddable":true,"href":"https:\/\/colegiomontessori.cl\/wp2\/wp-json\/wp\/v2\/tags?post=28014"}],"curies":[{"name":"wp","href":"https:\/\/api.w.org\/{rel}","templated":true}]}}