{"id":30103,"date":"2025-11-28T14:15:25","date_gmt":"2025-11-28T17:15:25","guid":{"rendered":"https:\/\/colegiomontessori.cl\/wp2\/?p=30103"},"modified":"2025-11-28T14:16:42","modified_gmt":"2025-11-28T17:16:42","slug":"colegio-montessori-esta-con-la-teleton-2025","status":"publish","type":"post","link":"https:\/\/colegiomontessori.cl\/wp2\/2025\/11\/28\/colegio-montessori-esta-con-la-teleton-2025\/","title":{"rendered":"\u00a1Colegio Montessori est\u00e1 con la Telet\u00f3n 2025!"},"content":{"rendered":"\n<p>Al igual que cada a\u00f1o nuestro colegio se une con entusiasmo y solidaridad para apoyar la campa\u00f1a Telet\u00f3n, colaborando y reuniendo fondos a trav\u00e9s de las diversas actividades coordinadas desde el \u00e1rea de Convivencia Escolar en alianza a los distintos estamentos de la comunidad educativa.<\/p>\n\n\n\n<figure class=\"wp-block-gallery has-nested-images columns-2 is-cropped wp-block-gallery-1 is-layout-flex wp-block-gallery-is-layout-flex\">\n<figure class=\"wp-block-image size-full\"><img loading=\"lazy\" decoding=\"async\" width=\"2453\" height=\"1840\" data-id=\"30105\" src=\"https:\/\/colegiomontessori.cl\/wp2\/wp-content\/uploads\/2025\/11\/teleton-2025-2.jpg\" alt=\"\" class=\"wp-image-30105\" srcset=\"https:\/\/colegiomontessori.cl\/wp2\/wp-content\/uploads\/2025\/11\/teleton-2025-2.jpg 2453w, https:\/\/colegiomontessori.cl\/wp2\/wp-content\/uploads\/2025\/11\/teleton-2025-2-300x225.jpg 300w, https:\/\/colegiomontessori.cl\/wp2\/wp-content\/uploads\/2025\/11\/teleton-2025-2-1024x768.jpg 1024w, https:\/\/colegiomontessori.cl\/wp2\/wp-content\/uploads\/2025\/11\/teleton-2025-2-768x576.jpg 768w, https:\/\/colegiomontessori.cl\/wp2\/wp-content\/uploads\/2025\/11\/teleton-2025-2-1536x1152.jpg 1536w, https:\/\/colegiomontessori.cl\/wp2\/wp-content\/uploads\/2025\/11\/teleton-2025-2-2048x1536.jpg 2048w\" sizes=\"auto, (max-width: 2453px) 100vw, 2453px\" \/><\/figure>\n\n\n\n<figure class=\"wp-block-image size-full\"><img loading=\"lazy\" decoding=\"async\" width=\"2555\" height=\"1916\" data-id=\"30107\" src=\"https:\/\/colegiomontessori.cl\/wp2\/wp-content\/uploads\/2025\/11\/teleton-2025-4.jpg\" alt=\"\" class=\"wp-image-30107\" srcset=\"https:\/\/colegiomontessori.cl\/wp2\/wp-content\/uploads\/2025\/11\/teleton-2025-4.jpg 2555w, https:\/\/colegiomontessori.cl\/wp2\/wp-content\/uploads\/2025\/11\/teleton-2025-4-300x225.jpg 300w, https:\/\/colegiomontessori.cl\/wp2\/wp-content\/uploads\/2025\/11\/teleton-2025-4-1024x768.jpg 1024w, https:\/\/colegiomontessori.cl\/wp2\/wp-content\/uploads\/2025\/11\/teleton-2025-4-768x576.jpg 768w, https:\/\/colegiomontessori.cl\/wp2\/wp-content\/uploads\/2025\/11\/teleton-2025-4-1536x1152.jpg 1536w, https:\/\/colegiomontessori.cl\/wp2\/wp-content\/uploads\/2025\/11\/teleton-2025-4-2048x1536.jpg 2048w\" sizes=\"auto, (max-width: 2555px) 100vw, 2555px\" \/><\/figure>\n\n\n\n<figure class=\"wp-block-image size-full\"><img loading=\"lazy\" decoding=\"async\" width=\"981\" height=\"736\" data-id=\"30106\" src=\"https:\/\/colegiomontessori.cl\/wp2\/wp-content\/uploads\/2025\/11\/teleton-2025-3.jpg\" alt=\"\" class=\"wp-image-30106\" srcset=\"https:\/\/colegiomontessori.cl\/wp2\/wp-content\/uploads\/2025\/11\/teleton-2025-3.jpg 981w, https:\/\/colegiomontessori.cl\/wp2\/wp-content\/uploads\/2025\/11\/teleton-2025-3-300x225.jpg 300w, https:\/\/colegiomontessori.cl\/wp2\/wp-content\/uploads\/2025\/11\/teleton-2025-3-768x576.jpg 768w\" sizes=\"auto, (max-width: 981px) 100vw, 981px\" \/><\/figure>\n<\/figure>\n\n\n\n<p>Cada gesto, cada aporte y cada instancia vivida durante estos d\u00edas refleja nuestro compromiso con los ni\u00f1os y ni\u00f1as del Instituto Telet\u00f3n Chile, quienes nos inspiran con su fuerza, alegr\u00eda y ganas de salir adelante.<\/p>\n\n\n\n<figure class=\"wp-block-gallery has-nested-images columns-2 is-cropped wp-block-gallery-2 is-layout-flex wp-block-gallery-is-layout-flex\">\n<figure class=\"wp-block-image size-full\"><img loading=\"lazy\" decoding=\"async\" width=\"2453\" height=\"1840\" data-id=\"30108\" src=\"https:\/\/colegiomontessori.cl\/wp2\/wp-content\/uploads\/2025\/11\/teleton-2025-5.jpg\" alt=\"\" class=\"wp-image-30108\" srcset=\"https:\/\/colegiomontessori.cl\/wp2\/wp-content\/uploads\/2025\/11\/teleton-2025-5.jpg 2453w, https:\/\/colegiomontessori.cl\/wp2\/wp-content\/uploads\/2025\/11\/teleton-2025-5-300x225.jpg 300w, https:\/\/colegiomontessori.cl\/wp2\/wp-content\/uploads\/2025\/11\/teleton-2025-5-1024x768.jpg 1024w, https:\/\/colegiomontessori.cl\/wp2\/wp-content\/uploads\/2025\/11\/teleton-2025-5-768x576.jpg 768w, https:\/\/colegiomontessori.cl\/wp2\/wp-content\/uploads\/2025\/11\/teleton-2025-5-1536x1152.jpg 1536w, https:\/\/colegiomontessori.cl\/wp2\/wp-content\/uploads\/2025\/11\/teleton-2025-5-2048x1536.jpg 2048w\" sizes=\"auto, (max-width: 2453px) 100vw, 2453px\" \/><\/figure>\n\n\n\n<figure class=\"wp-block-image size-full\"><img loading=\"lazy\" decoding=\"async\" width=\"1201\" height=\"901\" data-id=\"30109\" src=\"https:\/\/colegiomontessori.cl\/wp2\/wp-content\/uploads\/2025\/11\/teleton-2025-6.jpg\" alt=\"\" class=\"wp-image-30109\" srcset=\"https:\/\/colegiomontessori.cl\/wp2\/wp-content\/uploads\/2025\/11\/teleton-2025-6.jpg 1201w, https:\/\/colegiomontessori.cl\/wp2\/wp-content\/uploads\/2025\/11\/teleton-2025-6-300x225.jpg 300w, https:\/\/colegiomontessori.cl\/wp2\/wp-content\/uploads\/2025\/11\/teleton-2025-6-1024x768.jpg 1024w, https:\/\/colegiomontessori.cl\/wp2\/wp-content\/uploads\/2025\/11\/teleton-2025-6-768x576.jpg 768w\" sizes=\"auto, (max-width: 1201px) 100vw, 1201px\" \/><\/figure>\n\n\n\n<figure class=\"wp-block-image size-full\"><img loading=\"lazy\" decoding=\"async\" width=\"2454\" height=\"1840\" data-id=\"30113\" src=\"https:\/\/colegiomontessori.cl\/wp2\/wp-content\/uploads\/2025\/11\/teleton-2025-10.jpg\" alt=\"\" class=\"wp-image-30113\" srcset=\"https:\/\/colegiomontessori.cl\/wp2\/wp-content\/uploads\/2025\/11\/teleton-2025-10.jpg 2454w, https:\/\/colegiomontessori.cl\/wp2\/wp-content\/uploads\/2025\/11\/teleton-2025-10-300x225.jpg 300w, https:\/\/colegiomontessori.cl\/wp2\/wp-content\/uploads\/2025\/11\/teleton-2025-10-1024x768.jpg 1024w, https:\/\/colegiomontessori.cl\/wp2\/wp-content\/uploads\/2025\/11\/teleton-2025-10-768x576.jpg 768w, https:\/\/colegiomontessori.cl\/wp2\/wp-content\/uploads\/2025\/11\/teleton-2025-10-1536x1152.jpg 1536w, https:\/\/colegiomontessori.cl\/wp2\/wp-content\/uploads\/2025\/11\/teleton-2025-10-2048x1536.jpg 2048w\" sizes=\"auto, (max-width: 2454px) 100vw, 2454px\" \/><\/figure>\n<\/figure>\n\n\n\n<p>Si a\u00fan no has podido realizar tu aporte&#8230; todav\u00eda est\u00e1s a tiempo\u203c<\/p>\n\n\n\n<figure class=\"wp-block-gallery has-nested-images columns-default is-cropped wp-block-gallery-3 is-layout-flex wp-block-gallery-is-layout-flex\">\n<figure class=\"wp-block-image size-full\"><img loading=\"lazy\" decoding=\"async\" width=\"1080\" height=\"1350\" data-id=\"29917\" src=\"https:\/\/colegiomontessori.cl\/wp2\/wp-content\/uploads\/2025\/11\/afiche-teletin-jornada-manana.jpg\" alt=\"\" class=\"wp-image-29917\" srcset=\"https:\/\/colegiomontessori.cl\/wp2\/wp-content\/uploads\/2025\/11\/afiche-teletin-jornada-manana.jpg 1080w, https:\/\/colegiomontessori.cl\/wp2\/wp-content\/uploads\/2025\/11\/afiche-teletin-jornada-manana-240x300.jpg 240w, https:\/\/colegiomontessori.cl\/wp2\/wp-content\/uploads\/2025\/11\/afiche-teletin-jornada-manana-819x1024.jpg 819w, https:\/\/colegiomontessori.cl\/wp2\/wp-content\/uploads\/2025\/11\/afiche-teletin-jornada-manana-768x960.jpg 768w\" sizes=\"auto, (max-width: 1080px) 100vw, 1080px\" \/><\/figure>\n\n\n\n<figure class=\"wp-block-image size-full\"><img loading=\"lazy\" decoding=\"async\" width=\"1414\" height=\"2000\" data-id=\"29766\" src=\"https:\/\/colegiomontessori.cl\/wp2\/wp-content\/uploads\/2025\/11\/feria-juguetes-2025.jpg\" alt=\"\" class=\"wp-image-29766\" srcset=\"https:\/\/colegiomontessori.cl\/wp2\/wp-content\/uploads\/2025\/11\/feria-juguetes-2025.jpg 1414w, https:\/\/colegiomontessori.cl\/wp2\/wp-content\/uploads\/2025\/11\/feria-juguetes-2025-212x300.jpg 212w, https:\/\/colegiomontessori.cl\/wp2\/wp-content\/uploads\/2025\/11\/feria-juguetes-2025-724x1024.jpg 724w, https:\/\/colegiomontessori.cl\/wp2\/wp-content\/uploads\/2025\/11\/feria-juguetes-2025-768x1086.jpg 768w, https:\/\/colegiomontessori.cl\/wp2\/wp-content\/uploads\/2025\/11\/feria-juguetes-2025-1086x1536.jpg 1086w\" sizes=\"auto, (max-width: 1414px) 100vw, 1414px\" \/><\/figure>\n<\/figure>\n\n\n\n<p>Sigamos construyendo juntos un futuro m\u00e1s inclusivo y solidario.<\/p>\n\n\n\n<figure class=\"wp-block-gallery has-nested-images columns-2 is-cropped wp-block-gallery-4 is-layout-flex wp-block-gallery-is-layout-flex\">\n<figure class=\"wp-block-image size-full\"><img loading=\"lazy\" decoding=\"async\" width=\"2560\" height=\"1920\" data-id=\"30111\" src=\"https:\/\/colegiomontessori.cl\/wp2\/wp-content\/uploads\/2025\/11\/teleton-2025-8-scaled.jpg\" alt=\"\" class=\"wp-image-30111\" srcset=\"https:\/\/colegiomontessori.cl\/wp2\/wp-content\/uploads\/2025\/11\/teleton-2025-8-scaled.jpg 2560w, https:\/\/colegiomontessori.cl\/wp2\/wp-content\/uploads\/2025\/11\/teleton-2025-8-300x225.jpg 300w, https:\/\/colegiomontessori.cl\/wp2\/wp-content\/uploads\/2025\/11\/teleton-2025-8-1024x768.jpg 1024w, https:\/\/colegiomontessori.cl\/wp2\/wp-content\/uploads\/2025\/11\/teleton-2025-8-768x576.jpg 768w, https:\/\/colegiomontessori.cl\/wp2\/wp-content\/uploads\/2025\/11\/teleton-2025-8-1536x1152.jpg 1536w, https:\/\/colegiomontessori.cl\/wp2\/wp-content\/uploads\/2025\/11\/teleton-2025-8-2048x1536.jpg 2048w\" sizes=\"auto, (max-width: 2560px) 100vw, 2560px\" \/><\/figure>\n\n\n\n<figure class=\"wp-block-image size-full\"><img loading=\"lazy\" decoding=\"async\" width=\"2453\" height=\"1840\" data-id=\"30112\" src=\"https:\/\/colegiomontessori.cl\/wp2\/wp-content\/uploads\/2025\/11\/teleton-2025-9.jpg\" alt=\"\" class=\"wp-image-30112\" srcset=\"https:\/\/colegiomontessori.cl\/wp2\/wp-content\/uploads\/2025\/11\/teleton-2025-9.jpg 2453w, https:\/\/colegiomontessori.cl\/wp2\/wp-content\/uploads\/2025\/11\/teleton-2025-9-300x225.jpg 300w, https:\/\/colegiomontessori.cl\/wp2\/wp-content\/uploads\/2025\/11\/teleton-2025-9-1024x768.jpg 1024w, https:\/\/colegiomontessori.cl\/wp2\/wp-content\/uploads\/2025\/11\/teleton-2025-9-768x576.jpg 768w, https:\/\/colegiomontessori.cl\/wp2\/wp-content\/uploads\/2025\/11\/teleton-2025-9-1536x1152.jpg 1536w, https:\/\/colegiomontessori.cl\/wp2\/wp-content\/uploads\/2025\/11\/teleton-2025-9-2048x1536.jpg 2048w\" sizes=\"auto, (max-width: 2453px) 100vw, 2453px\" \/><\/figure>\n\n\n\n<figure class=\"wp-block-image size-full\"><img loading=\"lazy\" decoding=\"async\" width=\"2560\" height=\"1920\" data-id=\"30110\" src=\"https:\/\/colegiomontessori.cl\/wp2\/wp-content\/uploads\/2025\/11\/teleton-2025-7-scaled.jpg\" alt=\"\" class=\"wp-image-30110\" srcset=\"https:\/\/colegiomontessori.cl\/wp2\/wp-content\/uploads\/2025\/11\/teleton-2025-7-scaled.jpg 2560w, https:\/\/colegiomontessori.cl\/wp2\/wp-content\/uploads\/2025\/11\/teleton-2025-7-300x225.jpg 300w, https:\/\/colegiomontessori.cl\/wp2\/wp-content\/uploads\/2025\/11\/teleton-2025-7-1024x768.jpg 1024w, https:\/\/colegiomontessori.cl\/wp2\/wp-content\/uploads\/2025\/11\/teleton-2025-7-768x576.jpg 768w, https:\/\/colegiomontessori.cl\/wp2\/wp-content\/uploads\/2025\/11\/teleton-2025-7-1536x1152.jpg 1536w, https:\/\/colegiomontessori.cl\/wp2\/wp-content\/uploads\/2025\/11\/teleton-2025-7-2048x1536.jpg 2048w\" sizes=\"auto, (max-width: 2560px) 100vw, 2560px\" \/><\/figure>\n<\/figure>\n","protected":false},"excerpt":{"rendered":"<p>Al igual que cada a\u00f1o nuestro colegio se une con entusiasmo y solidaridad para apoyar la campa\u00f1a Telet\u00f3n, colaborando y reuniendo fondos a trav\u00e9s de las diversas actividades coordinadas desde el \u00e1rea de Convivencia Escolar en alianza a los distintos estamentos de la comunidad educativa. Cada gesto, cada aporte y cada instancia vivida durante estos &hellip;<\/p>\n<p class=\"read-more\"> <a class=\"\" href=\"https:\/\/colegiomontessori.cl\/wp2\/2025\/11\/28\/colegio-montessori-esta-con-la-teleton-2025\/\"> <span class=\"screen-reader-text\">\u00a1Colegio Montessori est\u00e1 con la Telet\u00f3n 2025!<\/span> Leer m\u00e1s &raquo;<\/a><\/p>\n","protected":false},"author":2,"featured_media":30104,"comment_status":"open","ping_status":"open","sticky":false,"template":"","format":"standard","meta":{"footnotes":""},"categories":[22],"tags":[],"class_list":["post-30103","post","type-post","status-publish","format-standard","has-post-thumbnail","hentry","category-convivencia-escolar"],"_links":{"self":[{"href":"https:\/\/colegiomontessori.cl\/wp2\/wp-json\/wp\/v2\/posts\/30103","targetHints":{"allow":["GET"]}}],"collection":[{"href":"https:\/\/colegiomontessori.cl\/wp2\/wp-json\/wp\/v2\/posts"}],"about":[{"href":"https:\/\/colegiomontessori.cl\/wp2\/wp-json\/wp\/v2\/types\/post"}],"author":[{"embeddable":true,"href":"https:\/\/colegiomontessori.cl\/wp2\/wp-json\/wp\/v2\/users\/2"}],"replies":[{"embeddable":true,"href":"https:\/\/colegiomontessori.cl\/wp2\/wp-json\/wp\/v2\/comments?post=30103"}],"version-history":[{"count":2,"href":"https:\/\/colegiomontessori.cl\/wp2\/wp-json\/wp\/v2\/posts\/30103\/revisions"}],"predecessor-version":[{"id":30115,"href":"https:\/\/colegiomontessori.cl\/wp2\/wp-json\/wp\/v2\/posts\/30103\/revisions\/30115"}],"wp:featuredmedia":[{"embeddable":true,"href":"https:\/\/colegiomontessori.cl\/wp2\/wp-json\/wp\/v2\/media\/30104"}],"wp:attachment":[{"href":"https:\/\/colegiomontessori.cl\/wp2\/wp-json\/wp\/v2\/media?parent=30103"}],"wp:term":[{"taxonomy":"category","embeddable":true,"href":"https:\/\/colegiomontessori.cl\/wp2\/wp-json\/wp\/v2\/categories?post=30103"},{"taxonomy":"post_tag","embeddable":true,"href":"https:\/\/colegiomontessori.cl\/wp2\/wp-json\/wp\/v2\/tags?post=30103"}],"curies":[{"name":"wp","href":"https:\/\/api.w.org\/{rel}","templated":true}]}}