{"id":30137,"date":"2025-12-02T16:36:16","date_gmt":"2025-12-02T19:36:16","guid":{"rendered":"https:\/\/colegiomontessori.cl\/wp2\/?p=30137"},"modified":"2025-12-03T16:34:34","modified_gmt":"2025-12-03T19:34:34","slug":"semana-de-la-inclusion-2025","status":"publish","type":"post","link":"https:\/\/colegiomontessori.cl\/wp2\/2025\/12\/02\/semana-de-la-inclusion-2025\/","title":{"rendered":"Semana de la Inclusi\u00f3n 2025: \u00abLa Inclusi\u00f3n fortalece lo que nos hace \u00fanicos\u00bb"},"content":{"rendered":"\n<p>Con diversas actividades organizadas por el Programa de Integraci\u00f3n Escolar, dimos inicio a la Semana de la Inclusi\u00f3n 2025 en nuestro colegio, trabajando este a\u00f1o bajo el lema \u00abLa Inclusi\u00f3n fortalece lo que nos hace \u00fanicos\u00bb.<\/p>\n\n\n\n<figure class=\"wp-block-gallery has-nested-images columns-2 is-cropped wp-block-gallery-1 is-layout-flex wp-block-gallery-is-layout-flex\">\n<figure class=\"wp-block-image size-large\"><img loading=\"lazy\" decoding=\"async\" width=\"769\" height=\"1024\" data-id=\"30143\" src=\"https:\/\/colegiomontessori.cl\/wp2\/wp-content\/uploads\/2025\/12\/semana-inclusion-2025-3-769x1024.jpg\" alt=\"\" class=\"wp-image-30143\" srcset=\"https:\/\/colegiomontessori.cl\/wp2\/wp-content\/uploads\/2025\/12\/semana-inclusion-2025-3-769x1024.jpg 769w, https:\/\/colegiomontessori.cl\/wp2\/wp-content\/uploads\/2025\/12\/semana-inclusion-2025-3-225x300.jpg 225w, https:\/\/colegiomontessori.cl\/wp2\/wp-content\/uploads\/2025\/12\/semana-inclusion-2025-3-768x1023.jpg 768w, https:\/\/colegiomontessori.cl\/wp2\/wp-content\/uploads\/2025\/12\/semana-inclusion-2025-3.jpg 786w\" sizes=\"auto, (max-width: 769px) 100vw, 769px\" \/><\/figure>\n\n\n\n<figure class=\"wp-block-image size-full\"><img loading=\"lazy\" decoding=\"async\" width=\"1200\" height=\"1600\" data-id=\"30144\" src=\"https:\/\/colegiomontessori.cl\/wp2\/wp-content\/uploads\/2025\/12\/semana-inclusion-2025-4.jpg\" alt=\"\" class=\"wp-image-30144\" srcset=\"https:\/\/colegiomontessori.cl\/wp2\/wp-content\/uploads\/2025\/12\/semana-inclusion-2025-4.jpg 1200w, https:\/\/colegiomontessori.cl\/wp2\/wp-content\/uploads\/2025\/12\/semana-inclusion-2025-4-225x300.jpg 225w, https:\/\/colegiomontessori.cl\/wp2\/wp-content\/uploads\/2025\/12\/semana-inclusion-2025-4-768x1024.jpg 768w, https:\/\/colegiomontessori.cl\/wp2\/wp-content\/uploads\/2025\/12\/semana-inclusion-2025-4-1152x1536.jpg 1152w\" sizes=\"auto, (max-width: 1200px) 100vw, 1200px\" \/><\/figure>\n\n\n\n<figure class=\"wp-block-image size-large\"><img loading=\"lazy\" decoding=\"async\" width=\"1024\" height=\"768\" data-id=\"30157\" src=\"https:\/\/colegiomontessori.cl\/wp2\/wp-content\/uploads\/2025\/12\/semana-inclusion-2025-12-1024x768.jpg\" alt=\"\" class=\"wp-image-30157\" srcset=\"https:\/\/colegiomontessori.cl\/wp2\/wp-content\/uploads\/2025\/12\/semana-inclusion-2025-12-1024x768.jpg 1024w, https:\/\/colegiomontessori.cl\/wp2\/wp-content\/uploads\/2025\/12\/semana-inclusion-2025-12-300x225.jpg 300w, https:\/\/colegiomontessori.cl\/wp2\/wp-content\/uploads\/2025\/12\/semana-inclusion-2025-12-768x576.jpg 768w, https:\/\/colegiomontessori.cl\/wp2\/wp-content\/uploads\/2025\/12\/semana-inclusion-2025-12-1536x1152.jpg 1536w, https:\/\/colegiomontessori.cl\/wp2\/wp-content\/uploads\/2025\/12\/semana-inclusion-2025-12.jpg 1600w\" sizes=\"auto, (max-width: 1024px) 100vw, 1024px\" \/><\/figure>\n<\/figure>\n\n\n\n<p>La jornada inaugural contempl\u00f3 un stand informativo a cargo de los Apoderados Delegados de Inclusi\u00f3n y Asistentes de la Educaci\u00f3n, para dar la bienvenida a los estudiantes y sus padres.<\/p>\n\n\n\n<figure class=\"wp-block-gallery has-nested-images columns-default is-cropped wp-block-gallery-2 is-layout-flex wp-block-gallery-is-layout-flex\">\n<figure class=\"wp-block-image size-full\"><img loading=\"lazy\" decoding=\"async\" width=\"843\" height=\"1124\" data-id=\"30150\" src=\"https:\/\/colegiomontessori.cl\/wp2\/wp-content\/uploads\/2025\/12\/semana-inclusion-2025-10.jpg\" alt=\"\" class=\"wp-image-30150\" srcset=\"https:\/\/colegiomontessori.cl\/wp2\/wp-content\/uploads\/2025\/12\/semana-inclusion-2025-10.jpg 843w, https:\/\/colegiomontessori.cl\/wp2\/wp-content\/uploads\/2025\/12\/semana-inclusion-2025-10-225x300.jpg 225w, https:\/\/colegiomontessori.cl\/wp2\/wp-content\/uploads\/2025\/12\/semana-inclusion-2025-10-768x1024.jpg 768w\" sizes=\"auto, (max-width: 843px) 100vw, 843px\" \/><\/figure>\n\n\n\n<figure class=\"wp-block-image size-full\"><img loading=\"lazy\" decoding=\"async\" width=\"658\" height=\"877\" data-id=\"30148\" src=\"https:\/\/colegiomontessori.cl\/wp2\/wp-content\/uploads\/2025\/12\/semana-inclusion-2025-8.jpg\" alt=\"\" class=\"wp-image-30148\" srcset=\"https:\/\/colegiomontessori.cl\/wp2\/wp-content\/uploads\/2025\/12\/semana-inclusion-2025-8.jpg 658w, https:\/\/colegiomontessori.cl\/wp2\/wp-content\/uploads\/2025\/12\/semana-inclusion-2025-8-225x300.jpg 225w\" sizes=\"auto, (max-width: 658px) 100vw, 658px\" \/><\/figure>\n\n\n\n<figure class=\"wp-block-image size-full\"><img loading=\"lazy\" decoding=\"async\" width=\"1200\" height=\"1600\" data-id=\"30145\" src=\"https:\/\/colegiomontessori.cl\/wp2\/wp-content\/uploads\/2025\/12\/semana-inclusion-2025-5.jpg\" alt=\"\" class=\"wp-image-30145\" srcset=\"https:\/\/colegiomontessori.cl\/wp2\/wp-content\/uploads\/2025\/12\/semana-inclusion-2025-5.jpg 1200w, https:\/\/colegiomontessori.cl\/wp2\/wp-content\/uploads\/2025\/12\/semana-inclusion-2025-5-225x300.jpg 225w, https:\/\/colegiomontessori.cl\/wp2\/wp-content\/uploads\/2025\/12\/semana-inclusion-2025-5-768x1024.jpg 768w, https:\/\/colegiomontessori.cl\/wp2\/wp-content\/uploads\/2025\/12\/semana-inclusion-2025-5-1152x1536.jpg 1152w\" sizes=\"auto, (max-width: 1200px) 100vw, 1200px\" \/><\/figure>\n\n\n\n<figure class=\"wp-block-image size-full\"><img loading=\"lazy\" decoding=\"async\" width=\"792\" height=\"1055\" data-id=\"30149\" src=\"https:\/\/colegiomontessori.cl\/wp2\/wp-content\/uploads\/2025\/12\/semana-inclusion-2025-9.jpg\" alt=\"\" class=\"wp-image-30149\" srcset=\"https:\/\/colegiomontessori.cl\/wp2\/wp-content\/uploads\/2025\/12\/semana-inclusion-2025-9.jpg 792w, https:\/\/colegiomontessori.cl\/wp2\/wp-content\/uploads\/2025\/12\/semana-inclusion-2025-9-225x300.jpg 225w, https:\/\/colegiomontessori.cl\/wp2\/wp-content\/uploads\/2025\/12\/semana-inclusion-2025-9-769x1024.jpg 769w, https:\/\/colegiomontessori.cl\/wp2\/wp-content\/uploads\/2025\/12\/semana-inclusion-2025-9-768x1023.jpg 768w\" sizes=\"auto, (max-width: 792px) 100vw, 792px\" \/><\/figure>\n\n\n\n<figure class=\"wp-block-image size-full\"><img loading=\"lazy\" decoding=\"async\" width=\"960\" height=\"1280\" data-id=\"30146\" src=\"https:\/\/colegiomontessori.cl\/wp2\/wp-content\/uploads\/2025\/12\/semana-inclusion-2025-6.jpg\" alt=\"\" class=\"wp-image-30146\" srcset=\"https:\/\/colegiomontessori.cl\/wp2\/wp-content\/uploads\/2025\/12\/semana-inclusion-2025-6.jpg 960w, https:\/\/colegiomontessori.cl\/wp2\/wp-content\/uploads\/2025\/12\/semana-inclusion-2025-6-225x300.jpg 225w, https:\/\/colegiomontessori.cl\/wp2\/wp-content\/uploads\/2025\/12\/semana-inclusion-2025-6-768x1024.jpg 768w\" sizes=\"auto, (max-width: 960px) 100vw, 960px\" \/><\/figure>\n<\/figure>\n\n\n\n<p>Una de las actividades m\u00e1s tradicionales fueron las Poleras Personalizadas, dise\u00f1adas y elaboradas por las familias en sus hogares, para vestir con orgullo en la \u00abpasarela\u00bb y desfile de poleras organizado por nuestras Educadoras Diferenciales y Equipo Multidisciplinario PIE.<\/p>\n\n\n\n<figure class=\"wp-block-gallery has-nested-images columns-default is-cropped wp-block-gallery-3 is-layout-flex wp-block-gallery-is-layout-flex\">\n<figure class=\"wp-block-image size-full\"><img loading=\"lazy\" decoding=\"async\" width=\"1195\" height=\"896\" data-id=\"30156\" src=\"https:\/\/colegiomontessori.cl\/wp2\/wp-content\/uploads\/2025\/12\/semana-inclusion-2025-11.jpg\" alt=\"\" class=\"wp-image-30156\" srcset=\"https:\/\/colegiomontessori.cl\/wp2\/wp-content\/uploads\/2025\/12\/semana-inclusion-2025-11.jpg 1195w, https:\/\/colegiomontessori.cl\/wp2\/wp-content\/uploads\/2025\/12\/semana-inclusion-2025-11-300x225.jpg 300w, https:\/\/colegiomontessori.cl\/wp2\/wp-content\/uploads\/2025\/12\/semana-inclusion-2025-11-1024x768.jpg 1024w, https:\/\/colegiomontessori.cl\/wp2\/wp-content\/uploads\/2025\/12\/semana-inclusion-2025-11-768x576.jpg 768w\" sizes=\"auto, (max-width: 1195px) 100vw, 1195px\" \/><\/figure>\n<\/figure>\n\n\n\n<p>Otro momento destacado fue la presentaci\u00f3n de Cheerleaders por la Inclusi\u00f3n\u00bb a cargo del Club Tornado, quienes llenaron de energ\u00eda y entusiasmo el gimnasio de nuestro colegio para los m\u00e1s peque\u00f1os de la Jornada Tarde.<\/p>\n\n\n\n<figure class=\"wp-block-gallery has-nested-images columns-default is-cropped wp-block-gallery-4 is-layout-flex wp-block-gallery-is-layout-flex\">\n<figure class=\"wp-block-image size-full\"><img loading=\"lazy\" decoding=\"async\" width=\"2560\" height=\"1920\" data-id=\"30158\" src=\"https:\/\/colegiomontessori.cl\/wp2\/wp-content\/uploads\/2025\/12\/semana-inclusion-2025-13-scaled.jpg\" alt=\"\" class=\"wp-image-30158\" srcset=\"https:\/\/colegiomontessori.cl\/wp2\/wp-content\/uploads\/2025\/12\/semana-inclusion-2025-13-scaled.jpg 2560w, https:\/\/colegiomontessori.cl\/wp2\/wp-content\/uploads\/2025\/12\/semana-inclusion-2025-13-300x225.jpg 300w, https:\/\/colegiomontessori.cl\/wp2\/wp-content\/uploads\/2025\/12\/semana-inclusion-2025-13-1024x768.jpg 1024w, https:\/\/colegiomontessori.cl\/wp2\/wp-content\/uploads\/2025\/12\/semana-inclusion-2025-13-768x576.jpg 768w, https:\/\/colegiomontessori.cl\/wp2\/wp-content\/uploads\/2025\/12\/semana-inclusion-2025-13-1536x1152.jpg 1536w, https:\/\/colegiomontessori.cl\/wp2\/wp-content\/uploads\/2025\/12\/semana-inclusion-2025-13-2048x1536.jpg 2048w\" sizes=\"auto, (max-width: 2560px) 100vw, 2560px\" \/><\/figure>\n<\/figure>\n\n\n\n<p>La jornada culmin\u00f3 con la charla \u201cNeurodiversidad e Inclusi\u00f3n\u201d del Dr. Pablo Diez, Psiquiatra Infanto Juvenil, dirigida a nuestro cuerpo docente, reafirmando as\u00ed el compromiso institucional con una educaci\u00f3n m\u00e1s abierta, respetuosa y diversa.<\/p>\n\n\n\n<p>\u00a1Los invitamos a seguir participando de las distintas actividades programadas en el marco de la Semana de la Inclusi\u00f3n 2025!<\/p>\n\n\n\n<figure class=\"wp-block-gallery has-nested-images columns-default is-cropped wp-block-gallery-5 is-layout-flex wp-block-gallery-is-layout-flex\">\n<figure class=\"wp-block-image size-full\"><img loading=\"lazy\" decoding=\"async\" width=\"800\" height=\"2000\" data-id=\"30162\" src=\"https:\/\/colegiomontessori.cl\/wp2\/wp-content\/uploads\/2025\/12\/SEMANA-DE-LA-INCLUSION-2025.png\" alt=\"\" class=\"wp-image-30162\" srcset=\"https:\/\/colegiomontessori.cl\/wp2\/wp-content\/uploads\/2025\/12\/SEMANA-DE-LA-INCLUSION-2025.png 800w, https:\/\/colegiomontessori.cl\/wp2\/wp-content\/uploads\/2025\/12\/SEMANA-DE-LA-INCLUSION-2025-120x300.png 120w, https:\/\/colegiomontessori.cl\/wp2\/wp-content\/uploads\/2025\/12\/SEMANA-DE-LA-INCLUSION-2025-410x1024.png 410w, https:\/\/colegiomontessori.cl\/wp2\/wp-content\/uploads\/2025\/12\/SEMANA-DE-LA-INCLUSION-2025-768x1920.png 768w, https:\/\/colegiomontessori.cl\/wp2\/wp-content\/uploads\/2025\/12\/SEMANA-DE-LA-INCLUSION-2025-614x1536.png 614w\" sizes=\"auto, (max-width: 800px) 100vw, 800px\" \/><\/figure>\n<\/figure>\n\n\n\n<p><\/p>\n\n\n\n<figure class=\"wp-block-embed is-type-wp-embed is-provider-colegio-montessori-de-temuco wp-block-embed-colegio-montessori-de-temuco\"><div class=\"wp-block-embed__wrapper\">\n<blockquote class=\"wp-embedded-content\" data-secret=\"AU1KUUMsXD\"><a href=\"https:\/\/colegiomontessori.cl\/wp2\/2025\/12\/03\/programa-de-integracion-escolar-construyendo-una-comunidad-educativa-cada-vez-mas-inclusiva\/\">Programa de Integraci\u00f3n Escolar: Construyendo una comunidad educativa cada vez m\u00e1s Inclusiva<\/a><\/blockquote><iframe loading=\"lazy\" class=\"wp-embedded-content\" sandbox=\"allow-scripts\" security=\"restricted\" style=\"position: absolute; visibility: hidden;\" title=\"\u00abPrograma de Integraci\u00f3n Escolar: Construyendo una comunidad educativa cada vez m\u00e1s Inclusiva\u00bb \u2014 Colegio Montessori de Temuco\" src=\"https:\/\/colegiomontessori.cl\/wp2\/2025\/12\/03\/programa-de-integracion-escolar-construyendo-una-comunidad-educativa-cada-vez-mas-inclusiva\/embed\/#?secret=R3qNaR2K2Y#?secret=AU1KUUMsXD\" data-secret=\"AU1KUUMsXD\" width=\"500\" height=\"282\" frameborder=\"0\" marginwidth=\"0\" marginheight=\"0\" scrolling=\"no\"><\/iframe>\n<\/div><\/figure>\n","protected":false},"excerpt":{"rendered":"<p>Con diversas actividades organizadas por el Programa de Integraci\u00f3n Escolar, dimos inicio a la Semana de la Inclusi\u00f3n 2025 en nuestro colegio, trabajando este a\u00f1o bajo el lema \u00abLa Inclusi\u00f3n fortalece lo que nos hace \u00fanicos\u00bb. La jornada inaugural contempl\u00f3 un stand informativo a cargo de los Apoderados Delegados de Inclusi\u00f3n y Asistentes de la &hellip;<\/p>\n<p class=\"read-more\"> <a class=\"\" href=\"https:\/\/colegiomontessori.cl\/wp2\/2025\/12\/02\/semana-de-la-inclusion-2025\/\"> <span class=\"screen-reader-text\">Semana de la Inclusi\u00f3n 2025: \u00abLa Inclusi\u00f3n fortalece lo que nos hace \u00fanicos\u00bb<\/span> Leer m\u00e1s &raquo;<\/a><\/p>\n","protected":false},"author":2,"featured_media":30164,"comment_status":"open","ping_status":"open","sticky":false,"template":"","format":"standard","meta":{"footnotes":""},"categories":[29],"tags":[],"class_list":["post-30137","post","type-post","status-publish","format-standard","has-post-thumbnail","hentry","category-inclusion"],"_links":{"self":[{"href":"https:\/\/colegiomontessori.cl\/wp2\/wp-json\/wp\/v2\/posts\/30137","targetHints":{"allow":["GET"]}}],"collection":[{"href":"https:\/\/colegiomontessori.cl\/wp2\/wp-json\/wp\/v2\/posts"}],"about":[{"href":"https:\/\/colegiomontessori.cl\/wp2\/wp-json\/wp\/v2\/types\/post"}],"author":[{"embeddable":true,"href":"https:\/\/colegiomontessori.cl\/wp2\/wp-json\/wp\/v2\/users\/2"}],"replies":[{"embeddable":true,"href":"https:\/\/colegiomontessori.cl\/wp2\/wp-json\/wp\/v2\/comments?post=30137"}],"version-history":[{"count":6,"href":"https:\/\/colegiomontessori.cl\/wp2\/wp-json\/wp\/v2\/posts\/30137\/revisions"}],"predecessor-version":[{"id":30217,"href":"https:\/\/colegiomontessori.cl\/wp2\/wp-json\/wp\/v2\/posts\/30137\/revisions\/30217"}],"wp:featuredmedia":[{"embeddable":true,"href":"https:\/\/colegiomontessori.cl\/wp2\/wp-json\/wp\/v2\/media\/30164"}],"wp:attachment":[{"href":"https:\/\/colegiomontessori.cl\/wp2\/wp-json\/wp\/v2\/media?parent=30137"}],"wp:term":[{"taxonomy":"category","embeddable":true,"href":"https:\/\/colegiomontessori.cl\/wp2\/wp-json\/wp\/v2\/categories?post=30137"},{"taxonomy":"post_tag","embeddable":true,"href":"https:\/\/colegiomontessori.cl\/wp2\/wp-json\/wp\/v2\/tags?post=30137"}],"curies":[{"name":"wp","href":"https:\/\/api.w.org\/{rel}","templated":true}]}}