{"id":30206,"date":"2025-12-03T12:51:48","date_gmt":"2025-12-03T15:51:48","guid":{"rendered":"https:\/\/colegiomontessori.cl\/wp2\/?p=30206"},"modified":"2025-12-03T12:51:48","modified_gmt":"2025-12-03T15:51:48","slug":"reuniones-de-apoderados-diciembre-2025-jornada-tarde","status":"publish","type":"post","link":"https:\/\/colegiomontessori.cl\/wp2\/2025\/12\/03\/reuniones-de-apoderados-diciembre-2025-jornada-tarde\/","title":{"rendered":"Reuniones de Apoderados \/ Diciembre 2025 \u2013 Jornada Tarde"},"content":{"rendered":"\n<p>Estimados Apoderados,<\/p>\n\n\n\n<p>Junto con saludar informamos a Uds. que los d\u00edas Martes 09, Mi\u00e9rcoles 10 y Jueves 11 de Diciembre se realizar\u00e1 nuestra \u00faltima Reuni\u00f3n de Padres y Apoderados del A\u00f1o Escolar 2025 para la Jornada Tarde.<\/p>\n\n\n\n<p>Agradecemos desde ya su asistencia, recordando el car\u00e1cter obligatorio de esta convocatoria.<\/p>\n\n\n\n<p>Atentamente,<\/p>\n\n\n\n<p><strong>Inspector\u00eda General<\/strong><br>Jornada Tarde<\/p>\n\n\n\n<figure class=\"wp-block-gallery has-nested-images columns-default is-cropped wp-block-gallery-1 is-layout-flex wp-block-gallery-is-layout-flex\">\n<figure class=\"wp-block-image size-full\"><img loading=\"lazy\" decoding=\"async\" width=\"699\" height=\"787\" data-id=\"30208\" src=\"https:\/\/colegiomontessori.cl\/wp2\/wp-content\/uploads\/2025\/12\/reuniones-apoderados-diciembre-jt-2.png\" alt=\"\" class=\"wp-image-30208\" srcset=\"https:\/\/colegiomontessori.cl\/wp2\/wp-content\/uploads\/2025\/12\/reuniones-apoderados-diciembre-jt-2.png 699w, https:\/\/colegiomontessori.cl\/wp2\/wp-content\/uploads\/2025\/12\/reuniones-apoderados-diciembre-jt-2-266x300.png 266w\" sizes=\"auto, (max-width: 699px) 100vw, 699px\" \/><\/figure>\n<\/figure>\n","protected":false},"excerpt":{"rendered":"<p>Estimados Apoderados, Junto con saludar informamos a Uds. que los d\u00edas Martes 09, Mi\u00e9rcoles 10 y Jueves 11 de Diciembre se realizar\u00e1 nuestra \u00faltima Reuni\u00f3n de Padres y Apoderados del A\u00f1o Escolar 2025 para la Jornada Tarde. Agradecemos desde ya su asistencia, recordando el car\u00e1cter obligatorio de esta convocatoria. Atentamente, Inspector\u00eda GeneralJornada Tarde<\/p>\n","protected":false},"author":2,"featured_media":30207,"comment_status":"open","ping_status":"open","sticky":false,"template":"","format":"standard","meta":{"footnotes":""},"categories":[25,39],"tags":[],"class_list":["post-30206","post","type-post","status-publish","format-standard","has-post-thumbnail","hentry","category-apoderados","category-inspectoria"],"_links":{"self":[{"href":"https:\/\/colegiomontessori.cl\/wp2\/wp-json\/wp\/v2\/posts\/30206","targetHints":{"allow":["GET"]}}],"collection":[{"href":"https:\/\/colegiomontessori.cl\/wp2\/wp-json\/wp\/v2\/posts"}],"about":[{"href":"https:\/\/colegiomontessori.cl\/wp2\/wp-json\/wp\/v2\/types\/post"}],"author":[{"embeddable":true,"href":"https:\/\/colegiomontessori.cl\/wp2\/wp-json\/wp\/v2\/users\/2"}],"replies":[{"embeddable":true,"href":"https:\/\/colegiomontessori.cl\/wp2\/wp-json\/wp\/v2\/comments?post=30206"}],"version-history":[{"count":1,"href":"https:\/\/colegiomontessori.cl\/wp2\/wp-json\/wp\/v2\/posts\/30206\/revisions"}],"predecessor-version":[{"id":30209,"href":"https:\/\/colegiomontessori.cl\/wp2\/wp-json\/wp\/v2\/posts\/30206\/revisions\/30209"}],"wp:featuredmedia":[{"embeddable":true,"href":"https:\/\/colegiomontessori.cl\/wp2\/wp-json\/wp\/v2\/media\/30207"}],"wp:attachment":[{"href":"https:\/\/colegiomontessori.cl\/wp2\/wp-json\/wp\/v2\/media?parent=30206"}],"wp:term":[{"taxonomy":"category","embeddable":true,"href":"https:\/\/colegiomontessori.cl\/wp2\/wp-json\/wp\/v2\/categories?post=30206"},{"taxonomy":"post_tag","embeddable":true,"href":"https:\/\/colegiomontessori.cl\/wp2\/wp-json\/wp\/v2\/tags?post=30206"}],"curies":[{"name":"wp","href":"https:\/\/api.w.org\/{rel}","templated":true}]}}