{"id":30291,"date":"2025-12-09T18:37:11","date_gmt":"2025-12-09T21:37:11","guid":{"rendered":"https:\/\/colegiomontessori.cl\/wp2\/?p=30291"},"modified":"2025-12-09T18:40:03","modified_gmt":"2025-12-09T21:40:03","slug":"estudiante-carolina-nunez-representa-a-chile-en-sudamericano-de-ajedrez-de-cali-en-colombia","status":"publish","type":"post","link":"https:\/\/colegiomontessori.cl\/wp2\/2025\/12\/09\/estudiante-carolina-nunez-representa-a-chile-en-sudamericano-de-ajedrez-de-cali-en-colombia\/","title":{"rendered":"Estudiante Carolina N\u00fa\u00f1ez representa a Chile en Sudamericano de Ajedrez de Cali en Colombia"},"content":{"rendered":"\n<p>Le deseamos el mayor de los \u00e9xitos a nuestra estudiante de 2\u00b0 a\u00f1o b\u00e1sico A, Carolina N\u00fa\u00f1ez Arriagada, quien desde el 05 al 12 de diciembre se encuentra representando a Chile en el XXI Festival de Ajedrez Sudamericano de la Juventud en Cali, Colombia.<\/p>\n\n\n\n<figure class=\"wp-block-gallery has-nested-images columns-default is-cropped wp-block-gallery-1 is-layout-flex wp-block-gallery-is-layout-flex\">\n<figure class=\"wp-block-image size-full\"><img loading=\"lazy\" decoding=\"async\" width=\"2560\" height=\"1920\" data-id=\"30294\" src=\"https:\/\/colegiomontessori.cl\/wp2\/wp-content\/uploads\/2025\/12\/sudamericano-ajedrez-colombia-1-scaled.jpg\" alt=\"\" class=\"wp-image-30294\" srcset=\"https:\/\/colegiomontessori.cl\/wp2\/wp-content\/uploads\/2025\/12\/sudamericano-ajedrez-colombia-1-scaled.jpg 2560w, https:\/\/colegiomontessori.cl\/wp2\/wp-content\/uploads\/2025\/12\/sudamericano-ajedrez-colombia-1-300x225.jpg 300w, https:\/\/colegiomontessori.cl\/wp2\/wp-content\/uploads\/2025\/12\/sudamericano-ajedrez-colombia-1-1024x768.jpg 1024w, https:\/\/colegiomontessori.cl\/wp2\/wp-content\/uploads\/2025\/12\/sudamericano-ajedrez-colombia-1-768x576.jpg 768w, https:\/\/colegiomontessori.cl\/wp2\/wp-content\/uploads\/2025\/12\/sudamericano-ajedrez-colombia-1-1536x1152.jpg 1536w, https:\/\/colegiomontessori.cl\/wp2\/wp-content\/uploads\/2025\/12\/sudamericano-ajedrez-colombia-1-2048x1536.jpg 2048w\" sizes=\"auto, (max-width: 2560px) 100vw, 2560px\" \/><\/figure>\n<\/figure>\n\n\n\n<p>La delegaci\u00f3n chilena est\u00e1 integrada por 9 deportistas oficiales, entre ellos Carolina, campeona nacional sub-8, y 24 deportistas extraoficiales, quienes representar\u00e1n al pa\u00eds con talento, disciplina y coraz\u00f3n.<\/p>\n\n\n\n<figure class=\"wp-block-gallery has-nested-images columns-default is-cropped wp-block-gallery-2 is-layout-flex wp-block-gallery-is-layout-flex\">\n<figure class=\"wp-block-image size-full\"><img loading=\"lazy\" decoding=\"async\" width=\"1600\" height=\"1200\" data-id=\"30293\" src=\"https:\/\/colegiomontessori.cl\/wp2\/wp-content\/uploads\/2025\/12\/sudamericano-ajedrez-colombia-3.jpg\" alt=\"\" class=\"wp-image-30293\" srcset=\"https:\/\/colegiomontessori.cl\/wp2\/wp-content\/uploads\/2025\/12\/sudamericano-ajedrez-colombia-3.jpg 1600w, https:\/\/colegiomontessori.cl\/wp2\/wp-content\/uploads\/2025\/12\/sudamericano-ajedrez-colombia-3-300x225.jpg 300w, https:\/\/colegiomontessori.cl\/wp2\/wp-content\/uploads\/2025\/12\/sudamericano-ajedrez-colombia-3-1024x768.jpg 1024w, https:\/\/colegiomontessori.cl\/wp2\/wp-content\/uploads\/2025\/12\/sudamericano-ajedrez-colombia-3-768x576.jpg 768w, https:\/\/colegiomontessori.cl\/wp2\/wp-content\/uploads\/2025\/12\/sudamericano-ajedrez-colombia-3-1536x1152.jpg 1536w\" sizes=\"auto, (max-width: 1600px) 100vw, 1600px\" \/><\/figure>\n<\/figure>\n\n\n\n<p>\u00a1Mucho \u00e9xito Carolina para ti y tu familia en este importante desaf\u00edo deportivo! Estamos seguros de que dejar\u00e1s en alto el nombre de tu pa\u00eds, de la regi\u00f3n y de tu Colegio Montessori.<\/p>\n","protected":false},"excerpt":{"rendered":"<p>Le deseamos el mayor de los \u00e9xitos a nuestra estudiante de 2\u00b0 a\u00f1o b\u00e1sico A, Carolina N\u00fa\u00f1ez Arriagada, quien desde el 05 al 12 de diciembre se encuentra representando a Chile en el XXI Festival de Ajedrez Sudamericano de la Juventud en Cali, Colombia. La delegaci\u00f3n chilena est\u00e1 integrada por 9 deportistas oficiales, entre ellos &hellip;<\/p>\n<p class=\"read-more\"> <a class=\"\" href=\"https:\/\/colegiomontessori.cl\/wp2\/2025\/12\/09\/estudiante-carolina-nunez-representa-a-chile-en-sudamericano-de-ajedrez-de-cali-en-colombia\/\"> <span class=\"screen-reader-text\">Estudiante Carolina N\u00fa\u00f1ez representa a Chile en Sudamericano de Ajedrez de Cali en Colombia<\/span> Leer m\u00e1s &raquo;<\/a><\/p>\n","protected":false},"author":2,"featured_media":30292,"comment_status":"open","ping_status":"open","sticky":false,"template":"","format":"standard","meta":{"footnotes":""},"categories":[53,19],"tags":[],"class_list":["post-30291","post","type-post","status-publish","format-standard","has-post-thumbnail","hentry","category-ajedrez","category-deportes"],"_links":{"self":[{"href":"https:\/\/colegiomontessori.cl\/wp2\/wp-json\/wp\/v2\/posts\/30291","targetHints":{"allow":["GET"]}}],"collection":[{"href":"https:\/\/colegiomontessori.cl\/wp2\/wp-json\/wp\/v2\/posts"}],"about":[{"href":"https:\/\/colegiomontessori.cl\/wp2\/wp-json\/wp\/v2\/types\/post"}],"author":[{"embeddable":true,"href":"https:\/\/colegiomontessori.cl\/wp2\/wp-json\/wp\/v2\/users\/2"}],"replies":[{"embeddable":true,"href":"https:\/\/colegiomontessori.cl\/wp2\/wp-json\/wp\/v2\/comments?post=30291"}],"version-history":[{"count":1,"href":"https:\/\/colegiomontessori.cl\/wp2\/wp-json\/wp\/v2\/posts\/30291\/revisions"}],"predecessor-version":[{"id":30295,"href":"https:\/\/colegiomontessori.cl\/wp2\/wp-json\/wp\/v2\/posts\/30291\/revisions\/30295"}],"wp:featuredmedia":[{"embeddable":true,"href":"https:\/\/colegiomontessori.cl\/wp2\/wp-json\/wp\/v2\/media\/30292"}],"wp:attachment":[{"href":"https:\/\/colegiomontessori.cl\/wp2\/wp-json\/wp\/v2\/media?parent=30291"}],"wp:term":[{"taxonomy":"category","embeddable":true,"href":"https:\/\/colegiomontessori.cl\/wp2\/wp-json\/wp\/v2\/categories?post=30291"},{"taxonomy":"post_tag","embeddable":true,"href":"https:\/\/colegiomontessori.cl\/wp2\/wp-json\/wp\/v2\/tags?post=30291"}],"curies":[{"name":"wp","href":"https:\/\/api.w.org\/{rel}","templated":true}]}}