{"id":30301,"date":"2025-12-09T20:33:59","date_gmt":"2025-12-09T23:33:59","guid":{"rendered":"https:\/\/colegiomontessori.cl\/wp2\/?p=30301"},"modified":"2025-12-09T20:36:24","modified_gmt":"2025-12-09T23:36:24","slug":"salida-pedagogica-al-parque-nacional-conguillio","status":"publish","type":"post","link":"https:\/\/colegiomontessori.cl\/wp2\/2025\/12\/09\/salida-pedagogica-al-parque-nacional-conguillio\/","title":{"rendered":"Salida Pedag\u00f3gica al Parque Nacional y Reserva de la Bi\u00f3sfera Conguillio"},"content":{"rendered":"\n<p>Mediante una alianza entre las asignaturas de Orientaci\u00f3n, Educaci\u00f3n F\u00edsica y Econom\u00eda, los estudiantes de 3\u00b0 Medio B realizaron una salida pedag\u00f3gica al Parque Nacional y Reserva de la Biosfera Conguillio.<\/p>\n\n\n\n<figure class=\"wp-block-gallery has-nested-images columns-default is-cropped wp-block-gallery-1 is-layout-flex wp-block-gallery-is-layout-flex\">\n<figure class=\"wp-block-image size-full\"><img loading=\"lazy\" decoding=\"async\" width=\"960\" height=\"1280\" data-id=\"30304\" src=\"https:\/\/colegiomontessori.cl\/wp2\/wp-content\/uploads\/2025\/12\/salida-conguillio-3.jpg\" alt=\"\" class=\"wp-image-30304\" srcset=\"https:\/\/colegiomontessori.cl\/wp2\/wp-content\/uploads\/2025\/12\/salida-conguillio-3.jpg 960w, https:\/\/colegiomontessori.cl\/wp2\/wp-content\/uploads\/2025\/12\/salida-conguillio-3-225x300.jpg 225w, https:\/\/colegiomontessori.cl\/wp2\/wp-content\/uploads\/2025\/12\/salida-conguillio-3-768x1024.jpg 768w\" sizes=\"auto, (max-width: 960px) 100vw, 960px\" \/><\/figure>\n\n\n\n<figure class=\"wp-block-image size-full\"><img loading=\"lazy\" decoding=\"async\" width=\"960\" height=\"1280\" data-id=\"30303\" src=\"https:\/\/colegiomontessori.cl\/wp2\/wp-content\/uploads\/2025\/12\/salida-conguillio-2.jpg\" alt=\"\" class=\"wp-image-30303\" srcset=\"https:\/\/colegiomontessori.cl\/wp2\/wp-content\/uploads\/2025\/12\/salida-conguillio-2.jpg 960w, https:\/\/colegiomontessori.cl\/wp2\/wp-content\/uploads\/2025\/12\/salida-conguillio-2-225x300.jpg 225w, https:\/\/colegiomontessori.cl\/wp2\/wp-content\/uploads\/2025\/12\/salida-conguillio-2-768x1024.jpg 768w\" sizes=\"auto, (max-width: 960px) 100vw, 960px\" \/><\/figure>\n<\/figure>\n\n\n\n<p>La salida a cargo de los docentes Gustavo Moraga, Suzanne Aceituno y la profesora en pr\u00e1ctica Constanza Norambuena, tuvo como objetivo fomentar la conciencia por el cuidado del medio ambiente y la valoraci\u00f3n de nuestro patrimonio natural, adem\u00e1s de fortalecer el trabajo en equipo, la cohesi\u00f3n y el fomento de la actividad f\u00edsica en nuestros estudiantes.<\/p>\n\n\n\n<p>Toda una traves\u00eda, que consisti\u00f3 en aproximadamente 10 kil\u00f3metros de trekking en medio de este entorno natural privilegiado.<\/p>\n\n\n\n<figure class=\"wp-block-gallery has-nested-images columns-default is-cropped wp-block-gallery-2 is-layout-flex wp-block-gallery-is-layout-flex\">\n<figure class=\"wp-block-image size-full\"><img loading=\"lazy\" decoding=\"async\" width=\"960\" height=\"1280\" data-id=\"30305\" src=\"https:\/\/colegiomontessori.cl\/wp2\/wp-content\/uploads\/2025\/12\/salida-conguillio-4.jpg\" alt=\"\" class=\"wp-image-30305\" srcset=\"https:\/\/colegiomontessori.cl\/wp2\/wp-content\/uploads\/2025\/12\/salida-conguillio-4.jpg 960w, https:\/\/colegiomontessori.cl\/wp2\/wp-content\/uploads\/2025\/12\/salida-conguillio-4-225x300.jpg 225w, https:\/\/colegiomontessori.cl\/wp2\/wp-content\/uploads\/2025\/12\/salida-conguillio-4-768x1024.jpg 768w\" sizes=\"auto, (max-width: 960px) 100vw, 960px\" \/><\/figure>\n\n\n\n<figure class=\"wp-block-image size-full\"><img loading=\"lazy\" decoding=\"async\" width=\"960\" height=\"1280\" data-id=\"30306\" src=\"https:\/\/colegiomontessori.cl\/wp2\/wp-content\/uploads\/2025\/12\/salida-conguillio-5.jpg\" alt=\"\" class=\"wp-image-30306\" srcset=\"https:\/\/colegiomontessori.cl\/wp2\/wp-content\/uploads\/2025\/12\/salida-conguillio-5.jpg 960w, https:\/\/colegiomontessori.cl\/wp2\/wp-content\/uploads\/2025\/12\/salida-conguillio-5-225x300.jpg 225w, https:\/\/colegiomontessori.cl\/wp2\/wp-content\/uploads\/2025\/12\/salida-conguillio-5-768x1024.jpg 768w\" sizes=\"auto, (max-width: 960px) 100vw, 960px\" \/><\/figure>\n<\/figure>\n","protected":false},"excerpt":{"rendered":"<p>Mediante una alianza entre las asignaturas de Orientaci\u00f3n, Educaci\u00f3n F\u00edsica y Econom\u00eda, los estudiantes de 3\u00b0 Medio B realizaron una salida pedag\u00f3gica al Parque Nacional y Reserva de la Biosfera Conguillio. La salida a cargo de los docentes Gustavo Moraga, Suzanne Aceituno y la profesora en pr\u00e1ctica Constanza Norambuena, tuvo como objetivo fomentar la conciencia &hellip;<\/p>\n<p class=\"read-more\"> <a class=\"\" href=\"https:\/\/colegiomontessori.cl\/wp2\/2025\/12\/09\/salida-pedagogica-al-parque-nacional-conguillio\/\"> <span class=\"screen-reader-text\">Salida Pedag\u00f3gica al Parque Nacional y Reserva de la Bi\u00f3sfera Conguillio<\/span> Leer m\u00e1s &raquo;<\/a><\/p>\n","protected":false},"author":2,"featured_media":30302,"comment_status":"open","ping_status":"open","sticky":false,"template":"","format":"standard","meta":{"footnotes":""},"categories":[57,38],"tags":[],"class_list":["post-30301","post","type-post","status-publish","format-standard","has-post-thumbnail","hentry","category-educacion-fisica","category-historia"],"_links":{"self":[{"href":"https:\/\/colegiomontessori.cl\/wp2\/wp-json\/wp\/v2\/posts\/30301","targetHints":{"allow":["GET"]}}],"collection":[{"href":"https:\/\/colegiomontessori.cl\/wp2\/wp-json\/wp\/v2\/posts"}],"about":[{"href":"https:\/\/colegiomontessori.cl\/wp2\/wp-json\/wp\/v2\/types\/post"}],"author":[{"embeddable":true,"href":"https:\/\/colegiomontessori.cl\/wp2\/wp-json\/wp\/v2\/users\/2"}],"replies":[{"embeddable":true,"href":"https:\/\/colegiomontessori.cl\/wp2\/wp-json\/wp\/v2\/comments?post=30301"}],"version-history":[{"count":3,"href":"https:\/\/colegiomontessori.cl\/wp2\/wp-json\/wp\/v2\/posts\/30301\/revisions"}],"predecessor-version":[{"id":30309,"href":"https:\/\/colegiomontessori.cl\/wp2\/wp-json\/wp\/v2\/posts\/30301\/revisions\/30309"}],"wp:featuredmedia":[{"embeddable":true,"href":"https:\/\/colegiomontessori.cl\/wp2\/wp-json\/wp\/v2\/media\/30302"}],"wp:attachment":[{"href":"https:\/\/colegiomontessori.cl\/wp2\/wp-json\/wp\/v2\/media?parent=30301"}],"wp:term":[{"taxonomy":"category","embeddable":true,"href":"https:\/\/colegiomontessori.cl\/wp2\/wp-json\/wp\/v2\/categories?post=30301"},{"taxonomy":"post_tag","embeddable":true,"href":"https:\/\/colegiomontessori.cl\/wp2\/wp-json\/wp\/v2\/tags?post=30301"}],"curies":[{"name":"wp","href":"https:\/\/api.w.org\/{rel}","templated":true}]}}