{"id":30728,"date":"2026-03-05T16:51:30","date_gmt":"2026-03-05T19:51:30","guid":{"rendered":"https:\/\/colegiomontessori.cl\/wp2\/?p=30728"},"modified":"2026-03-05T16:51:30","modified_gmt":"2026-03-05T19:51:30","slug":"equipo-directivo-dio-la-bienvenida-a-los-nuevos-apoderados","status":"publish","type":"post","link":"https:\/\/colegiomontessori.cl\/wp2\/2026\/03\/05\/equipo-directivo-dio-la-bienvenida-a-los-nuevos-apoderados\/","title":{"rendered":"Equipo Directivo dio la bienvenida a los nuevos Apoderados"},"content":{"rendered":"\n<p>Con mucha alegr\u00eda recibimos este 2026 a las nuevas familias que se integran a nuestro Colegio Montessori. Estamos felices de que hayan elegido ser parte de este proyecto educativo, donde acompa\u00f1amos el aprendizaje con respeto, autonom\u00eda y formaci\u00f3n en valores.<\/p>\n\n\n\n<figure class=\"wp-block-gallery has-nested-images columns-2 is-cropped wp-block-gallery-1 is-layout-flex wp-block-gallery-is-layout-flex\">\n<figure class=\"wp-block-image size-full\"><img loading=\"lazy\" decoding=\"async\" width=\"2560\" height=\"1707\" data-id=\"30730\" src=\"https:\/\/colegiomontessori.cl\/wp2\/wp-content\/uploads\/2026\/03\/nuevos-apoderados-2026-2-scaled.jpg\" alt=\"\" class=\"wp-image-30730\" srcset=\"https:\/\/colegiomontessori.cl\/wp2\/wp-content\/uploads\/2026\/03\/nuevos-apoderados-2026-2-scaled.jpg 2560w, https:\/\/colegiomontessori.cl\/wp2\/wp-content\/uploads\/2026\/03\/nuevos-apoderados-2026-2-300x200.jpg 300w, https:\/\/colegiomontessori.cl\/wp2\/wp-content\/uploads\/2026\/03\/nuevos-apoderados-2026-2-1024x683.jpg 1024w, https:\/\/colegiomontessori.cl\/wp2\/wp-content\/uploads\/2026\/03\/nuevos-apoderados-2026-2-768x512.jpg 768w, https:\/\/colegiomontessori.cl\/wp2\/wp-content\/uploads\/2026\/03\/nuevos-apoderados-2026-2-1536x1024.jpg 1536w, https:\/\/colegiomontessori.cl\/wp2\/wp-content\/uploads\/2026\/03\/nuevos-apoderados-2026-2-2048x1365.jpg 2048w\" sizes=\"auto, (max-width: 2560px) 100vw, 2560px\" \/><\/figure>\n\n\n\n<figure class=\"wp-block-image size-full\"><img loading=\"lazy\" decoding=\"async\" width=\"2560\" height=\"1707\" data-id=\"30735\" src=\"https:\/\/colegiomontessori.cl\/wp2\/wp-content\/uploads\/2026\/03\/nuevos-apoderados-2026-7-scaled.jpg\" alt=\"\" class=\"wp-image-30735\" srcset=\"https:\/\/colegiomontessori.cl\/wp2\/wp-content\/uploads\/2026\/03\/nuevos-apoderados-2026-7-scaled.jpg 2560w, https:\/\/colegiomontessori.cl\/wp2\/wp-content\/uploads\/2026\/03\/nuevos-apoderados-2026-7-300x200.jpg 300w, https:\/\/colegiomontessori.cl\/wp2\/wp-content\/uploads\/2026\/03\/nuevos-apoderados-2026-7-1024x683.jpg 1024w, https:\/\/colegiomontessori.cl\/wp2\/wp-content\/uploads\/2026\/03\/nuevos-apoderados-2026-7-768x512.jpg 768w, https:\/\/colegiomontessori.cl\/wp2\/wp-content\/uploads\/2026\/03\/nuevos-apoderados-2026-7-1536x1024.jpg 1536w, https:\/\/colegiomontessori.cl\/wp2\/wp-content\/uploads\/2026\/03\/nuevos-apoderados-2026-7-2048x1365.jpg 2048w\" sizes=\"auto, (max-width: 2560px) 100vw, 2560px\" \/><\/figure>\n\n\n\n<figure class=\"wp-block-image size-full\"><img loading=\"lazy\" decoding=\"async\" width=\"2560\" height=\"1707\" data-id=\"30738\" src=\"https:\/\/colegiomontessori.cl\/wp2\/wp-content\/uploads\/2026\/03\/nuevos-apoderados-2026-10-scaled.jpg\" alt=\"\" class=\"wp-image-30738\" srcset=\"https:\/\/colegiomontessori.cl\/wp2\/wp-content\/uploads\/2026\/03\/nuevos-apoderados-2026-10-scaled.jpg 2560w, https:\/\/colegiomontessori.cl\/wp2\/wp-content\/uploads\/2026\/03\/nuevos-apoderados-2026-10-300x200.jpg 300w, https:\/\/colegiomontessori.cl\/wp2\/wp-content\/uploads\/2026\/03\/nuevos-apoderados-2026-10-1024x683.jpg 1024w, https:\/\/colegiomontessori.cl\/wp2\/wp-content\/uploads\/2026\/03\/nuevos-apoderados-2026-10-768x512.jpg 768w, https:\/\/colegiomontessori.cl\/wp2\/wp-content\/uploads\/2026\/03\/nuevos-apoderados-2026-10-1536x1024.jpg 1536w, https:\/\/colegiomontessori.cl\/wp2\/wp-content\/uploads\/2026\/03\/nuevos-apoderados-2026-10-2048x1365.jpg 2048w\" sizes=\"auto, (max-width: 2560px) 100vw, 2560px\" \/><\/figure>\n<\/figure>\n\n\n\n<p>La reuni\u00f3n de inducci\u00f3n fue liderada por el Equipo Directivo encabezado por el Rector, Sr. Nelson Pinilla, quien dio la bienvenida oficial a los padres y apoderados. La presentaci\u00f3n a cargo de la Coordinadora Acad\u00e9mica de la Jornada Tarde, Profesora Paola Pinilla, mostr\u00f3 los principales aspectos acad\u00e9micos y administrativos de nuestro establecimiento, resolviendo dudas y orientando a los padres sobre el funcionamiento del colegio.<\/p>\n\n\n\n<figure class=\"wp-block-gallery has-nested-images columns-2 is-cropped wp-block-gallery-2 is-layout-flex wp-block-gallery-is-layout-flex\">\n<figure class=\"wp-block-image size-full\"><img loading=\"lazy\" decoding=\"async\" width=\"2560\" height=\"1707\" data-id=\"30731\" src=\"https:\/\/colegiomontessori.cl\/wp2\/wp-content\/uploads\/2026\/03\/nuevos-apoderados-2026-3-scaled.jpg\" alt=\"\" class=\"wp-image-30731\" srcset=\"https:\/\/colegiomontessori.cl\/wp2\/wp-content\/uploads\/2026\/03\/nuevos-apoderados-2026-3-scaled.jpg 2560w, https:\/\/colegiomontessori.cl\/wp2\/wp-content\/uploads\/2026\/03\/nuevos-apoderados-2026-3-300x200.jpg 300w, https:\/\/colegiomontessori.cl\/wp2\/wp-content\/uploads\/2026\/03\/nuevos-apoderados-2026-3-1024x683.jpg 1024w, https:\/\/colegiomontessori.cl\/wp2\/wp-content\/uploads\/2026\/03\/nuevos-apoderados-2026-3-768x512.jpg 768w, https:\/\/colegiomontessori.cl\/wp2\/wp-content\/uploads\/2026\/03\/nuevos-apoderados-2026-3-1536x1024.jpg 1536w, https:\/\/colegiomontessori.cl\/wp2\/wp-content\/uploads\/2026\/03\/nuevos-apoderados-2026-3-2048x1365.jpg 2048w\" sizes=\"auto, (max-width: 2560px) 100vw, 2560px\" \/><\/figure>\n\n\n\n<figure class=\"wp-block-image size-full\"><img loading=\"lazy\" decoding=\"async\" width=\"2560\" height=\"1707\" data-id=\"30732\" src=\"https:\/\/colegiomontessori.cl\/wp2\/wp-content\/uploads\/2026\/03\/nuevos-apoderados-2026-4-scaled.jpg\" alt=\"\" class=\"wp-image-30732\" srcset=\"https:\/\/colegiomontessori.cl\/wp2\/wp-content\/uploads\/2026\/03\/nuevos-apoderados-2026-4-scaled.jpg 2560w, https:\/\/colegiomontessori.cl\/wp2\/wp-content\/uploads\/2026\/03\/nuevos-apoderados-2026-4-300x200.jpg 300w, https:\/\/colegiomontessori.cl\/wp2\/wp-content\/uploads\/2026\/03\/nuevos-apoderados-2026-4-1024x683.jpg 1024w, https:\/\/colegiomontessori.cl\/wp2\/wp-content\/uploads\/2026\/03\/nuevos-apoderados-2026-4-768x512.jpg 768w, https:\/\/colegiomontessori.cl\/wp2\/wp-content\/uploads\/2026\/03\/nuevos-apoderados-2026-4-1536x1024.jpg 1536w, https:\/\/colegiomontessori.cl\/wp2\/wp-content\/uploads\/2026\/03\/nuevos-apoderados-2026-4-2048x1365.jpg 2048w\" sizes=\"auto, (max-width: 2560px) 100vw, 2560px\" \/><\/figure>\n\n\n\n<figure class=\"wp-block-image size-full\"><img loading=\"lazy\" decoding=\"async\" width=\"2560\" height=\"1707\" data-id=\"30734\" src=\"https:\/\/colegiomontessori.cl\/wp2\/wp-content\/uploads\/2026\/03\/nuevos-apoderados-2026-6-scaled.jpg\" alt=\"\" class=\"wp-image-30734\" srcset=\"https:\/\/colegiomontessori.cl\/wp2\/wp-content\/uploads\/2026\/03\/nuevos-apoderados-2026-6-scaled.jpg 2560w, https:\/\/colegiomontessori.cl\/wp2\/wp-content\/uploads\/2026\/03\/nuevos-apoderados-2026-6-300x200.jpg 300w, https:\/\/colegiomontessori.cl\/wp2\/wp-content\/uploads\/2026\/03\/nuevos-apoderados-2026-6-1024x683.jpg 1024w, https:\/\/colegiomontessori.cl\/wp2\/wp-content\/uploads\/2026\/03\/nuevos-apoderados-2026-6-768x512.jpg 768w, https:\/\/colegiomontessori.cl\/wp2\/wp-content\/uploads\/2026\/03\/nuevos-apoderados-2026-6-1536x1024.jpg 1536w, https:\/\/colegiomontessori.cl\/wp2\/wp-content\/uploads\/2026\/03\/nuevos-apoderados-2026-6-2048x1365.jpg 2048w\" sizes=\"auto, (max-width: 2560px) 100vw, 2560px\" \/><\/figure>\n<\/figure>\n\n\n\n<p>Tras el saludo y presentaci\u00f3n del Centro General de Padres y Apoderados, parte de los temas abordados fueron: Proyecto Educativo, Alianza Familia-Escuela, Misi\u00f3n y Visi\u00f3n, Organigrama Institucional, \u00c1reas Estrat\u00e9gicas, Sellos Identitarios y Canales de Comunicaci\u00f3n, adem\u00e1s de recordar los Derechos y Deberes de los Estudiantes y Apoderados.<\/p>\n\n\n\n<figure class=\"wp-block-gallery has-nested-images columns-default is-cropped wp-block-gallery-3 is-layout-flex wp-block-gallery-is-layout-flex\">\n<figure class=\"wp-block-image size-full\"><img loading=\"lazy\" decoding=\"async\" width=\"2560\" height=\"1707\" data-id=\"30737\" src=\"https:\/\/colegiomontessori.cl\/wp2\/wp-content\/uploads\/2026\/03\/nuevos-apoderados-2026-9-scaled.jpg\" alt=\"\" class=\"wp-image-30737\" srcset=\"https:\/\/colegiomontessori.cl\/wp2\/wp-content\/uploads\/2026\/03\/nuevos-apoderados-2026-9-scaled.jpg 2560w, https:\/\/colegiomontessori.cl\/wp2\/wp-content\/uploads\/2026\/03\/nuevos-apoderados-2026-9-300x200.jpg 300w, https:\/\/colegiomontessori.cl\/wp2\/wp-content\/uploads\/2026\/03\/nuevos-apoderados-2026-9-1024x683.jpg 1024w, https:\/\/colegiomontessori.cl\/wp2\/wp-content\/uploads\/2026\/03\/nuevos-apoderados-2026-9-768x512.jpg 768w, https:\/\/colegiomontessori.cl\/wp2\/wp-content\/uploads\/2026\/03\/nuevos-apoderados-2026-9-1536x1024.jpg 1536w, https:\/\/colegiomontessori.cl\/wp2\/wp-content\/uploads\/2026\/03\/nuevos-apoderados-2026-9-2048x1365.jpg 2048w\" sizes=\"auto, (max-width: 2560px) 100vw, 2560px\" \/><\/figure>\n\n\n\n<figure class=\"wp-block-image size-full\"><img loading=\"lazy\" decoding=\"async\" width=\"2560\" height=\"1707\" data-id=\"30736\" src=\"https:\/\/colegiomontessori.cl\/wp2\/wp-content\/uploads\/2026\/03\/nuevos-apoderados-2026-8-scaled.jpg\" alt=\"\" class=\"wp-image-30736\" srcset=\"https:\/\/colegiomontessori.cl\/wp2\/wp-content\/uploads\/2026\/03\/nuevos-apoderados-2026-8-scaled.jpg 2560w, https:\/\/colegiomontessori.cl\/wp2\/wp-content\/uploads\/2026\/03\/nuevos-apoderados-2026-8-300x200.jpg 300w, https:\/\/colegiomontessori.cl\/wp2\/wp-content\/uploads\/2026\/03\/nuevos-apoderados-2026-8-1024x683.jpg 1024w, https:\/\/colegiomontessori.cl\/wp2\/wp-content\/uploads\/2026\/03\/nuevos-apoderados-2026-8-768x512.jpg 768w, https:\/\/colegiomontessori.cl\/wp2\/wp-content\/uploads\/2026\/03\/nuevos-apoderados-2026-8-1536x1024.jpg 1536w, https:\/\/colegiomontessori.cl\/wp2\/wp-content\/uploads\/2026\/03\/nuevos-apoderados-2026-8-2048x1365.jpg 2048w\" sizes=\"auto, (max-width: 2560px) 100vw, 2560px\" \/><\/figure>\n<\/figure>\n\n\n\n<p>Agradecemos la confianza depositada en nuestro colegio y esperamos que este sea el comienzo de un camino lleno de aprendizajes, crecimiento y experiencias significativas para sus hijos.<\/p>\n\n\n\n<p>\u00a1Bienvenidos a nuestra Comunidad Educativa!<\/p>\n","protected":false},"excerpt":{"rendered":"<p>Con mucha alegr\u00eda recibimos este 2026 a las nuevas familias que se integran a nuestro Colegio Montessori. Estamos felices de que hayan elegido ser parte de este proyecto educativo, donde acompa\u00f1amos el aprendizaje con respeto, autonom\u00eda y formaci\u00f3n en valores. La reuni\u00f3n de inducci\u00f3n fue liderada por el Equipo Directivo encabezado por el Rector, Sr. &hellip;<\/p>\n<p class=\"read-more\"> <a class=\"\" href=\"https:\/\/colegiomontessori.cl\/wp2\/2026\/03\/05\/equipo-directivo-dio-la-bienvenida-a-los-nuevos-apoderados\/\"> <span class=\"screen-reader-text\">Equipo Directivo dio la bienvenida a los nuevos Apoderados<\/span> Leer m\u00e1s &raquo;<\/a><\/p>\n","protected":false},"author":2,"featured_media":30733,"comment_status":"open","ping_status":"open","sticky":false,"template":"","format":"standard","meta":{"footnotes":""},"categories":[25,37],"tags":[],"class_list":["post-30728","post","type-post","status-publish","format-standard","has-post-thumbnail","hentry","category-apoderados","category-direccion"],"_links":{"self":[{"href":"https:\/\/colegiomontessori.cl\/wp2\/wp-json\/wp\/v2\/posts\/30728","targetHints":{"allow":["GET"]}}],"collection":[{"href":"https:\/\/colegiomontessori.cl\/wp2\/wp-json\/wp\/v2\/posts"}],"about":[{"href":"https:\/\/colegiomontessori.cl\/wp2\/wp-json\/wp\/v2\/types\/post"}],"author":[{"embeddable":true,"href":"https:\/\/colegiomontessori.cl\/wp2\/wp-json\/wp\/v2\/users\/2"}],"replies":[{"embeddable":true,"href":"https:\/\/colegiomontessori.cl\/wp2\/wp-json\/wp\/v2\/comments?post=30728"}],"version-history":[{"count":1,"href":"https:\/\/colegiomontessori.cl\/wp2\/wp-json\/wp\/v2\/posts\/30728\/revisions"}],"predecessor-version":[{"id":30739,"href":"https:\/\/colegiomontessori.cl\/wp2\/wp-json\/wp\/v2\/posts\/30728\/revisions\/30739"}],"wp:featuredmedia":[{"embeddable":true,"href":"https:\/\/colegiomontessori.cl\/wp2\/wp-json\/wp\/v2\/media\/30733"}],"wp:attachment":[{"href":"https:\/\/colegiomontessori.cl\/wp2\/wp-json\/wp\/v2\/media?parent=30728"}],"wp:term":[{"taxonomy":"category","embeddable":true,"href":"https:\/\/colegiomontessori.cl\/wp2\/wp-json\/wp\/v2\/categories?post=30728"},{"taxonomy":"post_tag","embeddable":true,"href":"https:\/\/colegiomontessori.cl\/wp2\/wp-json\/wp\/v2\/tags?post=30728"}],"curies":[{"name":"wp","href":"https:\/\/api.w.org\/{rel}","templated":true}]}}