{"id":30800,"date":"2026-03-11T12:35:48","date_gmt":"2026-03-11T15:35:48","guid":{"rendered":"https:\/\/colegiomontessori.cl\/wp2\/?p=30800"},"modified":"2026-03-11T17:20:02","modified_gmt":"2026-03-11T20:20:02","slug":"reunion-de-apoderados-marzo-2026-jornada-tarde-kinder-a-6-basico","status":"publish","type":"post","link":"https:\/\/colegiomontessori.cl\/wp2\/2026\/03\/11\/reunion-de-apoderados-marzo-2026-jornada-tarde-kinder-a-6-basico\/","title":{"rendered":"Reuni\u00f3n de Apoderados Marzo 2026 &#8211; Jornada Tarde (K\u00ednder a 6\u00b0 B\u00e1sico)"},"content":{"rendered":"\n<p>Estimados Padres y Apoderados,<\/p>\n\n\n\n<p>Les invitamos cordialmente a participar de nuestra primera Reuni\u00f3n de Apoderados de la Jornada Tarde, a realizarse los d\u00edas Mi\u00e9rcoles 18 y Jueves 19 de Marzo, un espacio de encuentro y di\u00e1logo que nos permitir\u00e1 comenzar este nuevo a\u00f1o escolar fortaleciendo la Alianza Familia-Escuela.<\/p>\n\n\n\n<p>Su presencia es muy importante, ya que en esta instancia podremos compartir informaci\u00f3n relevante sobre el inicio del A\u00f1o Acad\u00e9mico, los objetivos formativos y el trabajo que realizaremos junto a nuestros estudiantes durante este 2026.<\/p>\n\n\n\n<p>Agradecemos desde ya su compromiso y participaci\u00f3n, fundamentales para seguir construyendo, en conjunto, una comunidad educativa cercana y colaborativa.<\/p>\n\n\n\n<p>Atentamente,<\/p>\n\n\n\n<p><strong>Inspector\u00eda General<\/strong><\/p>\n\n\n\n<figure class=\"wp-block-gallery has-nested-images columns-default is-cropped wp-block-gallery-1 is-layout-flex wp-block-gallery-is-layout-flex\">\n<figure class=\"wp-block-image size-full\"><img loading=\"lazy\" decoding=\"async\" width=\"699\" height=\"787\" data-id=\"30802\" src=\"https:\/\/colegiomontessori.cl\/wp2\/wp-content\/uploads\/2026\/03\/reuniones-marzo-jt-2.png\" alt=\"\" class=\"wp-image-30802\" srcset=\"https:\/\/colegiomontessori.cl\/wp2\/wp-content\/uploads\/2026\/03\/reuniones-marzo-jt-2.png 699w, https:\/\/colegiomontessori.cl\/wp2\/wp-content\/uploads\/2026\/03\/reuniones-marzo-jt-2-266x300.png 266w\" sizes=\"auto, (max-width: 699px) 100vw, 699px\" \/><\/figure>\n<\/figure>\n","protected":false},"excerpt":{"rendered":"<p>Estimados Padres y Apoderados, Les invitamos cordialmente a participar de nuestra primera Reuni\u00f3n de Apoderados de la Jornada Tarde, a realizarse los d\u00edas Mi\u00e9rcoles 18 y Jueves 19 de Marzo, un espacio de encuentro y di\u00e1logo que nos permitir\u00e1 comenzar este nuevo a\u00f1o escolar fortaleciendo la Alianza Familia-Escuela. Su presencia es muy importante, ya que &hellip;<\/p>\n<p class=\"read-more\"> <a class=\"\" href=\"https:\/\/colegiomontessori.cl\/wp2\/2026\/03\/11\/reunion-de-apoderados-marzo-2026-jornada-tarde-kinder-a-6-basico\/\"> <span class=\"screen-reader-text\">Reuni\u00f3n de Apoderados Marzo 2026 &#8211; Jornada Tarde (K\u00ednder a 6\u00b0 B\u00e1sico)<\/span> Leer m\u00e1s &raquo;<\/a><\/p>\n","protected":false},"author":2,"featured_media":30801,"comment_status":"open","ping_status":"open","sticky":false,"template":"","format":"standard","meta":{"footnotes":""},"categories":[25,39],"tags":[],"class_list":["post-30800","post","type-post","status-publish","format-standard","has-post-thumbnail","hentry","category-apoderados","category-inspectoria"],"_links":{"self":[{"href":"https:\/\/colegiomontessori.cl\/wp2\/wp-json\/wp\/v2\/posts\/30800","targetHints":{"allow":["GET"]}}],"collection":[{"href":"https:\/\/colegiomontessori.cl\/wp2\/wp-json\/wp\/v2\/posts"}],"about":[{"href":"https:\/\/colegiomontessori.cl\/wp2\/wp-json\/wp\/v2\/types\/post"}],"author":[{"embeddable":true,"href":"https:\/\/colegiomontessori.cl\/wp2\/wp-json\/wp\/v2\/users\/2"}],"replies":[{"embeddable":true,"href":"https:\/\/colegiomontessori.cl\/wp2\/wp-json\/wp\/v2\/comments?post=30800"}],"version-history":[{"count":4,"href":"https:\/\/colegiomontessori.cl\/wp2\/wp-json\/wp\/v2\/posts\/30800\/revisions"}],"predecessor-version":[{"id":30813,"href":"https:\/\/colegiomontessori.cl\/wp2\/wp-json\/wp\/v2\/posts\/30800\/revisions\/30813"}],"wp:featuredmedia":[{"embeddable":true,"href":"https:\/\/colegiomontessori.cl\/wp2\/wp-json\/wp\/v2\/media\/30801"}],"wp:attachment":[{"href":"https:\/\/colegiomontessori.cl\/wp2\/wp-json\/wp\/v2\/media?parent=30800"}],"wp:term":[{"taxonomy":"category","embeddable":true,"href":"https:\/\/colegiomontessori.cl\/wp2\/wp-json\/wp\/v2\/categories?post=30800"},{"taxonomy":"post_tag","embeddable":true,"href":"https:\/\/colegiomontessori.cl\/wp2\/wp-json\/wp\/v2\/tags?post=30800"}],"curies":[{"name":"wp","href":"https:\/\/api.w.org\/{rel}","templated":true}]}}