{"id":30851,"date":"2026-03-13T13:15:15","date_gmt":"2026-03-13T16:15:15","guid":{"rendered":"https:\/\/colegiomontessori.cl\/wp2\/?p=30851"},"modified":"2026-03-13T13:19:23","modified_gmt":"2026-03-13T16:19:23","slug":"talleres-de-bienestar-emocional-vinculacion-y-adaptacion-al-ano-escolar-2026","status":"publish","type":"post","link":"https:\/\/colegiomontessori.cl\/wp2\/2026\/03\/13\/talleres-de-bienestar-emocional-vinculacion-y-adaptacion-al-ano-escolar-2026\/","title":{"rendered":"Programa de Integraci\u00f3n desarrolla Talleres de Bienestar Emocional, Vinculaci\u00f3n y Adaptaci\u00f3n al A\u00f1o Escolar 2026"},"content":{"rendered":"\n<p>El inicio de un nuevo a\u00f1o es tambi\u00e9n un tiempo de adaptaci\u00f3n para nuestros estudiantes, con nuevas rutinas, compa\u00f1eros, desaf\u00edos y aprendizajes que forman parte de este proceso.<\/p>\n\n\n\n<figure class=\"wp-block-image size-full\"><img loading=\"lazy\" decoding=\"async\" width=\"2560\" height=\"1441\" src=\"https:\/\/colegiomontessori.cl\/wp2\/wp-content\/uploads\/2026\/03\/talleres-pie-adaptacion-2-scaled.jpg\" alt=\"\" class=\"wp-image-30853\" srcset=\"https:\/\/colegiomontessori.cl\/wp2\/wp-content\/uploads\/2026\/03\/talleres-pie-adaptacion-2-scaled.jpg 2560w, https:\/\/colegiomontessori.cl\/wp2\/wp-content\/uploads\/2026\/03\/talleres-pie-adaptacion-2-300x169.jpg 300w, https:\/\/colegiomontessori.cl\/wp2\/wp-content\/uploads\/2026\/03\/talleres-pie-adaptacion-2-1024x576.jpg 1024w, https:\/\/colegiomontessori.cl\/wp2\/wp-content\/uploads\/2026\/03\/talleres-pie-adaptacion-2-768x432.jpg 768w, https:\/\/colegiomontessori.cl\/wp2\/wp-content\/uploads\/2026\/03\/talleres-pie-adaptacion-2-1536x864.jpg 1536w, https:\/\/colegiomontessori.cl\/wp2\/wp-content\/uploads\/2026\/03\/talleres-pie-adaptacion-2-2048x1153.jpg 2048w\" sizes=\"auto, (max-width: 2560px) 100vw, 2560px\" \/><\/figure>\n\n\n\n<p>Es por esto que, en el marco de las actividades de bienvenida e inicio del a\u00f1o acad\u00e9mico, el Programa de Integraci\u00f3n Escolar de nuestro colegio desarroll\u00f3 un ciclo de talleres dirigido a todos nuestros estudiantes de K\u00ednder a IV\u00b0 Medio.<\/p>\n\n\n\n<figure class=\"wp-block-gallery has-nested-images columns-default is-cropped wp-block-gallery-1 is-layout-flex wp-block-gallery-is-layout-flex\">\n<figure class=\"wp-block-image size-full\"><img loading=\"lazy\" decoding=\"async\" width=\"2560\" height=\"1441\" data-id=\"30856\" src=\"https:\/\/colegiomontessori.cl\/wp2\/wp-content\/uploads\/2026\/03\/talleres-pie-adaptacion-5-scaled.jpg\" alt=\"\" class=\"wp-image-30856\" srcset=\"https:\/\/colegiomontessori.cl\/wp2\/wp-content\/uploads\/2026\/03\/talleres-pie-adaptacion-5-scaled.jpg 2560w, https:\/\/colegiomontessori.cl\/wp2\/wp-content\/uploads\/2026\/03\/talleres-pie-adaptacion-5-300x169.jpg 300w, https:\/\/colegiomontessori.cl\/wp2\/wp-content\/uploads\/2026\/03\/talleres-pie-adaptacion-5-1024x576.jpg 1024w, https:\/\/colegiomontessori.cl\/wp2\/wp-content\/uploads\/2026\/03\/talleres-pie-adaptacion-5-768x432.jpg 768w, https:\/\/colegiomontessori.cl\/wp2\/wp-content\/uploads\/2026\/03\/talleres-pie-adaptacion-5-1536x864.jpg 1536w, https:\/\/colegiomontessori.cl\/wp2\/wp-content\/uploads\/2026\/03\/talleres-pie-adaptacion-5-2048x1153.jpg 2048w\" sizes=\"auto, (max-width: 2560px) 100vw, 2560px\" \/><\/figure>\n\n\n\n<figure class=\"wp-block-image size-full\"><img loading=\"lazy\" decoding=\"async\" width=\"2560\" height=\"1441\" data-id=\"30854\" src=\"https:\/\/colegiomontessori.cl\/wp2\/wp-content\/uploads\/2026\/03\/talleres-pie-adaptacion-3-scaled.jpg\" alt=\"\" class=\"wp-image-30854\" srcset=\"https:\/\/colegiomontessori.cl\/wp2\/wp-content\/uploads\/2026\/03\/talleres-pie-adaptacion-3-scaled.jpg 2560w, https:\/\/colegiomontessori.cl\/wp2\/wp-content\/uploads\/2026\/03\/talleres-pie-adaptacion-3-300x169.jpg 300w, https:\/\/colegiomontessori.cl\/wp2\/wp-content\/uploads\/2026\/03\/talleres-pie-adaptacion-3-1024x576.jpg 1024w, https:\/\/colegiomontessori.cl\/wp2\/wp-content\/uploads\/2026\/03\/talleres-pie-adaptacion-3-768x432.jpg 768w, https:\/\/colegiomontessori.cl\/wp2\/wp-content\/uploads\/2026\/03\/talleres-pie-adaptacion-3-1536x864.jpg 1536w, https:\/\/colegiomontessori.cl\/wp2\/wp-content\/uploads\/2026\/03\/talleres-pie-adaptacion-3-2048x1153.jpg 2048w\" sizes=\"auto, (max-width: 2560px) 100vw, 2560px\" \/><\/figure>\n<\/figure>\n\n\n\n<p>La iniciativa a cargo del Equipo Interdisciplinario PIE -conformado por las \u00e1reas de Terapia Ocupacional, Psicopedagog\u00eda, Fonoaudiolog\u00eda y Psicolog\u00eda- busca tambi\u00e9n favorecer los indicadores de desarrollo personal y social.<\/p>\n\n\n\n<figure class=\"wp-block-image size-full\"><img loading=\"lazy\" decoding=\"async\" width=\"1561\" height=\"879\" src=\"https:\/\/colegiomontessori.cl\/wp2\/wp-content\/uploads\/2026\/03\/talleres-pie-adaptacion-6.jpg\" alt=\"\" class=\"wp-image-30857\" srcset=\"https:\/\/colegiomontessori.cl\/wp2\/wp-content\/uploads\/2026\/03\/talleres-pie-adaptacion-6.jpg 1561w, https:\/\/colegiomontessori.cl\/wp2\/wp-content\/uploads\/2026\/03\/talleres-pie-adaptacion-6-300x169.jpg 300w, https:\/\/colegiomontessori.cl\/wp2\/wp-content\/uploads\/2026\/03\/talleres-pie-adaptacion-6-1024x577.jpg 1024w, https:\/\/colegiomontessori.cl\/wp2\/wp-content\/uploads\/2026\/03\/talleres-pie-adaptacion-6-768x432.jpg 768w, https:\/\/colegiomontessori.cl\/wp2\/wp-content\/uploads\/2026\/03\/talleres-pie-adaptacion-6-1536x865.jpg 1536w\" sizes=\"auto, (max-width: 1561px) 100vw, 1561px\" \/><\/figure>\n\n\n\n<p>Como comunidad educativa, reconocemos la importancia del bienestar emocional, acompa\u00f1ando a nuestros estudiantes con cercan\u00eda, contenci\u00f3n y apoyo, para que cada uno pueda integrarse de manera positiva y segura a esta nueva etapa.<\/p>\n","protected":false},"excerpt":{"rendered":"<p>El inicio de un nuevo a\u00f1o es tambi\u00e9n un tiempo de adaptaci\u00f3n para nuestros estudiantes, con nuevas rutinas, compa\u00f1eros, desaf\u00edos y aprendizajes que forman parte de este proceso. Es por esto que, en el marco de las actividades de bienvenida e inicio del a\u00f1o acad\u00e9mico, el Programa de Integraci\u00f3n Escolar de nuestro colegio desarroll\u00f3 un &hellip;<\/p>\n<p class=\"read-more\"> <a class=\"\" href=\"https:\/\/colegiomontessori.cl\/wp2\/2026\/03\/13\/talleres-de-bienestar-emocional-vinculacion-y-adaptacion-al-ano-escolar-2026\/\"> <span class=\"screen-reader-text\">Programa de Integraci\u00f3n desarrolla Talleres de Bienestar Emocional, Vinculaci\u00f3n y Adaptaci\u00f3n al A\u00f1o Escolar 2026<\/span> Leer m\u00e1s &raquo;<\/a><\/p>\n","protected":false},"author":2,"featured_media":30852,"comment_status":"open","ping_status":"open","sticky":false,"template":"","format":"standard","meta":{"footnotes":""},"categories":[29],"tags":[],"class_list":["post-30851","post","type-post","status-publish","format-standard","has-post-thumbnail","hentry","category-inclusion"],"_links":{"self":[{"href":"https:\/\/colegiomontessori.cl\/wp2\/wp-json\/wp\/v2\/posts\/30851","targetHints":{"allow":["GET"]}}],"collection":[{"href":"https:\/\/colegiomontessori.cl\/wp2\/wp-json\/wp\/v2\/posts"}],"about":[{"href":"https:\/\/colegiomontessori.cl\/wp2\/wp-json\/wp\/v2\/types\/post"}],"author":[{"embeddable":true,"href":"https:\/\/colegiomontessori.cl\/wp2\/wp-json\/wp\/v2\/users\/2"}],"replies":[{"embeddable":true,"href":"https:\/\/colegiomontessori.cl\/wp2\/wp-json\/wp\/v2\/comments?post=30851"}],"version-history":[{"count":5,"href":"https:\/\/colegiomontessori.cl\/wp2\/wp-json\/wp\/v2\/posts\/30851\/revisions"}],"predecessor-version":[{"id":30863,"href":"https:\/\/colegiomontessori.cl\/wp2\/wp-json\/wp\/v2\/posts\/30851\/revisions\/30863"}],"wp:featuredmedia":[{"embeddable":true,"href":"https:\/\/colegiomontessori.cl\/wp2\/wp-json\/wp\/v2\/media\/30852"}],"wp:attachment":[{"href":"https:\/\/colegiomontessori.cl\/wp2\/wp-json\/wp\/v2\/media?parent=30851"}],"wp:term":[{"taxonomy":"category","embeddable":true,"href":"https:\/\/colegiomontessori.cl\/wp2\/wp-json\/wp\/v2\/categories?post=30851"},{"taxonomy":"post_tag","embeddable":true,"href":"https:\/\/colegiomontessori.cl\/wp2\/wp-json\/wp\/v2\/tags?post=30851"}],"curies":[{"name":"wp","href":"https:\/\/api.w.org\/{rel}","templated":true}]}}