{"id":30909,"date":"2026-03-17T19:07:48","date_gmt":"2026-03-17T22:07:48","guid":{"rendered":"https:\/\/colegiomontessori.cl\/wp2\/?p=30909"},"modified":"2026-03-17T19:07:49","modified_gmt":"2026-03-17T22:07:49","slug":"coros-del-colegio-montessori-comienza-el-ano-cantando","status":"publish","type":"post","link":"https:\/\/colegiomontessori.cl\/wp2\/2026\/03\/17\/coros-del-colegio-montessori-comienza-el-ano-cantando\/","title":{"rendered":"Coros del Colegio Montessori \u00a1Comienza el a\u00f1o cantando!"},"content":{"rendered":"\n<p>Los Coros del Colegio Montessori abren sus espacios para que ni\u00f1os y j\u00f3venes puedan ser parte de esta hermosa disciplina musical.<\/p>\n\n\n\n<p>Un lugar donde podr\u00e1s:<\/p>\n\n\n\n<ul class=\"wp-block-list\">\n<li>Descubrir y desarrollar tu voz<\/li>\n\n\n\n<li>Aprender m\u00fasica y t\u00e9cnica vocal<\/li>\n\n\n\n<li>Crecer art\u00edsticamente en un ambiente de excelencia<\/li>\n\n\n\n<li>Representar a nuestro colegio en importantes escenarios<\/li>\n<\/ul>\n\n\n\n<p>El canto coral es una experiencia \u00fanica que fortalece la confianza, el trabajo en equipo y el amor por la m\u00fasica.<\/p>\n\n\n\n<p>Atr\u00e9vete a probar tu voz y canta con nosotros. \u00a1Te esperamos!<\/p>\n\n\n\n<ul class=\"wp-block-list\">\n<li>Clases todos los martes<\/li>\n\n\n\n<li>Jornada Tarde: 12:00 a 13:30 hrs.<\/li>\n\n\n\n<li>Jornada Ma\u00f1ana: 14:00 a 15:30 hrs.<\/li>\n\n\n\n<li>Lugar: Sala de Lectura<\/li>\n<\/ul>\n\n\n\n<p>Solicita tu incorporaci\u00f3n al WhatsApp: +56 9 0762 10017<\/p>\n\n\n\n<p>\u00a1Ven y s\u00e9 parte del Coro del Colegio Montessori!<\/p>\n","protected":false},"excerpt":{"rendered":"<p>Los Coros del Colegio Montessori abren sus espacios para que ni\u00f1os y j\u00f3venes puedan ser parte de esta hermosa disciplina musical. Un lugar donde podr\u00e1s: El canto coral es una experiencia \u00fanica que fortalece la confianza, el trabajo en equipo y el amor por la m\u00fasica. Atr\u00e9vete a probar tu voz y canta con nosotros. &hellip;<\/p>\n<p class=\"read-more\"> <a class=\"\" href=\"https:\/\/colegiomontessori.cl\/wp2\/2026\/03\/17\/coros-del-colegio-montessori-comienza-el-ano-cantando\/\"> <span class=\"screen-reader-text\">Coros del Colegio Montessori \u00a1Comienza el a\u00f1o cantando!<\/span> Leer m\u00e1s &raquo;<\/a><\/p>\n","protected":false},"author":2,"featured_media":30910,"comment_status":"open","ping_status":"open","sticky":false,"template":"","format":"standard","meta":{"footnotes":""},"categories":[36,54],"tags":[],"class_list":["post-30909","post","type-post","status-publish","format-standard","has-post-thumbnail","hentry","category-area-artistica","category-coro"],"_links":{"self":[{"href":"https:\/\/colegiomontessori.cl\/wp2\/wp-json\/wp\/v2\/posts\/30909","targetHints":{"allow":["GET"]}}],"collection":[{"href":"https:\/\/colegiomontessori.cl\/wp2\/wp-json\/wp\/v2\/posts"}],"about":[{"href":"https:\/\/colegiomontessori.cl\/wp2\/wp-json\/wp\/v2\/types\/post"}],"author":[{"embeddable":true,"href":"https:\/\/colegiomontessori.cl\/wp2\/wp-json\/wp\/v2\/users\/2"}],"replies":[{"embeddable":true,"href":"https:\/\/colegiomontessori.cl\/wp2\/wp-json\/wp\/v2\/comments?post=30909"}],"version-history":[{"count":1,"href":"https:\/\/colegiomontessori.cl\/wp2\/wp-json\/wp\/v2\/posts\/30909\/revisions"}],"predecessor-version":[{"id":30912,"href":"https:\/\/colegiomontessori.cl\/wp2\/wp-json\/wp\/v2\/posts\/30909\/revisions\/30912"}],"wp:featuredmedia":[{"embeddable":true,"href":"https:\/\/colegiomontessori.cl\/wp2\/wp-json\/wp\/v2\/media\/30910"}],"wp:attachment":[{"href":"https:\/\/colegiomontessori.cl\/wp2\/wp-json\/wp\/v2\/media?parent=30909"}],"wp:term":[{"taxonomy":"category","embeddable":true,"href":"https:\/\/colegiomontessori.cl\/wp2\/wp-json\/wp\/v2\/categories?post=30909"},{"taxonomy":"post_tag","embeddable":true,"href":"https:\/\/colegiomontessori.cl\/wp2\/wp-json\/wp\/v2\/tags?post=30909"}],"curies":[{"name":"wp","href":"https:\/\/api.w.org\/{rel}","templated":true}]}}