{"id":31324,"date":"2026-04-27T16:24:55","date_gmt":"2026-04-27T20:24:55","guid":{"rendered":"https:\/\/colegiomontessori.cl\/wp2\/?p=31324"},"modified":"2026-04-27T16:24:55","modified_gmt":"2026-04-27T20:24:55","slug":"feria-geografica-estudiantes-de-5-basico-conocen-las-zonas-naturales-de-chile","status":"publish","type":"post","link":"https:\/\/colegiomontessori.cl\/wp2\/2026\/04\/27\/feria-geografica-estudiantes-de-5-basico-conocen-las-zonas-naturales-de-chile\/","title":{"rendered":"\u00abFeria Geogr\u00e1fica\u00bb: Estudiantes de 5\u00b0 b\u00e1sico conocen las zonas naturales de Chile"},"content":{"rendered":"\n<p>En el marco de la asignatura de Historia y Geograf\u00eda los estudiantes de 5\u00b0 a\u00f1os b\u00e1sicos A y B representaron y caracterizaron una zona natural de Chile, creando coloridas maquetas y afiches informativos, bajo la metodolog\u00eda de pensamiento de dise\u00f1o y trabajo colaborativo aplicada por la profesora Susana Belmar.<\/p>\n\n\n\n<figure class=\"wp-block-gallery has-nested-images columns-2 is-cropped wp-block-gallery-1 is-layout-flex wp-block-gallery-is-layout-flex\">\n<figure class=\"wp-block-image size-full\"><img loading=\"lazy\" decoding=\"async\" width=\"2560\" height=\"1707\" data-id=\"31326\" src=\"https:\/\/colegiomontessori.cl\/wp2\/wp-content\/uploads\/2026\/04\/feria-geografica-2-scaled.jpg\" alt=\"\" class=\"wp-image-31326\" srcset=\"https:\/\/colegiomontessori.cl\/wp2\/wp-content\/uploads\/2026\/04\/feria-geografica-2-scaled.jpg 2560w, https:\/\/colegiomontessori.cl\/wp2\/wp-content\/uploads\/2026\/04\/feria-geografica-2-300x200.jpg 300w, https:\/\/colegiomontessori.cl\/wp2\/wp-content\/uploads\/2026\/04\/feria-geografica-2-1024x683.jpg 1024w, https:\/\/colegiomontessori.cl\/wp2\/wp-content\/uploads\/2026\/04\/feria-geografica-2-768x512.jpg 768w, https:\/\/colegiomontessori.cl\/wp2\/wp-content\/uploads\/2026\/04\/feria-geografica-2-1536x1024.jpg 1536w, https:\/\/colegiomontessori.cl\/wp2\/wp-content\/uploads\/2026\/04\/feria-geografica-2-2048x1365.jpg 2048w\" sizes=\"auto, (max-width: 2560px) 100vw, 2560px\" \/><\/figure>\n\n\n\n<figure class=\"wp-block-image size-full\"><img loading=\"lazy\" decoding=\"async\" width=\"2560\" height=\"1920\" data-id=\"31330\" src=\"https:\/\/colegiomontessori.cl\/wp2\/wp-content\/uploads\/2026\/04\/feria-geografica-6-scaled.jpg\" alt=\"\" class=\"wp-image-31330\" srcset=\"https:\/\/colegiomontessori.cl\/wp2\/wp-content\/uploads\/2026\/04\/feria-geografica-6-scaled.jpg 2560w, https:\/\/colegiomontessori.cl\/wp2\/wp-content\/uploads\/2026\/04\/feria-geografica-6-300x225.jpg 300w, https:\/\/colegiomontessori.cl\/wp2\/wp-content\/uploads\/2026\/04\/feria-geografica-6-1024x768.jpg 1024w, https:\/\/colegiomontessori.cl\/wp2\/wp-content\/uploads\/2026\/04\/feria-geografica-6-768x576.jpg 768w, https:\/\/colegiomontessori.cl\/wp2\/wp-content\/uploads\/2026\/04\/feria-geografica-6-1536x1152.jpg 1536w, https:\/\/colegiomontessori.cl\/wp2\/wp-content\/uploads\/2026\/04\/feria-geografica-6-2048x1536.jpg 2048w\" sizes=\"auto, (max-width: 2560px) 100vw, 2560px\" \/><\/figure>\n\n\n\n<figure class=\"wp-block-image size-full\"><img loading=\"lazy\" decoding=\"async\" width=\"2560\" height=\"1707\" data-id=\"31325\" src=\"https:\/\/colegiomontessori.cl\/wp2\/wp-content\/uploads\/2026\/04\/feria-geografica-1-scaled.jpg\" alt=\"\" class=\"wp-image-31325\" srcset=\"https:\/\/colegiomontessori.cl\/wp2\/wp-content\/uploads\/2026\/04\/feria-geografica-1-scaled.jpg 2560w, https:\/\/colegiomontessori.cl\/wp2\/wp-content\/uploads\/2026\/04\/feria-geografica-1-300x200.jpg 300w, https:\/\/colegiomontessori.cl\/wp2\/wp-content\/uploads\/2026\/04\/feria-geografica-1-1024x683.jpg 1024w, https:\/\/colegiomontessori.cl\/wp2\/wp-content\/uploads\/2026\/04\/feria-geografica-1-768x512.jpg 768w, https:\/\/colegiomontessori.cl\/wp2\/wp-content\/uploads\/2026\/04\/feria-geografica-1-1536x1024.jpg 1536w, https:\/\/colegiomontessori.cl\/wp2\/wp-content\/uploads\/2026\/04\/feria-geografica-1-2048x1365.jpg 2048w\" sizes=\"auto, (max-width: 2560px) 100vw, 2560px\" \/><\/figure>\n<\/figure>\n\n\n\n<p>En cuanto a su enfoque did\u00e1ctico, con esta estrategia de aprendizaje los estudiantes se organizaron en equipos, bajo la gu\u00eda del docente y con el apoyo de un monitor por grupo, con el prop\u00f3sito de fortalecer la autonom\u00eda, personalizar el aprendizaje y fomentar la inclusi\u00f3n y la creatividad.<\/p>\n\n\n\n<figure class=\"wp-block-gallery has-nested-images columns-3 is-cropped wp-block-gallery-2 is-layout-flex wp-block-gallery-is-layout-flex\">\n<figure class=\"wp-block-image size-full\"><img loading=\"lazy\" decoding=\"async\" width=\"1920\" height=\"2560\" data-id=\"31334\" src=\"https:\/\/colegiomontessori.cl\/wp2\/wp-content\/uploads\/2026\/04\/feria-geografica-10-scaled.jpg\" alt=\"\" class=\"wp-image-31334\" srcset=\"https:\/\/colegiomontessori.cl\/wp2\/wp-content\/uploads\/2026\/04\/feria-geografica-10-scaled.jpg 1920w, https:\/\/colegiomontessori.cl\/wp2\/wp-content\/uploads\/2026\/04\/feria-geografica-10-225x300.jpg 225w, https:\/\/colegiomontessori.cl\/wp2\/wp-content\/uploads\/2026\/04\/feria-geografica-10-768x1024.jpg 768w, https:\/\/colegiomontessori.cl\/wp2\/wp-content\/uploads\/2026\/04\/feria-geografica-10-1152x1536.jpg 1152w, https:\/\/colegiomontessori.cl\/wp2\/wp-content\/uploads\/2026\/04\/feria-geografica-10-1536x2048.jpg 1536w\" sizes=\"auto, (max-width: 1920px) 100vw, 1920px\" \/><\/figure>\n\n\n\n<figure class=\"wp-block-image size-full\"><img loading=\"lazy\" decoding=\"async\" width=\"1920\" height=\"2560\" data-id=\"31332\" src=\"https:\/\/colegiomontessori.cl\/wp2\/wp-content\/uploads\/2026\/04\/feria-geografica-8-scaled.jpg\" alt=\"\" class=\"wp-image-31332\" srcset=\"https:\/\/colegiomontessori.cl\/wp2\/wp-content\/uploads\/2026\/04\/feria-geografica-8-scaled.jpg 1920w, https:\/\/colegiomontessori.cl\/wp2\/wp-content\/uploads\/2026\/04\/feria-geografica-8-225x300.jpg 225w, https:\/\/colegiomontessori.cl\/wp2\/wp-content\/uploads\/2026\/04\/feria-geografica-8-768x1024.jpg 768w, https:\/\/colegiomontessori.cl\/wp2\/wp-content\/uploads\/2026\/04\/feria-geografica-8-1152x1536.jpg 1152w, https:\/\/colegiomontessori.cl\/wp2\/wp-content\/uploads\/2026\/04\/feria-geografica-8-1536x2048.jpg 1536w\" sizes=\"auto, (max-width: 1920px) 100vw, 1920px\" \/><\/figure>\n\n\n\n<figure class=\"wp-block-image size-full\"><img loading=\"lazy\" decoding=\"async\" width=\"1920\" height=\"2560\" data-id=\"31331\" src=\"https:\/\/colegiomontessori.cl\/wp2\/wp-content\/uploads\/2026\/04\/feria-geografica-7-scaled.jpg\" alt=\"\" class=\"wp-image-31331\" srcset=\"https:\/\/colegiomontessori.cl\/wp2\/wp-content\/uploads\/2026\/04\/feria-geografica-7-scaled.jpg 1920w, https:\/\/colegiomontessori.cl\/wp2\/wp-content\/uploads\/2026\/04\/feria-geografica-7-225x300.jpg 225w, https:\/\/colegiomontessori.cl\/wp2\/wp-content\/uploads\/2026\/04\/feria-geografica-7-768x1024.jpg 768w, https:\/\/colegiomontessori.cl\/wp2\/wp-content\/uploads\/2026\/04\/feria-geografica-7-1152x1536.jpg 1152w, https:\/\/colegiomontessori.cl\/wp2\/wp-content\/uploads\/2026\/04\/feria-geografica-7-1536x2048.jpg 1536w\" sizes=\"auto, (max-width: 1920px) 100vw, 1920px\" \/><\/figure>\n\n\n\n<figure class=\"wp-block-image size-full\"><img loading=\"lazy\" decoding=\"async\" width=\"2560\" height=\"1707\" data-id=\"31328\" src=\"https:\/\/colegiomontessori.cl\/wp2\/wp-content\/uploads\/2026\/04\/feria-geografica-4-scaled.jpg\" alt=\"\" class=\"wp-image-31328\" srcset=\"https:\/\/colegiomontessori.cl\/wp2\/wp-content\/uploads\/2026\/04\/feria-geografica-4-scaled.jpg 2560w, https:\/\/colegiomontessori.cl\/wp2\/wp-content\/uploads\/2026\/04\/feria-geografica-4-300x200.jpg 300w, https:\/\/colegiomontessori.cl\/wp2\/wp-content\/uploads\/2026\/04\/feria-geografica-4-1024x683.jpg 1024w, https:\/\/colegiomontessori.cl\/wp2\/wp-content\/uploads\/2026\/04\/feria-geografica-4-768x512.jpg 768w, https:\/\/colegiomontessori.cl\/wp2\/wp-content\/uploads\/2026\/04\/feria-geografica-4-1536x1024.jpg 1536w, https:\/\/colegiomontessori.cl\/wp2\/wp-content\/uploads\/2026\/04\/feria-geografica-4-2048x1365.jpg 2048w\" sizes=\"auto, (max-width: 2560px) 100vw, 2560px\" \/><\/figure>\n<\/figure>\n\n\n\n<figure class=\"wp-block-gallery has-nested-images columns-default is-cropped wp-block-gallery-3 is-layout-flex wp-block-gallery-is-layout-flex\">\n<figure class=\"wp-block-image size-full\"><img loading=\"lazy\" decoding=\"async\" width=\"2560\" height=\"1707\" data-id=\"31329\" src=\"https:\/\/colegiomontessori.cl\/wp2\/wp-content\/uploads\/2026\/04\/feria-geografica-5-scaled.jpg\" alt=\"\" class=\"wp-image-31329\" srcset=\"https:\/\/colegiomontessori.cl\/wp2\/wp-content\/uploads\/2026\/04\/feria-geografica-5-scaled.jpg 2560w, https:\/\/colegiomontessori.cl\/wp2\/wp-content\/uploads\/2026\/04\/feria-geografica-5-300x200.jpg 300w, https:\/\/colegiomontessori.cl\/wp2\/wp-content\/uploads\/2026\/04\/feria-geografica-5-1024x683.jpg 1024w, https:\/\/colegiomontessori.cl\/wp2\/wp-content\/uploads\/2026\/04\/feria-geografica-5-768x512.jpg 768w, https:\/\/colegiomontessori.cl\/wp2\/wp-content\/uploads\/2026\/04\/feria-geografica-5-1536x1024.jpg 1536w, https:\/\/colegiomontessori.cl\/wp2\/wp-content\/uploads\/2026\/04\/feria-geografica-5-2048x1365.jpg 2048w\" sizes=\"auto, (max-width: 2560px) 100vw, 2560px\" \/><\/figure>\n\n\n\n<figure class=\"wp-block-image size-full\"><img loading=\"lazy\" decoding=\"async\" width=\"2560\" height=\"1707\" data-id=\"31327\" src=\"https:\/\/colegiomontessori.cl\/wp2\/wp-content\/uploads\/2026\/04\/feria-geografica-3-scaled.jpg\" alt=\"\" class=\"wp-image-31327\" srcset=\"https:\/\/colegiomontessori.cl\/wp2\/wp-content\/uploads\/2026\/04\/feria-geografica-3-scaled.jpg 2560w, https:\/\/colegiomontessori.cl\/wp2\/wp-content\/uploads\/2026\/04\/feria-geografica-3-300x200.jpg 300w, https:\/\/colegiomontessori.cl\/wp2\/wp-content\/uploads\/2026\/04\/feria-geografica-3-1024x683.jpg 1024w, https:\/\/colegiomontessori.cl\/wp2\/wp-content\/uploads\/2026\/04\/feria-geografica-3-768x512.jpg 768w, https:\/\/colegiomontessori.cl\/wp2\/wp-content\/uploads\/2026\/04\/feria-geografica-3-1536x1024.jpg 1536w, https:\/\/colegiomontessori.cl\/wp2\/wp-content\/uploads\/2026\/04\/feria-geografica-3-2048x1365.jpg 2048w\" sizes=\"auto, (max-width: 2560px) 100vw, 2560px\" \/><\/figure>\n<\/figure>\n","protected":false},"excerpt":{"rendered":"<p>En el marco de la asignatura de Historia y Geograf\u00eda los estudiantes de 5\u00b0 a\u00f1os b\u00e1sicos A y B representaron y caracterizaron una zona natural de Chile, creando coloridas maquetas y afiches informativos, bajo la metodolog\u00eda de pensamiento de dise\u00f1o y trabajo colaborativo aplicada por la profesora Susana Belmar. En cuanto a su enfoque did\u00e1ctico, &hellip;<\/p>\n<p class=\"read-more\"> <a class=\"\" href=\"https:\/\/colegiomontessori.cl\/wp2\/2026\/04\/27\/feria-geografica-estudiantes-de-5-basico-conocen-las-zonas-naturales-de-chile\/\"> <span class=\"screen-reader-text\">\u00abFeria Geogr\u00e1fica\u00bb: Estudiantes de 5\u00b0 b\u00e1sico conocen las zonas naturales de Chile<\/span> Leer m\u00e1s &raquo;<\/a><\/p>\n","protected":false},"author":2,"featured_media":31333,"comment_status":"open","ping_status":"open","sticky":false,"template":"","format":"standard","meta":{"footnotes":""},"categories":[21,38],"tags":[],"class_list":["post-31324","post","type-post","status-publish","format-standard","has-post-thumbnail","hentry","category-area-academica","category-historia"],"_links":{"self":[{"href":"https:\/\/colegiomontessori.cl\/wp2\/wp-json\/wp\/v2\/posts\/31324","targetHints":{"allow":["GET"]}}],"collection":[{"href":"https:\/\/colegiomontessori.cl\/wp2\/wp-json\/wp\/v2\/posts"}],"about":[{"href":"https:\/\/colegiomontessori.cl\/wp2\/wp-json\/wp\/v2\/types\/post"}],"author":[{"embeddable":true,"href":"https:\/\/colegiomontessori.cl\/wp2\/wp-json\/wp\/v2\/users\/2"}],"replies":[{"embeddable":true,"href":"https:\/\/colegiomontessori.cl\/wp2\/wp-json\/wp\/v2\/comments?post=31324"}],"version-history":[{"count":1,"href":"https:\/\/colegiomontessori.cl\/wp2\/wp-json\/wp\/v2\/posts\/31324\/revisions"}],"predecessor-version":[{"id":31335,"href":"https:\/\/colegiomontessori.cl\/wp2\/wp-json\/wp\/v2\/posts\/31324\/revisions\/31335"}],"wp:featuredmedia":[{"embeddable":true,"href":"https:\/\/colegiomontessori.cl\/wp2\/wp-json\/wp\/v2\/media\/31333"}],"wp:attachment":[{"href":"https:\/\/colegiomontessori.cl\/wp2\/wp-json\/wp\/v2\/media?parent=31324"}],"wp:term":[{"taxonomy":"category","embeddable":true,"href":"https:\/\/colegiomontessori.cl\/wp2\/wp-json\/wp\/v2\/categories?post=31324"},{"taxonomy":"post_tag","embeddable":true,"href":"https:\/\/colegiomontessori.cl\/wp2\/wp-json\/wp\/v2\/tags?post=31324"}],"curies":[{"name":"wp","href":"https:\/\/api.w.org\/{rel}","templated":true}]}}