{"id":31363,"date":"2026-04-29T12:49:55","date_gmt":"2026-04-29T16:49:55","guid":{"rendered":"https:\/\/colegiomontessori.cl\/wp2\/?p=31363"},"modified":"2026-04-29T12:49:55","modified_gmt":"2026-04-29T16:49:55","slug":"invitacion-reunion-de-apoderados-encargados-de-convivencia-escolar-29-de-abril","status":"publish","type":"post","link":"https:\/\/colegiomontessori.cl\/wp2\/2026\/04\/29\/invitacion-reunion-de-apoderados-encargados-de-convivencia-escolar-29-de-abril\/","title":{"rendered":"Invitaci\u00f3n | Reuni\u00f3n de Apoderados Encargados de Convivencia Escolar \/ 29 de Abril"},"content":{"rendered":"\n<p>Estimados Padres y Apoderados,<\/p>\n\n\n\n<p>Junto con saludar afectuosamente, recordamos a Uds. la invitaci\u00f3n a participar de nuestra primera Reuni\u00f3n de Apoderados Encargados de Convivencia Escolar del A\u00f1o Escolar 2026, la cual se realizar\u00e1 este mi\u00e9rcoles 29 de abril, a las 18:00 horas, en el Sal\u00f3n Auditorio de nuestro establecimiento.<\/p>\n\n\n\n<p>La actividad convocar\u00e1 a padres de ambas jornadas que durante el presente a\u00f1o acad\u00e9mico, asumir\u00e1n en sus respectivos microcentros, el rol de embajadores de Convivencia Escolar.<\/p>\n\n\n\n<p>Si Ud. como apoderado delegado(a) de \u00e1rea no puede asistir, agradeceremos contar con un representante de la Directiva.<\/p>\n\n\n\n<p>Les esperamos y agradecemos desde ya su valiosa presencia en este importante espacio de trabajo colaborativo.<\/p>\n\n\n\n<p>Atentamente,<\/p>\n\n\n\n<p><strong>Convivencia Escolar<\/strong><\/p>\n","protected":false},"excerpt":{"rendered":"<p>Estimados Padres y Apoderados, Junto con saludar afectuosamente, recordamos a Uds. la invitaci\u00f3n a participar de nuestra primera Reuni\u00f3n de Apoderados Encargados de Convivencia Escolar del A\u00f1o Escolar 2026, la cual se realizar\u00e1 este mi\u00e9rcoles 29 de abril, a las 18:00 horas, en el Sal\u00f3n Auditorio de nuestro establecimiento. La actividad convocar\u00e1 a padres de &hellip;<\/p>\n<p class=\"read-more\"> <a class=\"\" href=\"https:\/\/colegiomontessori.cl\/wp2\/2026\/04\/29\/invitacion-reunion-de-apoderados-encargados-de-convivencia-escolar-29-de-abril\/\"> <span class=\"screen-reader-text\">Invitaci\u00f3n | Reuni\u00f3n de Apoderados Encargados de Convivencia Escolar \/ 29 de Abril<\/span> Leer m\u00e1s &raquo;<\/a><\/p>\n","protected":false},"author":2,"featured_media":31364,"comment_status":"open","ping_status":"open","sticky":false,"template":"","format":"standard","meta":{"footnotes":""},"categories":[22],"tags":[],"class_list":["post-31363","post","type-post","status-publish","format-standard","has-post-thumbnail","hentry","category-convivencia-escolar"],"_links":{"self":[{"href":"https:\/\/colegiomontessori.cl\/wp2\/wp-json\/wp\/v2\/posts\/31363","targetHints":{"allow":["GET"]}}],"collection":[{"href":"https:\/\/colegiomontessori.cl\/wp2\/wp-json\/wp\/v2\/posts"}],"about":[{"href":"https:\/\/colegiomontessori.cl\/wp2\/wp-json\/wp\/v2\/types\/post"}],"author":[{"embeddable":true,"href":"https:\/\/colegiomontessori.cl\/wp2\/wp-json\/wp\/v2\/users\/2"}],"replies":[{"embeddable":true,"href":"https:\/\/colegiomontessori.cl\/wp2\/wp-json\/wp\/v2\/comments?post=31363"}],"version-history":[{"count":1,"href":"https:\/\/colegiomontessori.cl\/wp2\/wp-json\/wp\/v2\/posts\/31363\/revisions"}],"predecessor-version":[{"id":31365,"href":"https:\/\/colegiomontessori.cl\/wp2\/wp-json\/wp\/v2\/posts\/31363\/revisions\/31365"}],"wp:featuredmedia":[{"embeddable":true,"href":"https:\/\/colegiomontessori.cl\/wp2\/wp-json\/wp\/v2\/media\/31364"}],"wp:attachment":[{"href":"https:\/\/colegiomontessori.cl\/wp2\/wp-json\/wp\/v2\/media?parent=31363"}],"wp:term":[{"taxonomy":"category","embeddable":true,"href":"https:\/\/colegiomontessori.cl\/wp2\/wp-json\/wp\/v2\/categories?post=31363"},{"taxonomy":"post_tag","embeddable":true,"href":"https:\/\/colegiomontessori.cl\/wp2\/wp-json\/wp\/v2\/tags?post=31363"}],"curies":[{"name":"wp","href":"https:\/\/api.w.org\/{rel}","templated":true}]}}