{"id":31369,"date":"2026-04-29T16:27:51","date_gmt":"2026-04-29T20:27:51","guid":{"rendered":"https:\/\/colegiomontessori.cl\/wp2\/?p=31369"},"modified":"2026-04-29T16:55:54","modified_gmt":"2026-04-29T20:55:54","slug":"presentacion-del-nuevo-centro-de-alumnos-para-el-ano-escolar-2026","status":"publish","type":"post","link":"https:\/\/colegiomontessori.cl\/wp2\/2026\/04\/29\/presentacion-del-nuevo-centro-de-alumnos-para-el-ano-escolar-2026\/","title":{"rendered":"Presentaci\u00f3n del nuevo Centro de Alumnos para el A\u00f1o Escolar 2026"},"content":{"rendered":"\n<p>Con mucha alegr\u00eda damos la bienvenida a quienes asumir\u00e1n el importante desaf\u00edo de representar la voz de nuestros estudiantes durante este a\u00f1o.<\/p>\n\n\n\n<p>Este nuevo equipo llega con entusiasmo, compromiso y muchas ideas para seguir fortaleciendo nuestra comunidad educativa, promoviendo la participaci\u00f3n, el respeto y el trabajo colaborativo, en las distintas \u00e1reas.<\/p>\n\n\n\n<p>Les invitamos a brindarles todo su apoyo y a sumarse activamente a las iniciativas que desarrollar\u00e1n durante todo el A\u00f1o Escolar 2026 en beneficio de ustedes, nuestros queridos estudiante.<\/p>\n\n\n\n<ul class=\"wp-block-list\">\n<li>Presidente: Gabriel Aguilera III\u00b0B<\/li>\n\n\n\n<li>Vicepresidenta: Javiera Rodr\u00edguez IV\u00b0B<\/li>\n\n\n\n<li>Tesorera: P\u00eda Vergara II\u00b0A<\/li>\n\n\n\n<li>Secretaria: Fernanda Rosales IV\u00b0B<\/li>\n\n\n\n<li>Vocero: Joaqu\u00edn P\u00e9rez IV\u00b0A<\/li>\n\n\n\n<li>Encargada Acad\u00e9mica: Francisca Monsalves III\u00b0B<\/li>\n\n\n\n<li>Encargada de Convivencia Escolar y Vida Saludable: Agustina Andrades III\u00b0B<\/li>\n\n\n\n<li>Encargada de Medio Ambiente: Agustina Rosas II\u00b0A<\/li>\n\n\n\n<li>Encargado de Artes y Cultura: Tom\u00e1s Hauenstein III\u00b0B<\/li>\n\n\n\n<li>Profesora Gu\u00eda: Brenda Mu\u00f1oz<\/li>\n<\/ul>\n\n\n\n<p>\u00a1Mucho \u00e9xito en este camino y tremendo desaf\u00edo!<\/p>\n\n\n\n<figure class=\"wp-block-gallery has-nested-images columns-default is-cropped wp-block-gallery-1 is-layout-flex wp-block-gallery-is-layout-flex\">\n<figure class=\"wp-block-image size-full\"><img loading=\"lazy\" decoding=\"async\" width=\"2560\" height=\"1441\" data-id=\"31371\" src=\"https:\/\/colegiomontessori.cl\/wp2\/wp-content\/uploads\/2026\/04\/caa-2026-1-scaled.jpg\" alt=\"\" class=\"wp-image-31371\" srcset=\"https:\/\/colegiomontessori.cl\/wp2\/wp-content\/uploads\/2026\/04\/caa-2026-1-scaled.jpg 2560w, https:\/\/colegiomontessori.cl\/wp2\/wp-content\/uploads\/2026\/04\/caa-2026-1-300x169.jpg 300w, https:\/\/colegiomontessori.cl\/wp2\/wp-content\/uploads\/2026\/04\/caa-2026-1-1024x576.jpg 1024w, https:\/\/colegiomontessori.cl\/wp2\/wp-content\/uploads\/2026\/04\/caa-2026-1-768x432.jpg 768w, https:\/\/colegiomontessori.cl\/wp2\/wp-content\/uploads\/2026\/04\/caa-2026-1-1536x864.jpg 1536w, https:\/\/colegiomontessori.cl\/wp2\/wp-content\/uploads\/2026\/04\/caa-2026-1-2048x1153.jpg 2048w\" sizes=\"auto, (max-width: 2560px) 100vw, 2560px\" \/><\/figure>\n<\/figure>\n\n\n\n<p>Conoce a nuestro Centro de Alumnos 2026:<\/p>\n\n\n\n<figure class=\"wp-block-embed is-type-wp-embed is-provider-colegio-montessori-de-temuco wp-block-embed-colegio-montessori-de-temuco\"><div class=\"wp-block-embed__wrapper\">\n<blockquote class=\"wp-embedded-content\" data-secret=\"sY5DnOicBu\"><a href=\"https:\/\/colegiomontessori.cl\/wp2\/centro-de-alumnos\/\">Centro de Alumnos<\/a><\/blockquote><iframe loading=\"lazy\" class=\"wp-embedded-content\" sandbox=\"allow-scripts\" security=\"restricted\" style=\"position: absolute; visibility: hidden;\" title=\"\u00abCentro de Alumnos\u00bb \u2014 Colegio Montessori de Temuco\" src=\"https:\/\/colegiomontessori.cl\/wp2\/centro-de-alumnos\/embed\/#?secret=64Kz0NDQWP#?secret=sY5DnOicBu\" data-secret=\"sY5DnOicBu\" width=\"500\" height=\"282\" frameborder=\"0\" marginwidth=\"0\" marginheight=\"0\" scrolling=\"no\"><\/iframe>\n<\/div><\/figure>\n","protected":false},"excerpt":{"rendered":"<p>Con mucha alegr\u00eda damos la bienvenida a quienes asumir\u00e1n el importante desaf\u00edo de representar la voz de nuestros estudiantes durante este a\u00f1o. Este nuevo equipo llega con entusiasmo, compromiso y muchas ideas para seguir fortaleciendo nuestra comunidad educativa, promoviendo la participaci\u00f3n, el respeto y el trabajo colaborativo, en las distintas \u00e1reas. Les invitamos a brindarles &hellip;<\/p>\n<p class=\"read-more\"> <a class=\"\" href=\"https:\/\/colegiomontessori.cl\/wp2\/2026\/04\/29\/presentacion-del-nuevo-centro-de-alumnos-para-el-ano-escolar-2026\/\"> <span class=\"screen-reader-text\">Presentaci\u00f3n del nuevo Centro de Alumnos para el A\u00f1o Escolar 2026<\/span> Leer m\u00e1s &raquo;<\/a><\/p>\n","protected":false},"author":2,"featured_media":31370,"comment_status":"open","ping_status":"open","sticky":false,"template":"","format":"standard","meta":{"footnotes":""},"categories":[24],"tags":[],"class_list":["post-31369","post","type-post","status-publish","format-standard","has-post-thumbnail","hentry","category-estudiantes"],"_links":{"self":[{"href":"https:\/\/colegiomontessori.cl\/wp2\/wp-json\/wp\/v2\/posts\/31369","targetHints":{"allow":["GET"]}}],"collection":[{"href":"https:\/\/colegiomontessori.cl\/wp2\/wp-json\/wp\/v2\/posts"}],"about":[{"href":"https:\/\/colegiomontessori.cl\/wp2\/wp-json\/wp\/v2\/types\/post"}],"author":[{"embeddable":true,"href":"https:\/\/colegiomontessori.cl\/wp2\/wp-json\/wp\/v2\/users\/2"}],"replies":[{"embeddable":true,"href":"https:\/\/colegiomontessori.cl\/wp2\/wp-json\/wp\/v2\/comments?post=31369"}],"version-history":[{"count":2,"href":"https:\/\/colegiomontessori.cl\/wp2\/wp-json\/wp\/v2\/posts\/31369\/revisions"}],"predecessor-version":[{"id":31383,"href":"https:\/\/colegiomontessori.cl\/wp2\/wp-json\/wp\/v2\/posts\/31369\/revisions\/31383"}],"wp:featuredmedia":[{"embeddable":true,"href":"https:\/\/colegiomontessori.cl\/wp2\/wp-json\/wp\/v2\/media\/31370"}],"wp:attachment":[{"href":"https:\/\/colegiomontessori.cl\/wp2\/wp-json\/wp\/v2\/media?parent=31369"}],"wp:term":[{"taxonomy":"category","embeddable":true,"href":"https:\/\/colegiomontessori.cl\/wp2\/wp-json\/wp\/v2\/categories?post=31369"},{"taxonomy":"post_tag","embeddable":true,"href":"https:\/\/colegiomontessori.cl\/wp2\/wp-json\/wp\/v2\/tags?post=31369"}],"curies":[{"name":"wp","href":"https:\/\/api.w.org\/{rel}","templated":true}]}}