{"id":31390,"date":"2026-04-29T17:44:08","date_gmt":"2026-04-29T21:44:08","guid":{"rendered":"https:\/\/colegiomontessori.cl\/wp2\/?p=31390"},"modified":"2026-04-29T18:43:14","modified_gmt":"2026-04-29T22:43:14","slug":"autoridades-de-educacion-y-prevencion-invitan-a-participar-del-concurso-regional-escolar","status":"publish","type":"post","link":"https:\/\/colegiomontessori.cl\/wp2\/2026\/04\/29\/autoridades-de-educacion-y-prevencion-invitan-a-participar-del-concurso-regional-escolar\/","title":{"rendered":"Autoridades de Educaci\u00f3n y Prevenci\u00f3n invitan a participar del Concurso Regional Escolar \u201cAnte el riesgo de desastres: Yo protejo a mi comunidad\u201d"},"content":{"rendered":"\n<p>Con el objetivo de fortalecer la educaci\u00f3n y la concientizaci\u00f3n en reducci\u00f3n del riesgo de desastres desde el entorno escolar, el Servicio Nacional de Prevenci\u00f3n y Respuesta ante Desastres (Senapred) junto a la Seremi de Educaci\u00f3n de La Araucan\u00eda, visitaron nuestro colegio para realizar una jornada de difusi\u00f3n del\u00a0concurso regional de video escolar \u201cAnte el riesgo de desastres: Yo protejo a mi comunidad\u201d.<\/p>\n\n\n\n<figure class=\"wp-block-gallery has-nested-images columns-2 is-cropped wp-block-gallery-1 is-layout-flex wp-block-gallery-is-layout-flex\">\n<figure class=\"wp-block-image size-full\"><img loading=\"lazy\" decoding=\"async\" width=\"2560\" height=\"1707\" data-id=\"31396\" src=\"https:\/\/colegiomontessori.cl\/wp2\/wp-content\/uploads\/2026\/04\/seremi-de-educacion-y-senapred-5-scaled.jpg\" alt=\"\" class=\"wp-image-31396\" srcset=\"https:\/\/colegiomontessori.cl\/wp2\/wp-content\/uploads\/2026\/04\/seremi-de-educacion-y-senapred-5-scaled.jpg 2560w, https:\/\/colegiomontessori.cl\/wp2\/wp-content\/uploads\/2026\/04\/seremi-de-educacion-y-senapred-5-300x200.jpg 300w, https:\/\/colegiomontessori.cl\/wp2\/wp-content\/uploads\/2026\/04\/seremi-de-educacion-y-senapred-5-1024x683.jpg 1024w, https:\/\/colegiomontessori.cl\/wp2\/wp-content\/uploads\/2026\/04\/seremi-de-educacion-y-senapred-5-768x512.jpg 768w, https:\/\/colegiomontessori.cl\/wp2\/wp-content\/uploads\/2026\/04\/seremi-de-educacion-y-senapred-5-1536x1024.jpg 1536w, https:\/\/colegiomontessori.cl\/wp2\/wp-content\/uploads\/2026\/04\/seremi-de-educacion-y-senapred-5-2048x1365.jpg 2048w\" sizes=\"auto, (max-width: 2560px) 100vw, 2560px\" \/><\/figure>\n\n\n\n<figure class=\"wp-block-image size-full\"><img loading=\"lazy\" decoding=\"async\" width=\"2560\" height=\"1707\" data-id=\"31394\" src=\"https:\/\/colegiomontessori.cl\/wp2\/wp-content\/uploads\/2026\/04\/seremi-de-educacion-y-senapred-2-scaled.jpg\" alt=\"\" class=\"wp-image-31394\" srcset=\"https:\/\/colegiomontessori.cl\/wp2\/wp-content\/uploads\/2026\/04\/seremi-de-educacion-y-senapred-2-scaled.jpg 2560w, https:\/\/colegiomontessori.cl\/wp2\/wp-content\/uploads\/2026\/04\/seremi-de-educacion-y-senapred-2-300x200.jpg 300w, https:\/\/colegiomontessori.cl\/wp2\/wp-content\/uploads\/2026\/04\/seremi-de-educacion-y-senapred-2-1024x683.jpg 1024w, https:\/\/colegiomontessori.cl\/wp2\/wp-content\/uploads\/2026\/04\/seremi-de-educacion-y-senapred-2-768x512.jpg 768w, https:\/\/colegiomontessori.cl\/wp2\/wp-content\/uploads\/2026\/04\/seremi-de-educacion-y-senapred-2-1536x1024.jpg 1536w, https:\/\/colegiomontessori.cl\/wp2\/wp-content\/uploads\/2026\/04\/seremi-de-educacion-y-senapred-2-2048x1365.jpg 2048w\" sizes=\"auto, (max-width: 2560px) 100vw, 2560px\" \/><\/figure>\n\n\n\n<figure class=\"wp-block-image size-full\"><img loading=\"lazy\" decoding=\"async\" width=\"2560\" height=\"1707\" data-id=\"31397\" src=\"https:\/\/colegiomontessori.cl\/wp2\/wp-content\/uploads\/2026\/04\/seremi-de-educacion-y-senapred-6-scaled.jpg\" alt=\"\" class=\"wp-image-31397\" srcset=\"https:\/\/colegiomontessori.cl\/wp2\/wp-content\/uploads\/2026\/04\/seremi-de-educacion-y-senapred-6-scaled.jpg 2560w, https:\/\/colegiomontessori.cl\/wp2\/wp-content\/uploads\/2026\/04\/seremi-de-educacion-y-senapred-6-300x200.jpg 300w, https:\/\/colegiomontessori.cl\/wp2\/wp-content\/uploads\/2026\/04\/seremi-de-educacion-y-senapred-6-1024x683.jpg 1024w, https:\/\/colegiomontessori.cl\/wp2\/wp-content\/uploads\/2026\/04\/seremi-de-educacion-y-senapred-6-768x512.jpg 768w, https:\/\/colegiomontessori.cl\/wp2\/wp-content\/uploads\/2026\/04\/seremi-de-educacion-y-senapred-6-1536x1024.jpg 1536w, https:\/\/colegiomontessori.cl\/wp2\/wp-content\/uploads\/2026\/04\/seremi-de-educacion-y-senapred-6-2048x1365.jpg 2048w\" sizes=\"auto, (max-width: 2560px) 100vw, 2560px\" \/><\/figure>\n<\/figure>\n\n\n\n<p>La iniciativa, que tuvo su primera versi\u00f3n en 2024 y que en 2025 ampli\u00f3 su convocatoria a nivel regional, busca promover la educaci\u00f3n en materia de prevenci\u00f3n, involucrando activamente a estudiantes, docentes y familias, como parte del Plan de Convivencia Educativa del Ministerio de Educaci\u00f3n.<\/p>\n\n\n\n<p>Durante la jornada el\u00a0Seremi de Educaci\u00f3n de La Araucan\u00eda, Aar\u00f3n R\u00edos, valor\u00f3 el rol de las comunidades educativas en la formaci\u00f3n de una cultura preventiva desde edades tempranas.<\/p>\n\n\n\n<figure class=\"wp-block-gallery has-nested-images columns-2 is-cropped wp-block-gallery-2 is-layout-flex wp-block-gallery-is-layout-flex\">\n<figure class=\"wp-block-image size-full\"><img loading=\"lazy\" decoding=\"async\" width=\"2560\" height=\"1707\" data-id=\"31398\" src=\"https:\/\/colegiomontessori.cl\/wp2\/wp-content\/uploads\/2026\/04\/seremi-de-educacion-y-senapred-7-scaled.jpg\" alt=\"\" class=\"wp-image-31398\" srcset=\"https:\/\/colegiomontessori.cl\/wp2\/wp-content\/uploads\/2026\/04\/seremi-de-educacion-y-senapred-7-scaled.jpg 2560w, https:\/\/colegiomontessori.cl\/wp2\/wp-content\/uploads\/2026\/04\/seremi-de-educacion-y-senapred-7-300x200.jpg 300w, https:\/\/colegiomontessori.cl\/wp2\/wp-content\/uploads\/2026\/04\/seremi-de-educacion-y-senapred-7-1024x683.jpg 1024w, https:\/\/colegiomontessori.cl\/wp2\/wp-content\/uploads\/2026\/04\/seremi-de-educacion-y-senapred-7-768x512.jpg 768w, https:\/\/colegiomontessori.cl\/wp2\/wp-content\/uploads\/2026\/04\/seremi-de-educacion-y-senapred-7-1536x1024.jpg 1536w, https:\/\/colegiomontessori.cl\/wp2\/wp-content\/uploads\/2026\/04\/seremi-de-educacion-y-senapred-7-2048x1365.jpg 2048w\" sizes=\"auto, (max-width: 2560px) 100vw, 2560px\" \/><\/figure>\n\n\n\n<figure class=\"wp-block-image size-full\"><img loading=\"lazy\" decoding=\"async\" width=\"2560\" height=\"1707\" data-id=\"31399\" src=\"https:\/\/colegiomontessori.cl\/wp2\/wp-content\/uploads\/2026\/04\/seremi-de-educacion-y-senapred-8-scaled.jpg\" alt=\"\" class=\"wp-image-31399\" srcset=\"https:\/\/colegiomontessori.cl\/wp2\/wp-content\/uploads\/2026\/04\/seremi-de-educacion-y-senapred-8-scaled.jpg 2560w, https:\/\/colegiomontessori.cl\/wp2\/wp-content\/uploads\/2026\/04\/seremi-de-educacion-y-senapred-8-300x200.jpg 300w, https:\/\/colegiomontessori.cl\/wp2\/wp-content\/uploads\/2026\/04\/seremi-de-educacion-y-senapred-8-1024x683.jpg 1024w, https:\/\/colegiomontessori.cl\/wp2\/wp-content\/uploads\/2026\/04\/seremi-de-educacion-y-senapred-8-768x512.jpg 768w, https:\/\/colegiomontessori.cl\/wp2\/wp-content\/uploads\/2026\/04\/seremi-de-educacion-y-senapred-8-1536x1024.jpg 1536w, https:\/\/colegiomontessori.cl\/wp2\/wp-content\/uploads\/2026\/04\/seremi-de-educacion-y-senapred-8-2048x1365.jpg 2048w\" sizes=\"auto, (max-width: 2560px) 100vw, 2560px\" \/><\/figure>\n\n\n\n<figure class=\"wp-block-image size-full\"><img loading=\"lazy\" decoding=\"async\" width=\"2560\" height=\"1707\" data-id=\"31400\" src=\"https:\/\/colegiomontessori.cl\/wp2\/wp-content\/uploads\/2026\/04\/seremi-de-educacion-y-senapred-9-scaled.jpg\" alt=\"\" class=\"wp-image-31400\" srcset=\"https:\/\/colegiomontessori.cl\/wp2\/wp-content\/uploads\/2026\/04\/seremi-de-educacion-y-senapred-9-scaled.jpg 2560w, https:\/\/colegiomontessori.cl\/wp2\/wp-content\/uploads\/2026\/04\/seremi-de-educacion-y-senapred-9-300x200.jpg 300w, https:\/\/colegiomontessori.cl\/wp2\/wp-content\/uploads\/2026\/04\/seremi-de-educacion-y-senapred-9-1024x683.jpg 1024w, https:\/\/colegiomontessori.cl\/wp2\/wp-content\/uploads\/2026\/04\/seremi-de-educacion-y-senapred-9-768x512.jpg 768w, https:\/\/colegiomontessori.cl\/wp2\/wp-content\/uploads\/2026\/04\/seremi-de-educacion-y-senapred-9-1536x1024.jpg 1536w, https:\/\/colegiomontessori.cl\/wp2\/wp-content\/uploads\/2026\/04\/seremi-de-educacion-y-senapred-9-2048x1365.jpg 2048w\" sizes=\"auto, (max-width: 2560px) 100vw, 2560px\" \/><\/figure>\n<\/figure>\n\n\n\n<p>Por su parte, el\u00a0Director Regional de Senapred Araucan\u00eda, Ian Gorayeb,\u00a0destac\u00f3 que la convocatoria se inici\u00f3 a mediados de abril y se ha registrado un alto nivel de participaci\u00f3n lo que evidencia el inter\u00e9s de los estudiantes por abordar las principales amenazas presentes en la regi\u00f3n, como incendios forestales, sismos, actividad volc\u00e1nica e incendios estructurales.<\/p>\n\n\n\n<figure class=\"wp-block-image size-full\"><img loading=\"lazy\" decoding=\"async\" width=\"2560\" height=\"1707\" src=\"https:\/\/colegiomontessori.cl\/wp2\/wp-content\/uploads\/2026\/04\/seremi-de-educacion-y-senapred-3-scaled.jpg\" alt=\"\" class=\"wp-image-31395\" srcset=\"https:\/\/colegiomontessori.cl\/wp2\/wp-content\/uploads\/2026\/04\/seremi-de-educacion-y-senapred-3-scaled.jpg 2560w, https:\/\/colegiomontessori.cl\/wp2\/wp-content\/uploads\/2026\/04\/seremi-de-educacion-y-senapred-3-300x200.jpg 300w, https:\/\/colegiomontessori.cl\/wp2\/wp-content\/uploads\/2026\/04\/seremi-de-educacion-y-senapred-3-1024x683.jpg 1024w, https:\/\/colegiomontessori.cl\/wp2\/wp-content\/uploads\/2026\/04\/seremi-de-educacion-y-senapred-3-768x512.jpg 768w, https:\/\/colegiomontessori.cl\/wp2\/wp-content\/uploads\/2026\/04\/seremi-de-educacion-y-senapred-3-1536x1024.jpg 1536w, https:\/\/colegiomontessori.cl\/wp2\/wp-content\/uploads\/2026\/04\/seremi-de-educacion-y-senapred-3-2048x1365.jpg 2048w\" sizes=\"auto, (max-width: 2560px) 100vw, 2560px\" \/><\/figure>\n\n\n\n<p>Desde nuestro colegio, estudiantes, profesores y autoridades presentes encabezadas por nuestro Rector, Sr. Nelson Pinilla, valoraron la instancia como una oportunidad para aprender y compartir mensajes de autocuidado con sus pares:<\/p>\n\n\n\n<p>\u201cMe interes\u00f3 mucho el video y podr\u00eda recrearlo con las medidas de prevenci\u00f3n si estamos en casa, en la playa o en distintos sectores\u201d, coment\u00f3 Agust\u00edn Parada de 7\u00b0 B\u00e1sico A. Por su parte,&nbsp;Trinidad Aravena de 7\u00b0B<strong>&nbsp;<\/strong>se\u00f1al\u00f3, \u201cvoy a participar y esta iniciativa me parece muy buena porque as\u00ed podemos saber c\u00f3mo actuar en caso de desastres naturales que pueden ocurrir en cualquier momento\u201d.<\/p>\n\n\n\n<figure class=\"wp-block-gallery has-nested-images columns-default is-cropped wp-block-gallery-3 is-layout-flex wp-block-gallery-is-layout-flex\">\n<figure class=\"wp-block-image size-full\"><img loading=\"lazy\" decoding=\"async\" width=\"2560\" height=\"1706\" data-id=\"31401\" src=\"https:\/\/colegiomontessori.cl\/wp2\/wp-content\/uploads\/2026\/04\/seremi-de-educacion-y-senapred-10-scaled.jpg\" alt=\"\" class=\"wp-image-31401\" srcset=\"https:\/\/colegiomontessori.cl\/wp2\/wp-content\/uploads\/2026\/04\/seremi-de-educacion-y-senapred-10-scaled.jpg 2560w, https:\/\/colegiomontessori.cl\/wp2\/wp-content\/uploads\/2026\/04\/seremi-de-educacion-y-senapred-10-300x200.jpg 300w, https:\/\/colegiomontessori.cl\/wp2\/wp-content\/uploads\/2026\/04\/seremi-de-educacion-y-senapred-10-1024x683.jpg 1024w, https:\/\/colegiomontessori.cl\/wp2\/wp-content\/uploads\/2026\/04\/seremi-de-educacion-y-senapred-10-768x512.jpg 768w, https:\/\/colegiomontessori.cl\/wp2\/wp-content\/uploads\/2026\/04\/seremi-de-educacion-y-senapred-10-1536x1024.jpg 1536w, https:\/\/colegiomontessori.cl\/wp2\/wp-content\/uploads\/2026\/04\/seremi-de-educacion-y-senapred-10-2048x1365.jpg 2048w\" sizes=\"auto, (max-width: 2560px) 100vw, 2560px\" \/><\/figure>\n<\/figure>\n\n\n\n<p>La actividad se enmarca adem\u00e1s en la&nbsp;Semana de la Seguridad Escolar, que se conmemora entre el 26 y el 30 de mayo en todos los establecimientos educacionales del pa\u00eds, reforzando el llamado a integrar la prevenci\u00f3n como un eje transversal del quehacer educativo.<\/p>\n\n\n\n<p>Las&nbsp;bases del concurso&nbsp;se encuentran disponibles en&nbsp;senapred.cl&nbsp;y&nbsp;araucania.mineduc.cl, con plazo de postulaci\u00f3n hasta el&nbsp;8 de mayo. Consultas al correo:&nbsp;videoescolar@senapred.gob.cl<\/p>\n\n\n\n<figure class=\"wp-block-gallery has-nested-images columns-default is-cropped wp-block-gallery-4 is-layout-flex wp-block-gallery-is-layout-flex\">\n<figure class=\"wp-block-image size-full\"><a href=\"https:\/\/www.senapred.cl\/2026\/03\/20\/concurso-regional-escolar-ante-el-riesgo-de-desastres-yo-protejo-a-mi-comunidad\/\"><img loading=\"lazy\" decoding=\"async\" width=\"1025\" height=\"1536\" data-id=\"31402\" src=\"https:\/\/colegiomontessori.cl\/wp2\/wp-content\/uploads\/2026\/04\/afiche-concurso-senapred.png\" alt=\"\" class=\"wp-image-31402\" srcset=\"https:\/\/colegiomontessori.cl\/wp2\/wp-content\/uploads\/2026\/04\/afiche-concurso-senapred.png 1025w, https:\/\/colegiomontessori.cl\/wp2\/wp-content\/uploads\/2026\/04\/afiche-concurso-senapred-200x300.png 200w, https:\/\/colegiomontessori.cl\/wp2\/wp-content\/uploads\/2026\/04\/afiche-concurso-senapred-683x1024.png 683w, https:\/\/colegiomontessori.cl\/wp2\/wp-content\/uploads\/2026\/04\/afiche-concurso-senapred-768x1151.png 768w\" sizes=\"auto, (max-width: 1025px) 100vw, 1025px\" \/><\/a><\/figure>\n<\/figure>\n","protected":false},"excerpt":{"rendered":"<p>Con el objetivo de fortalecer la educaci\u00f3n y la concientizaci\u00f3n en reducci\u00f3n del riesgo de desastres desde el entorno escolar, el Servicio Nacional de Prevenci\u00f3n y Respuesta ante Desastres (Senapred) junto a la Seremi de Educaci\u00f3n de La Araucan\u00eda, visitaron nuestro colegio para realizar una jornada de difusi\u00f3n del\u00a0concurso regional de video escolar \u201cAnte el &hellip;<\/p>\n<p class=\"read-more\"> <a class=\"\" href=\"https:\/\/colegiomontessori.cl\/wp2\/2026\/04\/29\/autoridades-de-educacion-y-prevencion-invitan-a-participar-del-concurso-regional-escolar\/\"> <span class=\"screen-reader-text\">Autoridades de Educaci\u00f3n y Prevenci\u00f3n invitan a participar del Concurso Regional Escolar \u201cAnte el riesgo de desastres: Yo protejo a mi comunidad\u201d<\/span> Leer m\u00e1s &raquo;<\/a><\/p>\n","protected":false},"author":2,"featured_media":31393,"comment_status":"open","ping_status":"open","sticky":false,"template":"","format":"standard","meta":{"footnotes":""},"categories":[35,44],"tags":[],"class_list":["post-31390","post","type-post","status-publish","format-standard","has-post-thumbnail","hentry","category-colegio","category-prevencion"],"_links":{"self":[{"href":"https:\/\/colegiomontessori.cl\/wp2\/wp-json\/wp\/v2\/posts\/31390","targetHints":{"allow":["GET"]}}],"collection":[{"href":"https:\/\/colegiomontessori.cl\/wp2\/wp-json\/wp\/v2\/posts"}],"about":[{"href":"https:\/\/colegiomontessori.cl\/wp2\/wp-json\/wp\/v2\/types\/post"}],"author":[{"embeddable":true,"href":"https:\/\/colegiomontessori.cl\/wp2\/wp-json\/wp\/v2\/users\/2"}],"replies":[{"embeddable":true,"href":"https:\/\/colegiomontessori.cl\/wp2\/wp-json\/wp\/v2\/comments?post=31390"}],"version-history":[{"count":5,"href":"https:\/\/colegiomontessori.cl\/wp2\/wp-json\/wp\/v2\/posts\/31390\/revisions"}],"predecessor-version":[{"id":31407,"href":"https:\/\/colegiomontessori.cl\/wp2\/wp-json\/wp\/v2\/posts\/31390\/revisions\/31407"}],"wp:featuredmedia":[{"embeddable":true,"href":"https:\/\/colegiomontessori.cl\/wp2\/wp-json\/wp\/v2\/media\/31393"}],"wp:attachment":[{"href":"https:\/\/colegiomontessori.cl\/wp2\/wp-json\/wp\/v2\/media?parent=31390"}],"wp:term":[{"taxonomy":"category","embeddable":true,"href":"https:\/\/colegiomontessori.cl\/wp2\/wp-json\/wp\/v2\/categories?post=31390"},{"taxonomy":"post_tag","embeddable":true,"href":"https:\/\/colegiomontessori.cl\/wp2\/wp-json\/wp\/v2\/tags?post=31390"}],"curies":[{"name":"wp","href":"https:\/\/api.w.org\/{rel}","templated":true}]}}