{"id":31411,"date":"2026-04-30T18:56:08","date_gmt":"2026-04-30T22:56:08","guid":{"rendered":"https:\/\/colegiomontessori.cl\/wp2\/?p=31411"},"modified":"2026-04-30T18:57:27","modified_gmt":"2026-04-30T22:57:27","slug":"dia-del-carabinero-2026-un-reconocimiento-a-la-vocacion-de-servicio","status":"publish","type":"post","link":"https:\/\/colegiomontessori.cl\/wp2\/2026\/04\/30\/dia-del-carabinero-2026-un-reconocimiento-a-la-vocacion-de-servicio\/","title":{"rendered":"D\u00eda del Carabinero 2026: Un reconocimiento a la Vocaci\u00f3n de Servicio"},"content":{"rendered":"\n<p>Con el tradicional acto de reconocimiento nuestra comunidad educativa celebr\u00f3 el D\u00eda del Carabinero 2026, conmemorando as\u00ed su 99\u00b0 Aniversario y rindiendo homenaje a nuestros apoderados para reconocer su compromiso, vocaci\u00f3n y entrega diaria al servicio de la ciudadan\u00eda.<\/p>\n\n\n\n<p>Tras entonar el himno nacional el Rector, Sr. Nelson Pinilla, agradeci\u00f3 la presencia de los uniformados destacando la importante labor que realiza cada uno de ellos. En representaci\u00f3n de Carabineros de Chile, el apoderado Ricardo Raddatz agradeci\u00f3 a toda la comunidad educativa por este significativo reconocimiento, destacando el valor de estos espacios de encuentro y respeto.<\/p>\n\n\n\n<figure class=\"wp-block-gallery has-nested-images columns-2 is-cropped wp-block-gallery-1 is-layout-flex wp-block-gallery-is-layout-flex\">\n<figure class=\"wp-block-image size-full\"><img loading=\"lazy\" decoding=\"async\" width=\"2560\" height=\"1707\" data-id=\"31422\" src=\"https:\/\/colegiomontessori.cl\/wp2\/wp-content\/uploads\/2026\/04\/DSC02167-copia-scaled.jpg\" alt=\"\" class=\"wp-image-31422\" srcset=\"https:\/\/colegiomontessori.cl\/wp2\/wp-content\/uploads\/2026\/04\/DSC02167-copia-scaled.jpg 2560w, https:\/\/colegiomontessori.cl\/wp2\/wp-content\/uploads\/2026\/04\/DSC02167-copia-300x200.jpg 300w, https:\/\/colegiomontessori.cl\/wp2\/wp-content\/uploads\/2026\/04\/DSC02167-copia-1024x683.jpg 1024w, https:\/\/colegiomontessori.cl\/wp2\/wp-content\/uploads\/2026\/04\/DSC02167-copia-768x512.jpg 768w, https:\/\/colegiomontessori.cl\/wp2\/wp-content\/uploads\/2026\/04\/DSC02167-copia-1536x1024.jpg 1536w, https:\/\/colegiomontessori.cl\/wp2\/wp-content\/uploads\/2026\/04\/DSC02167-copia-2048x1365.jpg 2048w\" sizes=\"auto, (max-width: 2560px) 100vw, 2560px\" \/><\/figure>\n\n\n\n<figure class=\"wp-block-image size-full\"><img loading=\"lazy\" decoding=\"async\" width=\"2560\" height=\"1707\" data-id=\"31414\" src=\"https:\/\/colegiomontessori.cl\/wp2\/wp-content\/uploads\/2026\/04\/DIA-DEL-CARABINERO-2026-3-scaled.jpg\" alt=\"\" class=\"wp-image-31414\" srcset=\"https:\/\/colegiomontessori.cl\/wp2\/wp-content\/uploads\/2026\/04\/DIA-DEL-CARABINERO-2026-3-scaled.jpg 2560w, https:\/\/colegiomontessori.cl\/wp2\/wp-content\/uploads\/2026\/04\/DIA-DEL-CARABINERO-2026-3-300x200.jpg 300w, https:\/\/colegiomontessori.cl\/wp2\/wp-content\/uploads\/2026\/04\/DIA-DEL-CARABINERO-2026-3-1024x683.jpg 1024w, https:\/\/colegiomontessori.cl\/wp2\/wp-content\/uploads\/2026\/04\/DIA-DEL-CARABINERO-2026-3-768x512.jpg 768w, https:\/\/colegiomontessori.cl\/wp2\/wp-content\/uploads\/2026\/04\/DIA-DEL-CARABINERO-2026-3-1536x1024.jpg 1536w, https:\/\/colegiomontessori.cl\/wp2\/wp-content\/uploads\/2026\/04\/DIA-DEL-CARABINERO-2026-3-2048x1365.jpg 2048w\" sizes=\"auto, (max-width: 2560px) 100vw, 2560px\" \/><\/figure>\n\n\n\n<figure class=\"wp-block-image size-full\"><img loading=\"lazy\" decoding=\"async\" width=\"2560\" height=\"1707\" data-id=\"31412\" src=\"https:\/\/colegiomontessori.cl\/wp2\/wp-content\/uploads\/2026\/04\/DIA-DEL-CARABINERO-2026-1-scaled.jpg\" alt=\"\" class=\"wp-image-31412\" srcset=\"https:\/\/colegiomontessori.cl\/wp2\/wp-content\/uploads\/2026\/04\/DIA-DEL-CARABINERO-2026-1-scaled.jpg 2560w, https:\/\/colegiomontessori.cl\/wp2\/wp-content\/uploads\/2026\/04\/DIA-DEL-CARABINERO-2026-1-300x200.jpg 300w, https:\/\/colegiomontessori.cl\/wp2\/wp-content\/uploads\/2026\/04\/DIA-DEL-CARABINERO-2026-1-1024x683.jpg 1024w, https:\/\/colegiomontessori.cl\/wp2\/wp-content\/uploads\/2026\/04\/DIA-DEL-CARABINERO-2026-1-768x512.jpg 768w, https:\/\/colegiomontessori.cl\/wp2\/wp-content\/uploads\/2026\/04\/DIA-DEL-CARABINERO-2026-1-1536x1024.jpg 1536w, https:\/\/colegiomontessori.cl\/wp2\/wp-content\/uploads\/2026\/04\/DIA-DEL-CARABINERO-2026-1-2048x1365.jpg 2048w\" sizes=\"auto, (max-width: 2560px) 100vw, 2560px\" \/><\/figure>\n<\/figure>\n\n\n\n<p>Las presentaciones art\u00edsticas embellecieron la jornada con el poema homenaje de Kinder Tarde, la emotiva presentaci\u00f3n del Taller de Danza y la coreograf\u00eda del himno institucional a cargo de 3\u00b0 B\u00e1sico A.<\/p>\n\n\n\n<figure class=\"wp-block-gallery has-nested-images columns-2 is-cropped wp-block-gallery-2 is-layout-flex wp-block-gallery-is-layout-flex\">\n<figure class=\"wp-block-image size-full\"><img loading=\"lazy\" decoding=\"async\" width=\"2560\" height=\"1707\" data-id=\"31413\" src=\"https:\/\/colegiomontessori.cl\/wp2\/wp-content\/uploads\/2026\/04\/DIA-DEL-CARABINERO-2026-2-scaled.jpg\" alt=\"\" class=\"wp-image-31413\" srcset=\"https:\/\/colegiomontessori.cl\/wp2\/wp-content\/uploads\/2026\/04\/DIA-DEL-CARABINERO-2026-2-scaled.jpg 2560w, https:\/\/colegiomontessori.cl\/wp2\/wp-content\/uploads\/2026\/04\/DIA-DEL-CARABINERO-2026-2-300x200.jpg 300w, https:\/\/colegiomontessori.cl\/wp2\/wp-content\/uploads\/2026\/04\/DIA-DEL-CARABINERO-2026-2-1024x683.jpg 1024w, https:\/\/colegiomontessori.cl\/wp2\/wp-content\/uploads\/2026\/04\/DIA-DEL-CARABINERO-2026-2-768x512.jpg 768w, https:\/\/colegiomontessori.cl\/wp2\/wp-content\/uploads\/2026\/04\/DIA-DEL-CARABINERO-2026-2-1536x1024.jpg 1536w, https:\/\/colegiomontessori.cl\/wp2\/wp-content\/uploads\/2026\/04\/DIA-DEL-CARABINERO-2026-2-2048x1365.jpg 2048w\" sizes=\"auto, (max-width: 2560px) 100vw, 2560px\" \/><\/figure>\n\n\n\n<figure class=\"wp-block-image size-full\"><img loading=\"lazy\" decoding=\"async\" width=\"2560\" height=\"1707\" data-id=\"31415\" src=\"https:\/\/colegiomontessori.cl\/wp2\/wp-content\/uploads\/2026\/04\/DIA-DEL-CARABINERO-2026-4-scaled.jpg\" alt=\"\" class=\"wp-image-31415\" srcset=\"https:\/\/colegiomontessori.cl\/wp2\/wp-content\/uploads\/2026\/04\/DIA-DEL-CARABINERO-2026-4-scaled.jpg 2560w, https:\/\/colegiomontessori.cl\/wp2\/wp-content\/uploads\/2026\/04\/DIA-DEL-CARABINERO-2026-4-300x200.jpg 300w, https:\/\/colegiomontessori.cl\/wp2\/wp-content\/uploads\/2026\/04\/DIA-DEL-CARABINERO-2026-4-1024x683.jpg 1024w, https:\/\/colegiomontessori.cl\/wp2\/wp-content\/uploads\/2026\/04\/DIA-DEL-CARABINERO-2026-4-768x512.jpg 768w, https:\/\/colegiomontessori.cl\/wp2\/wp-content\/uploads\/2026\/04\/DIA-DEL-CARABINERO-2026-4-1536x1024.jpg 1536w, https:\/\/colegiomontessori.cl\/wp2\/wp-content\/uploads\/2026\/04\/DIA-DEL-CARABINERO-2026-4-2048x1365.jpg 2048w\" sizes=\"auto, (max-width: 2560px) 100vw, 2560px\" \/><\/figure>\n\n\n\n<figure class=\"wp-block-image size-full\"><img loading=\"lazy\" decoding=\"async\" width=\"2560\" height=\"1707\" data-id=\"31418\" src=\"https:\/\/colegiomontessori.cl\/wp2\/wp-content\/uploads\/2026\/04\/DIA-DEL-CARABINERO-2026-7-scaled.jpg\" alt=\"\" class=\"wp-image-31418\" srcset=\"https:\/\/colegiomontessori.cl\/wp2\/wp-content\/uploads\/2026\/04\/DIA-DEL-CARABINERO-2026-7-scaled.jpg 2560w, https:\/\/colegiomontessori.cl\/wp2\/wp-content\/uploads\/2026\/04\/DIA-DEL-CARABINERO-2026-7-300x200.jpg 300w, https:\/\/colegiomontessori.cl\/wp2\/wp-content\/uploads\/2026\/04\/DIA-DEL-CARABINERO-2026-7-1024x683.jpg 1024w, https:\/\/colegiomontessori.cl\/wp2\/wp-content\/uploads\/2026\/04\/DIA-DEL-CARABINERO-2026-7-768x512.jpg 768w, https:\/\/colegiomontessori.cl\/wp2\/wp-content\/uploads\/2026\/04\/DIA-DEL-CARABINERO-2026-7-1536x1024.jpg 1536w, https:\/\/colegiomontessori.cl\/wp2\/wp-content\/uploads\/2026\/04\/DIA-DEL-CARABINERO-2026-7-2048x1365.jpg 2048w\" sizes=\"auto, (max-width: 2560px) 100vw, 2560px\" \/><\/figure>\n<\/figure>\n\n\n\n<p>El momento m\u00e1s esperado fue la entrega de reconocimientos realizada por los propios hijos de Carabineros, simbolizando el orgullo y la uni\u00f3n entre familia y vocaci\u00f3n de servicio.<\/p>\n\n\n\n<figure class=\"wp-block-gallery has-nested-images columns-default is-cropped wp-block-gallery-3 is-layout-flex wp-block-gallery-is-layout-flex\">\n<figure class=\"wp-block-image size-full\"><img loading=\"lazy\" decoding=\"async\" width=\"2560\" height=\"1707\" data-id=\"31416\" src=\"https:\/\/colegiomontessori.cl\/wp2\/wp-content\/uploads\/2026\/04\/DIA-DEL-CARABINERO-2026-5-scaled.jpg\" alt=\"\" class=\"wp-image-31416\" srcset=\"https:\/\/colegiomontessori.cl\/wp2\/wp-content\/uploads\/2026\/04\/DIA-DEL-CARABINERO-2026-5-scaled.jpg 2560w, https:\/\/colegiomontessori.cl\/wp2\/wp-content\/uploads\/2026\/04\/DIA-DEL-CARABINERO-2026-5-300x200.jpg 300w, https:\/\/colegiomontessori.cl\/wp2\/wp-content\/uploads\/2026\/04\/DIA-DEL-CARABINERO-2026-5-1024x683.jpg 1024w, https:\/\/colegiomontessori.cl\/wp2\/wp-content\/uploads\/2026\/04\/DIA-DEL-CARABINERO-2026-5-768x512.jpg 768w, https:\/\/colegiomontessori.cl\/wp2\/wp-content\/uploads\/2026\/04\/DIA-DEL-CARABINERO-2026-5-1536x1024.jpg 1536w, https:\/\/colegiomontessori.cl\/wp2\/wp-content\/uploads\/2026\/04\/DIA-DEL-CARABINERO-2026-5-2048x1365.jpg 2048w\" sizes=\"auto, (max-width: 2560px) 100vw, 2560px\" \/><\/figure>\n<\/figure>\n\n\n\n<p>Agradecemos profundamente la labor de todos quienes forman parte de Carabineros de Chile y especialmente a nuestras familias uniformadas que integran la comunidad Montessori.<\/p>\n\n\n\n<div class=\"wp-block-buttons alignwide is-content-justification-center is-layout-flex wp-container-core-buttons-is-layout-16018d1d wp-block-buttons-is-layout-flex\">\n<div class=\"wp-block-button\"><a class=\"wp-block-button__link has-text-align-center wp-element-button\" href=\"https:\/\/photos.app.goo.gl\/rEmsB8n89chRTqYZ9\"><strong>VER GALER\u00cdA DE FOTOS Y VIDEOS<\/strong><\/a><\/div>\n<\/div>\n\n\n\n<p><\/p>\n","protected":false},"excerpt":{"rendered":"<p>Con el tradicional acto de reconocimiento nuestra comunidad educativa celebr\u00f3 el D\u00eda del Carabinero 2026, conmemorando as\u00ed su 99\u00b0 Aniversario y rindiendo homenaje a nuestros apoderados para reconocer su compromiso, vocaci\u00f3n y entrega diaria al servicio de la ciudadan\u00eda. Tras entonar el himno nacional el Rector, Sr. Nelson Pinilla, agradeci\u00f3 la presencia de los uniformados &hellip;<\/p>\n<p class=\"read-more\"> <a class=\"\" href=\"https:\/\/colegiomontessori.cl\/wp2\/2026\/04\/30\/dia-del-carabinero-2026-un-reconocimiento-a-la-vocacion-de-servicio\/\"> <span class=\"screen-reader-text\">D\u00eda del Carabinero 2026: Un reconocimiento a la Vocaci\u00f3n de Servicio<\/span> Leer m\u00e1s &raquo;<\/a><\/p>\n","protected":false},"author":2,"featured_media":31417,"comment_status":"open","ping_status":"open","sticky":false,"template":"","format":"standard","meta":{"footnotes":""},"categories":[35],"tags":[],"class_list":["post-31411","post","type-post","status-publish","format-standard","has-post-thumbnail","hentry","category-colegio"],"_links":{"self":[{"href":"https:\/\/colegiomontessori.cl\/wp2\/wp-json\/wp\/v2\/posts\/31411","targetHints":{"allow":["GET"]}}],"collection":[{"href":"https:\/\/colegiomontessori.cl\/wp2\/wp-json\/wp\/v2\/posts"}],"about":[{"href":"https:\/\/colegiomontessori.cl\/wp2\/wp-json\/wp\/v2\/types\/post"}],"author":[{"embeddable":true,"href":"https:\/\/colegiomontessori.cl\/wp2\/wp-json\/wp\/v2\/users\/2"}],"replies":[{"embeddable":true,"href":"https:\/\/colegiomontessori.cl\/wp2\/wp-json\/wp\/v2\/comments?post=31411"}],"version-history":[{"count":3,"href":"https:\/\/colegiomontessori.cl\/wp2\/wp-json\/wp\/v2\/posts\/31411\/revisions"}],"predecessor-version":[{"id":31425,"href":"https:\/\/colegiomontessori.cl\/wp2\/wp-json\/wp\/v2\/posts\/31411\/revisions\/31425"}],"wp:featuredmedia":[{"embeddable":true,"href":"https:\/\/colegiomontessori.cl\/wp2\/wp-json\/wp\/v2\/media\/31417"}],"wp:attachment":[{"href":"https:\/\/colegiomontessori.cl\/wp2\/wp-json\/wp\/v2\/media?parent=31411"}],"wp:term":[{"taxonomy":"category","embeddable":true,"href":"https:\/\/colegiomontessori.cl\/wp2\/wp-json\/wp\/v2\/categories?post=31411"},{"taxonomy":"post_tag","embeddable":true,"href":"https:\/\/colegiomontessori.cl\/wp2\/wp-json\/wp\/v2\/tags?post=31411"}],"curies":[{"name":"wp","href":"https:\/\/api.w.org\/{rel}","templated":true}]}}