{"id":7315,"date":"2021-07-08T12:43:39","date_gmt":"2021-07-08T16:43:39","guid":{"rendered":"https:\/\/colegiomontessori.cl\/wp2\/?p=7315"},"modified":"2021-08-03T11:36:12","modified_gmt":"2021-08-03T15:36:12","slug":"colegio-montessori-destaca-a-nivel-regional-en-concurso-el-placer-de-oir-leer","status":"publish","type":"post","link":"https:\/\/colegiomontessori.cl\/wp2\/2021\/07\/08\/colegio-montessori-destaca-a-nivel-regional-en-concurso-el-placer-de-oir-leer\/","title":{"rendered":"Colegio Montessori destaca a nivel regional en concurso \u00abEl Placer de O\u00edr Leer\u00bb"},"content":{"rendered":"\n<p><strong>La estudiante de 5\u00b0A, P\u00eda Vergara, tendr\u00e1 el desaf\u00edo de representar a su Colegio por segundo a\u00f1o entre los establecimientos seleccionados de La Araucan\u00eda, en el marco del certamen nacional de lectura a viva voz.<\/strong><\/p>\n\n\n\n<p>Por segundo a\u00f1o consecutivo el Colegio Montessori de Temuco ya figura dentro de los establecimientos educacionales de la Regi\u00f3n de La Araucan\u00eda, en el marco de una nueva versi\u00f3n del concurso de lectura a viva voz \u00abEl Placer de O\u00edr Leer 2021\u00bb, organizado por Fundaci\u00f3n Yo Te Leo y Fundaci\u00f3n Ib\u00e1\u00f1ez Atkinson.<\/p>\n\n\n\n<p>En este contexto que la estudiante de 5\u00b0 a\u00f1o A de Educaci\u00f3n B\u00e1sica, P\u00eda Vergara Matamala, con la gu\u00eda y preparaci\u00f3n de su profesora de Lenguaje, Lilian Mora, tendr\u00e1 el desaf\u00edo de lucirse dentro de los once ni\u00f1os y ni\u00f1as que participar\u00e1n en la Tercera Etapa de este certamen escolar realizado a nivel nacional.  <\/p>\n\n\n\n<p>Seg\u00fan explica la profesora Paola Pinilla, Coordinadora Acad\u00e9mica de E. B\u00e1sica, este a\u00f1o la inscripci\u00f3n al concurso se realiz\u00f3 con estudiantes de 3\u00b0 y 5\u00b0 a\u00f1os, destacando por segundo a\u00f1o como clasificada, la alumna P\u00eda Vergara.<\/p>\n\n\n\n<figure class=\"wp-block-image size-large\"><img loading=\"lazy\" decoding=\"async\" width=\"1024\" height=\"747\" src=\"https:\/\/colegiomontessori.cl\/wp2\/wp-content\/uploads\/2021\/07\/araucania-oir-leer-1-1024x747.jpg\" alt=\"\" class=\"wp-image-7318\" srcset=\"https:\/\/colegiomontessori.cl\/wp2\/wp-content\/uploads\/2021\/07\/araucania-oir-leer-1-1024x747.jpg 1024w, https:\/\/colegiomontessori.cl\/wp2\/wp-content\/uploads\/2021\/07\/araucania-oir-leer-1-300x219.jpg 300w, https:\/\/colegiomontessori.cl\/wp2\/wp-content\/uploads\/2021\/07\/araucania-oir-leer-1-768x560.jpg 768w, https:\/\/colegiomontessori.cl\/wp2\/wp-content\/uploads\/2021\/07\/araucania-oir-leer-1.jpg 1471w\" sizes=\"auto, (max-width: 1024px) 100vw, 1024px\" \/><\/figure>\n\n\n\n<p><\/p>\n","protected":false},"excerpt":{"rendered":"<p>La estudiante de 5\u00b0A, P\u00eda Vergara, tendr\u00e1 el desaf\u00edo de representar a su Colegio por segundo a\u00f1o entre los establecimientos seleccionados de La Araucan\u00eda, en el marco del certamen nacional de lectura a viva voz. Por segundo a\u00f1o consecutivo el Colegio Montessori de Temuco ya figura dentro de los establecimientos educacionales de la Regi\u00f3n de &hellip;<\/p>\n<p class=\"read-more\"> <a class=\"\" href=\"https:\/\/colegiomontessori.cl\/wp2\/2021\/07\/08\/colegio-montessori-destaca-a-nivel-regional-en-concurso-el-placer-de-oir-leer\/\"> <span class=\"screen-reader-text\">Colegio Montessori destaca a nivel regional en concurso \u00abEl Placer de O\u00edr Leer\u00bb<\/span> Leer m\u00e1s &raquo;<\/a><\/p>\n","protected":false},"author":2,"featured_media":7317,"comment_status":"closed","ping_status":"open","sticky":false,"template":"","format":"standard","meta":{"footnotes":""},"categories":[21],"tags":[],"class_list":["post-7315","post","type-post","status-publish","format-standard","has-post-thumbnail","hentry","category-area-academica"],"_links":{"self":[{"href":"https:\/\/colegiomontessori.cl\/wp2\/wp-json\/wp\/v2\/posts\/7315","targetHints":{"allow":["GET"]}}],"collection":[{"href":"https:\/\/colegiomontessori.cl\/wp2\/wp-json\/wp\/v2\/posts"}],"about":[{"href":"https:\/\/colegiomontessori.cl\/wp2\/wp-json\/wp\/v2\/types\/post"}],"author":[{"embeddable":true,"href":"https:\/\/colegiomontessori.cl\/wp2\/wp-json\/wp\/v2\/users\/2"}],"replies":[{"embeddable":true,"href":"https:\/\/colegiomontessori.cl\/wp2\/wp-json\/wp\/v2\/comments?post=7315"}],"version-history":[{"count":2,"href":"https:\/\/colegiomontessori.cl\/wp2\/wp-json\/wp\/v2\/posts\/7315\/revisions"}],"predecessor-version":[{"id":7618,"href":"https:\/\/colegiomontessori.cl\/wp2\/wp-json\/wp\/v2\/posts\/7315\/revisions\/7618"}],"wp:featuredmedia":[{"embeddable":true,"href":"https:\/\/colegiomontessori.cl\/wp2\/wp-json\/wp\/v2\/media\/7317"}],"wp:attachment":[{"href":"https:\/\/colegiomontessori.cl\/wp2\/wp-json\/wp\/v2\/media?parent=7315"}],"wp:term":[{"taxonomy":"category","embeddable":true,"href":"https:\/\/colegiomontessori.cl\/wp2\/wp-json\/wp\/v2\/categories?post=7315"},{"taxonomy":"post_tag","embeddable":true,"href":"https:\/\/colegiomontessori.cl\/wp2\/wp-json\/wp\/v2\/tags?post=7315"}],"curies":[{"name":"wp","href":"https:\/\/api.w.org\/{rel}","templated":true}]}}