{"id":9535,"date":"2021-11-12T15:52:10","date_gmt":"2021-11-12T18:52:10","guid":{"rendered":"https:\/\/colegiomontessori.cl\/wp2\/?p=9535"},"modified":"2021-11-12T15:52:12","modified_gmt":"2021-11-12T18:52:12","slug":"alumnos-de-5-basico-conversaron-sobre-diversidad-e-inclusion","status":"publish","type":"post","link":"https:\/\/colegiomontessori.cl\/wp2\/2021\/11\/12\/alumnos-de-5-basico-conversaron-sobre-diversidad-e-inclusion\/","title":{"rendered":"Alumnos de 5\u00b0 b\u00e1sico conversaron sobre Diversidad e Inclusi\u00f3n"},"content":{"rendered":"\n<p><strong>\u00abTaller de G\u00e9nero\u00bb fue el nombre del conversatorio organizado por Convivencia Escolar en alianza con la OPD de la Municipalidad de Temuco.<\/strong><\/p>\n\n\n\n<p>Muy motivados y participativos se mostraron los estudiantes de 5\u00b0 a\u00f1o b\u00e1sico B de la profesora Paula Toledo, durante el \u00abTaller de G\u00e9nero\u00bb realizado por la Oficina de Derechos de Ni\u00f1os, Ni\u00f1as y Adolescentes (OPD) de la Municipalidad de Temuco.<\/p>\n\n\n\n<p>La actividad, coordinada desde el \u00e1rea de Convivencia Escolar, tuvo como relator al gestor comunitario de la OPD Temuco, Rodrigo Vald\u00e9s, quien convers\u00f3 con los alumnos sobre inclusi\u00f3n, diversidad e identidad de g\u00e9nero.<\/p>\n\n\n\n<figure class=\"wp-block-gallery columns-1 is-cropped wp-block-gallery-1 is-layout-flex wp-block-gallery-is-layout-flex\"><ul class=\"blocks-gallery-grid\"><li class=\"blocks-gallery-item\"><figure><a href=\"https:\/\/colegiomontessori.cl\/wp2\/wp-content\/uploads\/2021\/11\/taller-de-genero-opd-2.png\"><img loading=\"lazy\" decoding=\"async\" width=\"900\" height=\"516\" src=\"https:\/\/colegiomontessori.cl\/wp2\/wp-content\/uploads\/2021\/11\/taller-de-genero-opd-2.png\" alt=\"\" data-id=\"9537\" data-full-url=\"https:\/\/colegiomontessori.cl\/wp2\/wp-content\/uploads\/2021\/11\/taller-de-genero-opd-2.png\" data-link=\"https:\/\/colegiomontessori.cl\/wp2\/?attachment_id=9537\" class=\"wp-image-9537\" srcset=\"https:\/\/colegiomontessori.cl\/wp2\/wp-content\/uploads\/2021\/11\/taller-de-genero-opd-2.png 900w, https:\/\/colegiomontessori.cl\/wp2\/wp-content\/uploads\/2021\/11\/taller-de-genero-opd-2-300x172.png 300w, https:\/\/colegiomontessori.cl\/wp2\/wp-content\/uploads\/2021\/11\/taller-de-genero-opd-2-768x440.png 768w\" sizes=\"auto, (max-width: 900px) 100vw, 900px\" \/><\/a><\/figure><\/li><li class=\"blocks-gallery-item\"><figure><a href=\"https:\/\/colegiomontessori.cl\/wp2\/wp-content\/uploads\/2021\/11\/12-de-nov.jpg\"><img loading=\"lazy\" decoding=\"async\" width=\"724\" height=\"1024\" src=\"https:\/\/colegiomontessori.cl\/wp2\/wp-content\/uploads\/2021\/11\/12-de-nov-724x1024.jpg\" alt=\"\" data-id=\"9527\" data-full-url=\"https:\/\/colegiomontessori.cl\/wp2\/wp-content\/uploads\/2021\/11\/12-de-nov.jpg\" data-link=\"https:\/\/colegiomontessori.cl\/wp2\/events\/taller-somos-un-tesoro-2-basico-a\/12-de-nov\/\" class=\"wp-image-9527\" srcset=\"https:\/\/colegiomontessori.cl\/wp2\/wp-content\/uploads\/2021\/11\/12-de-nov-724x1024.jpg 724w, https:\/\/colegiomontessori.cl\/wp2\/wp-content\/uploads\/2021\/11\/12-de-nov-212x300.jpg 212w, https:\/\/colegiomontessori.cl\/wp2\/wp-content\/uploads\/2021\/11\/12-de-nov-768x1086.jpg 768w, https:\/\/colegiomontessori.cl\/wp2\/wp-content\/uploads\/2021\/11\/12-de-nov.jpg 900w\" sizes=\"auto, (max-width: 724px) 100vw, 724px\" \/><\/a><\/figure><\/li><\/ul><\/figure>\n","protected":false},"excerpt":{"rendered":"<p>\u00abTaller de G\u00e9nero\u00bb fue el nombre del conversatorio organizado por Convivencia Escolar en alianza con la OPD de la Municipalidad de Temuco. Muy motivados y participativos se mostraron los estudiantes de 5\u00b0 a\u00f1o b\u00e1sico B de la profesora Paula Toledo, durante el \u00abTaller de G\u00e9nero\u00bb realizado por la Oficina de Derechos de Ni\u00f1os, Ni\u00f1as y &hellip;<\/p>\n<p class=\"read-more\"> <a class=\"\" href=\"https:\/\/colegiomontessori.cl\/wp2\/2021\/11\/12\/alumnos-de-5-basico-conversaron-sobre-diversidad-e-inclusion\/\"> <span class=\"screen-reader-text\">Alumnos de 5\u00b0 b\u00e1sico conversaron sobre Diversidad e Inclusi\u00f3n<\/span> Leer m\u00e1s &raquo;<\/a><\/p>\n","protected":false},"author":2,"featured_media":9536,"comment_status":"closed","ping_status":"open","sticky":false,"template":"","format":"standard","meta":{"footnotes":""},"categories":[22],"tags":[],"class_list":["post-9535","post","type-post","status-publish","format-standard","has-post-thumbnail","hentry","category-convivencia-escolar"],"_links":{"self":[{"href":"https:\/\/colegiomontessori.cl\/wp2\/wp-json\/wp\/v2\/posts\/9535","targetHints":{"allow":["GET"]}}],"collection":[{"href":"https:\/\/colegiomontessori.cl\/wp2\/wp-json\/wp\/v2\/posts"}],"about":[{"href":"https:\/\/colegiomontessori.cl\/wp2\/wp-json\/wp\/v2\/types\/post"}],"author":[{"embeddable":true,"href":"https:\/\/colegiomontessori.cl\/wp2\/wp-json\/wp\/v2\/users\/2"}],"replies":[{"embeddable":true,"href":"https:\/\/colegiomontessori.cl\/wp2\/wp-json\/wp\/v2\/comments?post=9535"}],"version-history":[{"count":1,"href":"https:\/\/colegiomontessori.cl\/wp2\/wp-json\/wp\/v2\/posts\/9535\/revisions"}],"predecessor-version":[{"id":9538,"href":"https:\/\/colegiomontessori.cl\/wp2\/wp-json\/wp\/v2\/posts\/9535\/revisions\/9538"}],"wp:featuredmedia":[{"embeddable":true,"href":"https:\/\/colegiomontessori.cl\/wp2\/wp-json\/wp\/v2\/media\/9536"}],"wp:attachment":[{"href":"https:\/\/colegiomontessori.cl\/wp2\/wp-json\/wp\/v2\/media?parent=9535"}],"wp:term":[{"taxonomy":"category","embeddable":true,"href":"https:\/\/colegiomontessori.cl\/wp2\/wp-json\/wp\/v2\/categories?post=9535"},{"taxonomy":"post_tag","embeddable":true,"href":"https:\/\/colegiomontessori.cl\/wp2\/wp-json\/wp\/v2\/tags?post=9535"}],"curies":[{"name":"wp","href":"https:\/\/api.w.org\/{rel}","templated":true}]}}