{"id":9780,"date":"2021-11-24T13:00:09","date_gmt":"2021-11-24T16:00:09","guid":{"rendered":"https:\/\/colegiomontessori.cl\/wp2\/?p=9780"},"modified":"2021-11-26T18:04:36","modified_gmt":"2021-11-26T21:04:36","slug":"estudiantes-seleccionados-se-preparan-para-el-placer-de-leer-2021","status":"publish","type":"post","link":"https:\/\/colegiomontessori.cl\/wp2\/2021\/11\/24\/estudiantes-seleccionados-se-preparan-para-el-placer-de-leer-2021\/","title":{"rendered":"Estudiantes seleccionados se preparan para \u00abEl Placer de Leer 2021\u00bb"},"content":{"rendered":"\n<p><strong>Ocho son los alumnos de 3\u00b0 y 4\u00b0 a\u00f1os b\u00e1sico seleccionados para hacer gala de su lectura a viva voz el d\u00eda 10 de diciembre<\/strong>.<\/p>\n\n\n\n<p>Ya se encuentra todo listo para una versi\u00f3n del concurso de lectura a viva voz \u00abEl Placer de Leer\u00bb, actividad interna organizada desde el a\u00f1o 2013 por la Coordinaci\u00f3n de Lenguaje y Comunicaci\u00f3n en conjunto a la Coordinaci\u00f3n Acad\u00e9mica de la Jornada Tarde.<\/p>\n\n\n\n<p>Entre los videos enviados por los estudiantes en esta convocatoria dirigida a alumnos de 3\u00b0 y 4\u00b0 a\u00f1os b\u00e1sicos, ocho de ellos fueron seleccionados para presentar su lectura de forma presencial.<\/p>\n\n\n\n<p>La actividad se realizar\u00e1 el d\u00eda viernes 10 de diciembre, a las 17:30, en el sal\u00f3n auditorium de nuestro Colegio, contando tambi\u00e9n con la presencia de nuestros padres y apoderados. <\/p>\n\n\n\n<p><\/p>\n\n\n\n<p><strong>Estudiantes Seleccionados \u00abEl Placer de Leer 2021\u00bb<\/strong><\/p>\n\n\n\n<p>FRANCISCA BEL\u00c9N GUTI\u00c9RREZ MORAGA<\/p>\n\n\n\n<p>CATALINA ISIDORA MAR\u00cdN ROMO<\/p>\n\n\n\n<p>SOF\u00cdA VALENTINA MART\u00cdNEZ JARA<\/p>\n\n\n\n<p>JUAN IGNACIO PE\u00d1A FUENTES<\/p>\n\n\n\n<p>LUCIANA DE LA CERDA FRANZONI<\/p>\n\n\n\n<p>IV\u00c1N EDUARDO MELLADO VILLARROEL<\/p>\n\n\n\n<p>MART\u00cdN ALFREDO RODR\u00cdGUEZ BURGOS<\/p>\n\n\n\n<p>AMANDA CATALINA OLIVA KLIEBS<\/p>\n","protected":false},"excerpt":{"rendered":"<p>Ocho son los alumnos de 3\u00b0 y 4\u00b0 a\u00f1os b\u00e1sico seleccionados para hacer gala de su lectura a viva voz el d\u00eda 10 de diciembre. Ya se encuentra todo listo para una versi\u00f3n del concurso de lectura a viva voz \u00abEl Placer de Leer\u00bb, actividad interna organizada desde el a\u00f1o 2013 por la Coordinaci\u00f3n de &hellip;<\/p>\n<p class=\"read-more\"> <a class=\"\" href=\"https:\/\/colegiomontessori.cl\/wp2\/2021\/11\/24\/estudiantes-seleccionados-se-preparan-para-el-placer-de-leer-2021\/\"> <span class=\"screen-reader-text\">Estudiantes seleccionados se preparan para \u00abEl Placer de Leer 2021\u00bb<\/span> Leer m\u00e1s &raquo;<\/a><\/p>\n","protected":false},"author":2,"featured_media":9776,"comment_status":"closed","ping_status":"open","sticky":false,"template":"","format":"standard","meta":{"footnotes":""},"categories":[32],"tags":[],"class_list":["post-9780","post","type-post","status-publish","format-standard","has-post-thumbnail","hentry","category-lenguaje"],"_links":{"self":[{"href":"https:\/\/colegiomontessori.cl\/wp2\/wp-json\/wp\/v2\/posts\/9780","targetHints":{"allow":["GET"]}}],"collection":[{"href":"https:\/\/colegiomontessori.cl\/wp2\/wp-json\/wp\/v2\/posts"}],"about":[{"href":"https:\/\/colegiomontessori.cl\/wp2\/wp-json\/wp\/v2\/types\/post"}],"author":[{"embeddable":true,"href":"https:\/\/colegiomontessori.cl\/wp2\/wp-json\/wp\/v2\/users\/2"}],"replies":[{"embeddable":true,"href":"https:\/\/colegiomontessori.cl\/wp2\/wp-json\/wp\/v2\/comments?post=9780"}],"version-history":[{"count":4,"href":"https:\/\/colegiomontessori.cl\/wp2\/wp-json\/wp\/v2\/posts\/9780\/revisions"}],"predecessor-version":[{"id":9851,"href":"https:\/\/colegiomontessori.cl\/wp2\/wp-json\/wp\/v2\/posts\/9780\/revisions\/9851"}],"wp:featuredmedia":[{"embeddable":true,"href":"https:\/\/colegiomontessori.cl\/wp2\/wp-json\/wp\/v2\/media\/9776"}],"wp:attachment":[{"href":"https:\/\/colegiomontessori.cl\/wp2\/wp-json\/wp\/v2\/media?parent=9780"}],"wp:term":[{"taxonomy":"category","embeddable":true,"href":"https:\/\/colegiomontessori.cl\/wp2\/wp-json\/wp\/v2\/categories?post=9780"},{"taxonomy":"post_tag","embeddable":true,"href":"https:\/\/colegiomontessori.cl\/wp2\/wp-json\/wp\/v2\/tags?post=9780"}],"curies":[{"name":"wp","href":"https:\/\/api.w.org\/{rel}","templated":true}]}}